{"id":83415,"date":"2016-05-04T00:08:03","date_gmt":"2016-05-03T22:08:03","guid":{"rendered":"http:\/\/www.leccecronaca.it\/?p=83415"},"modified":"2016-05-02T19:08:34","modified_gmt":"2016-05-02T17:08:34","slug":"diario-del-giorno-dopo-locali-i-ferro-battuto-a-lequile-giovedi-5","status":"publish","type":"post","link":"https:\/\/www.leccecronaca.it\/index.php\/2016\/05\/04\/diario-del-giorno-dopo-locali-i-ferro-battuto-a-lequile-giovedi-5\/","title":{"rendered":"DIARIO DEL GIORNO DOPO \/ LOCALI \/ I FERRO BATTUTO A LEQUILE GIOVEDI&#8217; 5"},"content":{"rendered":"<p><img decoding=\"async\" loading=\"lazy\" width=\"522\" height=\"960\" title=\"10563070_10204063512403567_9160701737775567086_n\" class=\"alignleft size-full wp-image-83416\" alt=\"\" src=\"https:\/\/www.leccecronaca.it\/wordpress\/wp-content\/uploads\/2016\/05\/10563070_10204063512403567_9160701737775567086_n.jpg\" srcset=\"https:\/\/www.leccecronaca.it\/wordpress\/wp-content\/uploads\/2016\/05\/10563070_10204063512403567_9160701737775567086_n.jpg 522w, https:\/\/www.leccecronaca.it\/wordpress\/wp-content\/uploads\/2016\/05\/10563070_10204063512403567_9160701737775567086_n-163x300.jpg 163w\" sizes=\"(max-width: 522px) 100vw, 522px\" \/>Gioved\u00ec 5 maggio, alle 22, a Lequile, all&#8217; Exit 101 Caf\u00e8, in via Salvatore Fitto, ci sar\u00e0 un concerto dei Ferro Battuto, la prima tribute band del Sud Italia con voce femminile che omaggia il Maestro Franco Battiato.<\/p>\n<p>Con la voce di Cecilia Ramone, sul palco il chitarrista elettrico Luca Caracciolo,\u00a0il chitarrista acustico Giorgio Inguscio,\u00a0il bassista Dario Musca, e il batterista Franco De Donno.<\/p>\n<p>Ingresso libero.<\/p>\n<fb:like href='https:\/\/www.leccecronaca.it\/index.php\/2016\/05\/04\/diario-del-giorno-dopo-locali-i-ferro-battuto-a-lequile-giovedi-5\/' send='true' layout='button_count' show_faces='true' width='450' height='65' action='recommend' colorscheme='light' font='lucida grande'><\/fb:like><span class=\"fb_share\"><fb:like href=\"https:\/\/www.leccecronaca.it\/index.php\/2016\/05\/04\/diario-del-giorno-dopo-locali-i-ferro-battuto-a-lequile-giovedi-5\/\" layout=\"button_count\"><\/fb:like><\/span>","protected":false},"excerpt":{"rendered":"<p>Gioved\u00ec 5 maggio, alle 22, a Lequile, all&#8217; Exit 101 Caf\u00e8, in via Salvatore Fitto, ci sar\u00e0 un concerto dei Ferro Battuto, la prima tribute band del Sud Italia con voce femminile che omaggia il Maestro Franco Battiato. Con la voce di Cecilia Ramone, sul palco il chitarrista elettrico Luca Caracciolo,\u00a0il chitarrista acustico Giorgio Inguscio,\u00a0il [&hellip;]<\/p>\n","protected":false},"author":4,"featured_media":83416,"comment_status":"open","ping_status":"closed","sticky":false,"template":"","format":"standard","meta":[],"categories":[1],"tags":[],"_links":{"self":[{"href":"https:\/\/www.leccecronaca.it\/index.php\/wp-json\/wp\/v2\/posts\/83415"}],"collection":[{"href":"https:\/\/www.leccecronaca.it\/index.php\/wp-json\/wp\/v2\/posts"}],"about":[{"href":"https:\/\/www.leccecronaca.it\/index.php\/wp-json\/wp\/v2\/types\/post"}],"author":[{"embeddable":true,"href":"https:\/\/www.leccecronaca.it\/index.php\/wp-json\/wp\/v2\/users\/4"}],"replies":[{"embeddable":true,"href":"https:\/\/www.leccecronaca.it\/index.php\/wp-json\/wp\/v2\/comments?post=83415"}],"version-history":[{"count":1,"href":"https:\/\/www.leccecronaca.it\/index.php\/wp-json\/wp\/v2\/posts\/83415\/revisions"}],"predecessor-version":[{"id":83417,"href":"https:\/\/www.leccecronaca.it\/index.php\/wp-json\/wp\/v2\/posts\/83415\/revisions\/83417"}],"wp:featuredmedia":[{"embeddable":true,"href":"https:\/\/www.leccecronaca.it\/index.php\/wp-json\/wp\/v2\/media\/83416"}],"wp:attachment":[{"href":"https:\/\/www.leccecronaca.it\/index.php\/wp-json\/wp\/v2\/media?parent=83415"}],"wp:term":[{"taxonomy":"category","embeddable":true,"href":"https:\/\/www.leccecronaca.it\/index.php\/wp-json\/wp\/v2\/categories?post=83415"},{"taxonomy":"post_tag","embeddable":true,"href":"https:\/\/www.leccecronaca.it\/index.php\/wp-json\/wp\/v2\/tags?post=83415"}],"curies":[{"name":"wp","href":"https:\/\/api.w.org\/{rel}","templated":true}]}}