{"id":83432,"date":"2016-05-02T20:14:07","date_gmt":"2016-05-02T18:14:07","guid":{"rendered":"http:\/\/www.leccecronaca.it\/?p=83432"},"modified":"2016-05-02T20:40:20","modified_gmt":"2016-05-02T18:40:20","slug":"un-cordiale-benvenuto-al-premier","status":"publish","type":"post","link":"https:\/\/www.leccecronaca.it\/index.php\/2016\/05\/02\/un-cordiale-benvenuto-al-premier\/","title":{"rendered":"UN CORDIALE BENVENUTO AL PREMIER"},"content":{"rendered":"<p><img decoding=\"async\" loading=\"lazy\" width=\"960\" height=\"716\" title=\"13091961_10208154956985333_67978799820107355_n\" class=\"alignleft size-full wp-image-83433\" alt=\"\" src=\"https:\/\/www.leccecronaca.it\/wordpress\/wp-content\/uploads\/2016\/05\/13091961_10208154956985333_67978799820107355_n.jpg\" srcset=\"https:\/\/www.leccecronaca.it\/wordpress\/wp-content\/uploads\/2016\/05\/13091961_10208154956985333_67978799820107355_n.jpg 960w, https:\/\/www.leccecronaca.it\/wordpress\/wp-content\/uploads\/2016\/05\/13091961_10208154956985333_67978799820107355_n-300x224.jpg 300w, https:\/\/www.leccecronaca.it\/wordpress\/wp-content\/uploads\/2016\/05\/13091961_10208154956985333_67978799820107355_n-768x573.jpg 768w\" sizes=\"(max-width: 960px) 100vw, 960px\" \/>(Rdl)_____Come gli succede oramai con regolarit\u00e0 quotidiana, da mesi, ogni volta che si reca in visita in qualche citt\u00e0 italiana, ma come documentano solamente i social network con foto e video, che telegiornali e quotidiani cartacei evitano accuratamente di riprendere, anche oggi il presidente del consiglio \u00e8 stato duramente contestato dai cittadini.<\/p>\n<p>Ma oggi \u00e8 successo a Matera, che, come \u00e8 noto, \u00e8 stata designata quale capitale europea della cultura 2019, e la contestazione, di diverse\u00a0decine di persone, che hanno urlato la loro rabbia soprattutto per la\u00a0\u00a0gestione della questione petrolifera, con cartelli e striscioni, si \u00e8 esercitata anche, da par suo,<img decoding=\"async\" loading=\"lazy\" width=\"200\" height=\"200\" title=\"image-15-200x200\" class=\"alignleft size-full wp-image-83441\" alt=\"\" src=\"https:\/\/www.leccecronaca.it\/wordpress\/wp-content\/uploads\/2016\/05\/image-15-200x200.jpg\" srcset=\"https:\/\/www.leccecronaca.it\/wordpress\/wp-content\/uploads\/2016\/05\/image-15-200x200.jpg 200w, https:\/\/www.leccecronaca.it\/wordpress\/wp-content\/uploads\/2016\/05\/image-15-200x200-150x150.jpg 150w, https:\/\/www.leccecronaca.it\/wordpress\/wp-content\/uploads\/2016\/05\/image-15-200x200-60x60.jpg 60w\" sizes=\"(max-width: 200px) 100vw, 200px\" \/><img decoding=\"async\" loading=\"lazy\" width=\"200\" height=\"200\" title=\"image-13-200x200\" class=\"alignleft size-full wp-image-83440\" alt=\"\" src=\"https:\/\/www.leccecronaca.it\/wordpress\/wp-content\/uploads\/2016\/05\/image-13-200x200.jpg\" srcset=\"https:\/\/www.leccecronaca.it\/wordpress\/wp-content\/uploads\/2016\/05\/image-13-200x200.jpg 200w, https:\/\/www.leccecronaca.it\/wordpress\/wp-content\/uploads\/2016\/05\/image-13-200x200-150x150.jpg 150w, https:\/\/www.leccecronaca.it\/wordpress\/wp-content\/uploads\/2016\/05\/image-13-200x200-60x60.jpg 60w\" sizes=\"(max-width: 200px) 100vw, 200px\" \/> in dotte citazioni di benvenuto.<\/p>\n<p>E adesso, che far\u00e0 Matteo Renzi di questa nostra doverosa testimonianza? Si lamenter\u00e0 di nuovo di leccecronaca.it alla prossima direzione nazionale del Pd?<\/p>\n<fb:like href='https:\/\/www.leccecronaca.it\/index.php\/2016\/05\/02\/un-cordiale-benvenuto-al-premier\/' send='true' layout='button_count' show_faces='true' width='450' height='65' action='recommend' colorscheme='light' font='lucida grande'><\/fb:like><span class=\"fb_share\"><fb:like href=\"https:\/\/www.leccecronaca.it\/index.php\/2016\/05\/02\/un-cordiale-benvenuto-al-premier\/\" layout=\"button_count\"><\/fb:like><\/span>","protected":false},"excerpt":{"rendered":"<p>(Rdl)_____Come gli succede oramai con regolarit\u00e0 quotidiana, da mesi, ogni volta che si reca in visita in qualche citt\u00e0 italiana, ma come documentano solamente i social network con foto e video, che telegiornali e quotidiani cartacei evitano accuratamente di riprendere, anche oggi il presidente del consiglio \u00e8 stato duramente contestato dai cittadini. Ma oggi \u00e8 [&hellip;]<\/p>\n","protected":false},"author":4,"featured_media":83433,"comment_status":"open","ping_status":"closed","sticky":false,"template":"","format":"standard","meta":[],"categories":[69,76],"tags":[],"_links":{"self":[{"href":"https:\/\/www.leccecronaca.it\/index.php\/wp-json\/wp\/v2\/posts\/83432"}],"collection":[{"href":"https:\/\/www.leccecronaca.it\/index.php\/wp-json\/wp\/v2\/posts"}],"about":[{"href":"https:\/\/www.leccecronaca.it\/index.php\/wp-json\/wp\/v2\/types\/post"}],"author":[{"embeddable":true,"href":"https:\/\/www.leccecronaca.it\/index.php\/wp-json\/wp\/v2\/users\/4"}],"replies":[{"embeddable":true,"href":"https:\/\/www.leccecronaca.it\/index.php\/wp-json\/wp\/v2\/comments?post=83432"}],"version-history":[{"count":8,"href":"https:\/\/www.leccecronaca.it\/index.php\/wp-json\/wp\/v2\/posts\/83432\/revisions"}],"predecessor-version":[{"id":83437,"href":"https:\/\/www.leccecronaca.it\/index.php\/wp-json\/wp\/v2\/posts\/83432\/revisions\/83437"}],"wp:featuredmedia":[{"embeddable":true,"href":"https:\/\/www.leccecronaca.it\/index.php\/wp-json\/wp\/v2\/media\/83433"}],"wp:attachment":[{"href":"https:\/\/www.leccecronaca.it\/index.php\/wp-json\/wp\/v2\/media?parent=83432"}],"wp:term":[{"taxonomy":"category","embeddable":true,"href":"https:\/\/www.leccecronaca.it\/index.php\/wp-json\/wp\/v2\/categories?post=83432"},{"taxonomy":"post_tag","embeddable":true,"href":"https:\/\/www.leccecronaca.it\/index.php\/wp-json\/wp\/v2\/tags?post=83432"}],"curies":[{"name":"wp","href":"https:\/\/api.w.org\/{rel}","templated":true}]}}