{"id":83613,"date":"2016-05-04T17:33:52","date_gmt":"2016-05-04T15:33:52","guid":{"rendered":"http:\/\/www.leccecronaca.it\/?p=83613"},"modified":"2016-05-05T13:51:21","modified_gmt":"2016-05-05T11:51:21","slug":"xylella-casili-lancia-lallarme-comincia-la-nuova-mattanza-degli-ulivi-e-noi-diciamo-grazie-presidente","status":"publish","type":"post","link":"https:\/\/www.leccecronaca.it\/index.php\/2016\/05\/04\/xylella-casili-lancia-lallarme-comincia-la-nuova-mattanza-degli-ulivi-e-noi-diciamo-grazie-presidente\/","title":{"rendered":"XYLELLA, CASILI LANCIA L\u2019 ALLARME: COMINCIA LA NUOVA MATTANZA DEGLI ULIVI. E NOI DICIAMO: GRAZIE PRESIDENTE EMILIANO!"},"content":{"rendered":"<p><strong><img decoding=\"async\" loading=\"lazy\" width=\"768\" height=\"554\" title=\"CC\" class=\"alignleft size-full wp-image-83692\" alt=\"\" src=\"https:\/\/www.leccecronaca.it\/wordpress\/wp-content\/uploads\/2016\/05\/CC.jpg\" srcset=\"https:\/\/www.leccecronaca.it\/wordpress\/wp-content\/uploads\/2016\/05\/CC.jpg 768w, https:\/\/www.leccecronaca.it\/wordpress\/wp-content\/uploads\/2016\/05\/CC-300x216.jpg 300w\" sizes=\"(max-width: 768px) 100vw, 768px\" \/>di<\/strong><em><strong> Eleonora Ciminiello______<\/strong><\/em>Il nuovo piano per contrastare il batterio entro questo mese obbliga i proprietari di piante di ulivo ad effettuare la sbrancatura, cio\u00e8 il taglio di grossi rami anche secolari. In merito \u00e8 intervenuto il consigliere regionale M5S Cristian Casili, agronomo e vicepresidente della Commissione Ambiente:<br \/>\n<em>\u201cE\u2019 cos\u00ec cominciata di nuovo la\u00a0<strong>mattanza dell&#8217;ulivo\u00a0<\/strong>in quelle che dovrebbero essere le aree di contenimento della cicalina\u00a0<\/em><strong>&#8211; <\/strong>dichiara<strong> Casili &#8211;<\/strong><em>\u00a0Il nuovo piano prevede il ricorso generalizzato a potature, che in realt\u00e0 sono capitozzature.\u00a0<strong>Una manovra non solo sbagliata ma addirittura dannosa <\/strong>dal momento che, quando un ulivo \u00e8 potato\u00a0drasticamente<strong> &#8211; <\/strong><\/em>prosegue il consigliere pentastellato<em><strong> &#8211;<\/strong>\u00a0o meglio martoriato, tende ad emettere costantemente nuovi ricacci dal piede fino alle branche mutilate;\u00a0proprio questi ricacci teneri sono quelli pi\u00f9 appetiti dal vettore, questo lo dicono gli stessi esperti degli osservatori fitosanitari che hanno scritto il piano degli interventi. Quindi <strong>ci chiediamo dove sia la coerenza?<\/strong> Per giunta\u00a0<\/em><strong>&#8211; <\/strong>sottolinea il consigliere M5S<strong> &#8211;<\/strong><em>\u00a0<strong>questo tipo di interventi verr\u00e0 finanziato con una apposita misura del PSR<\/strong>. Cos\u00ec si configurer\u00e0 il disastro: tra chi speculer\u00e0 sulle risorse regionali e chi sulla vendita di tonnellate di legna. Altro che abbattimenti, il triste sospetto \u00e8 che lo scenario che ci attende sia ben pi\u00f9 preoccupante.\u201d<\/em><\/p>\n<p>Il consigliere dei cinquestelle, agronomo di professione, sottolinea come le capitozzature non solo arrechino un\u00a0<strong>danno permanente al patrimonio arboreo pugliese<\/strong>, ma espongono gli ulivi ad altre malattie indebolendoli ulteriormente. Nella zona della Castellana nel Gallipolino, area definita come focolaio iniziale, le capitozzature attuate da tempo hanno fatto molti danni e hanno comunque aumentato i disseccamenti.<\/p>\n<p><em>\u201c<strong>\u00c8 folle e stupido pensare di contenere il vettore<\/strong>, la sputacchina, spogliando solo temporaneamente l&#8217;ulivo mentre le campagne e le aree periurbane sono in stato di degrado ed abbandono, ridotte a discariche a cielo aperto che costituirebbero comunque un teatro di diffusione dell&#8217;insetto vettore con le erbacee alte pi\u00f9 di un metro. Smettiamola di prenderci in giro\u00a0<\/em><strong>&#8211;<\/strong> insiste con forza Casili<strong> &#8211;<\/strong><em>\u00a0e, soprattutto, di devastare l&#8217;olivocoltura salentina.\u201d<\/em><\/p>\n<p>Il consigliere pentastellato conclude con un<strong> monito agli olivicoltori:<\/strong>\u00a0<em>\u201cAgli olivicoltori dico di\u00a0<strong>non capitozzare e di procedere a potature selettive e graduali<\/strong>\u00a0man mano che si incontra legno degradato, cos\u00ec come si \u00e8 sempre fatto e caso per caso. Per il resto\u00a0<\/em><strong>&#8211; <\/strong>conclude<strong> &#8211;<\/strong><em>\u00a0sar\u00e0 battaglia contro chi vuol perseverare a disintegrare il nostro patrimonio arboreo.\u201d<\/em><\/p>\n<p>A sentire il consigliere Cristian Casili, il quale in maniera molto chiara e puntuale descrive lo stato delle cose riguardo al piano degli interventi messi a punto per contrastare la diffusione di xylella e del suo vettore, ci chiediamo a quale mente illuminata si \u00e8 affidato il presidente della Regione Puglia Michele Emiliano per mettere a punto tale abominio. Gli \u00e8 stato suggerito da quei ricercatori baresi tuttora indagati? Da qualcuno loro vicino? Dall&#8217;universo delle lobby che ha tutto l&#8217;interesse a veder svuotato il Salento del suo patrimonio per poi magari acquistare i terreni per pochi spiccioli? Dai promotori finanziari di Agromillora? Da chi?<\/p>\n<p>Ce lo chiediamo, e vorremmo tanto ottenere delle risposte. Ma si sa, purtroppo non tutti i membri del mondo politico sono uguali: c&#8217;\u00e8 chi affronta le questioni a volto scoperto e chi per mostrarsi in pubblico indossa una maschera, spesso acquistata da un rigattiere di seconda mano.<\/p>\n<fb:like href='https:\/\/www.leccecronaca.it\/index.php\/2016\/05\/04\/xylella-casili-lancia-lallarme-comincia-la-nuova-mattanza-degli-ulivi-e-noi-diciamo-grazie-presidente\/' send='true' layout='button_count' show_faces='true' width='450' height='65' action='recommend' colorscheme='light' font='lucida grande'><\/fb:like><span class=\"fb_share\"><fb:like href=\"https:\/\/www.leccecronaca.it\/index.php\/2016\/05\/04\/xylella-casili-lancia-lallarme-comincia-la-nuova-mattanza-degli-ulivi-e-noi-diciamo-grazie-presidente\/\" layout=\"button_count\"><\/fb:like><\/span>","protected":false},"excerpt":{"rendered":"<p>di Eleonora Ciminiello______Il nuovo piano per contrastare il batterio entro questo mese obbliga i proprietari di piante di ulivo ad effettuare la sbrancatura, cio\u00e8 il taglio di grossi rami anche secolari. In merito \u00e8 intervenuto il consigliere regionale M5S Cristian Casili, agronomo e vicepresidente della Commissione Ambiente: \u201cE\u2019 cos\u00ec cominciata di nuovo la\u00a0mattanza dell&#8217;ulivo\u00a0in quelle [&hellip;]<\/p>\n","protected":false},"author":4,"featured_media":83692,"comment_status":"open","ping_status":"closed","sticky":false,"template":"","format":"standard","meta":[],"categories":[1,69,76],"tags":[44],"_links":{"self":[{"href":"https:\/\/www.leccecronaca.it\/index.php\/wp-json\/wp\/v2\/posts\/83613"}],"collection":[{"href":"https:\/\/www.leccecronaca.it\/index.php\/wp-json\/wp\/v2\/posts"}],"about":[{"href":"https:\/\/www.leccecronaca.it\/index.php\/wp-json\/wp\/v2\/types\/post"}],"author":[{"embeddable":true,"href":"https:\/\/www.leccecronaca.it\/index.php\/wp-json\/wp\/v2\/users\/4"}],"replies":[{"embeddable":true,"href":"https:\/\/www.leccecronaca.it\/index.php\/wp-json\/wp\/v2\/comments?post=83613"}],"version-history":[{"count":10,"href":"https:\/\/www.leccecronaca.it\/index.php\/wp-json\/wp\/v2\/posts\/83613\/revisions"}],"predecessor-version":[{"id":83694,"href":"https:\/\/www.leccecronaca.it\/index.php\/wp-json\/wp\/v2\/posts\/83613\/revisions\/83694"}],"wp:featuredmedia":[{"embeddable":true,"href":"https:\/\/www.leccecronaca.it\/index.php\/wp-json\/wp\/v2\/media\/83692"}],"wp:attachment":[{"href":"https:\/\/www.leccecronaca.it\/index.php\/wp-json\/wp\/v2\/media?parent=83613"}],"wp:term":[{"taxonomy":"category","embeddable":true,"href":"https:\/\/www.leccecronaca.it\/index.php\/wp-json\/wp\/v2\/categories?post=83613"},{"taxonomy":"post_tag","embeddable":true,"href":"https:\/\/www.leccecronaca.it\/index.php\/wp-json\/wp\/v2\/tags?post=83613"}],"curies":[{"name":"wp","href":"https:\/\/api.w.org\/{rel}","templated":true}]}}