{"id":83652,"date":"2016-05-06T00:08:20","date_gmt":"2016-05-05T22:08:20","guid":{"rendered":"http:\/\/www.leccecronaca.it\/?p=83652"},"modified":"2016-05-06T20:24:10","modified_gmt":"2016-05-06T18:24:10","slug":"dafarecolprimochepersa7-diario-del-giorno-dopo-sabato-7","status":"publish","type":"post","link":"https:\/\/www.leccecronaca.it\/index.php\/2016\/05\/06\/dafarecolprimochepersa7-diario-del-giorno-dopo-sabato-7\/","title":{"rendered":"DIARIO DEL GIORNO DOPO \/ MANIFESTAZIONI \/ NO TTIP, CONTRO IL TRATTATO A ROMA SABATO 7"},"content":{"rendered":"<p><img decoding=\"async\" loading=\"lazy\" width=\"1024\" height=\"682\" title=\"No-TTIP-Jess-Hurd-3\" class=\"alignleft size-large wp-image-83699\" alt=\"\" src=\"https:\/\/www.leccecronaca.it\/wordpress\/wp-content\/uploads\/2016\/05\/No-TTIP-Jess-Hurd-3-1024x682.jpg\" \/>La Cgil di Lecce rende note motivazioni dell&#8217; adesione e modalit\u00e0 organizzative\u00a0per la\u00a0manifestazione nazionale di Roma di sabato 7 contro il TTIP.\u00a0Ecco quanto l&#8217; organizzazione sindacale ha comunicato______<\/p>\n<p>Sabato 7 maggio, alle 14.30, si svolger\u00e0 a Roma la manifestazione nazionale \u201cPer fermare il TTIP\u201d. Si tratta di una tappa fondamentale della lunga e intensa campagna di informazione e sensibilizzazione sul tema del trattato transatlantico di liberalizzazione commerciale Europa-Usa. Campagna a cui hanno contribuito, oltre alle varie associazioni promotrici, anche la Cgil e la Flai Cgil, componenti dei Comitati Stop-TTIP, e a cui hanno aderito, peraltro, diverse amministrazioni comunali attraverso l\u2019approvazione di delibere in Consiglio o, in ogni caso, manifestando pubblicamente una posizione di contrariet\u00e0 circa lo svolgimento dell\u2019iter del Trattato.<\/p>\n<p>Per la manifestazione del 7 maggio, la Cgil Puglia e la Flai regionale, componenti del Comitato regionale Stop TTIP, in collaborazione con le Associazioni promotrici della manifestazione, hanno organizzato due autobus, uno in partenza da Lecce, l\u2019altro con partenza da Bari e fermate in altre province.<\/p>\n<p>Nell\u2019accordo del TTIP c\u2019\u00e8 l\u2019abbattimento di regolamentazioni, standard, normative e dazi per aumentare i commerci transatlantici. In Puglia \u00e8 stata espressa particolare preoccupazione per ci\u00f2 che riguarda il settore agroalimentare, la qualit\u00e0 del cibo (permetterebbe l\u2019utilizzo di pesticidi ora banditi in Europa e la possibile importazione di Organismi geneticamente modificati), la tutela delle nostre 271 tipicit\u00e0 riconosciute (l\u2019accordo rafforzerebbe il mercato estero di pochi grandi marchi).<\/p>\n<p>&nbsp;<\/p>\n<p>Il contrasto al TTIP \u00e8 una grande e pacifica battaglia dei cittadini europei e americani. \u00c8 una battaglia \u201cper\u201d, tanto quanto una battaglia \u201ccontro\u201d\u201d: per l\u2019informazione, la trasparenza e la democrazia, per un\u2019economia a misura delle persone e dei territori, per i diritti, per l\u2019ambiente, il lavoro, la salute, la formazione; contro chi \u2013 giocando sulla disinformazione, il silenzio e l\u2019opacit\u00e0 \u2013 vuole continuare a comprimere i diritti e a ridurre gli spazi per la partecipazione democratica dei cittadini alle decisioni che li riguardano: riducendo, ulteriormente, definitivamente i beni comuni, il lavoro, l\u2019ambiente, la salute, la formazione a merci da cui estrarre profitto, senza alcun riguardo per la qualit\u00e0 della vita delle persone (ridotte esse stesse a merce).<\/p>\n<p>Per informazioni e adesioni alla manifestazione: email: stopttip.puglia@libero.it; Per contatti: 347 0498902 (Monica Accogli Segr. Prov. Flai Cgil Lecce)<\/p>\n<p>&nbsp;<\/p>\n<p>&nbsp;<\/p>\n<p>&nbsp;<\/p>\n<p>&nbsp;<\/p>\n<fb:like href='https:\/\/www.leccecronaca.it\/index.php\/2016\/05\/06\/dafarecolprimochepersa7-diario-del-giorno-dopo-sabato-7\/' send='true' layout='button_count' show_faces='true' width='450' height='65' action='recommend' colorscheme='light' font='lucida grande'><\/fb:like><span class=\"fb_share\"><fb:like href=\"https:\/\/www.leccecronaca.it\/index.php\/2016\/05\/06\/dafarecolprimochepersa7-diario-del-giorno-dopo-sabato-7\/\" layout=\"button_count\"><\/fb:like><\/span>","protected":false},"excerpt":{"rendered":"<p>La Cgil di Lecce rende note motivazioni dell&#8217; adesione e modalit\u00e0 organizzative\u00a0per la\u00a0manifestazione nazionale di Roma di sabato 7 contro il TTIP.\u00a0Ecco quanto l&#8217; organizzazione sindacale ha comunicato______ Sabato 7 maggio, alle 14.30, si svolger\u00e0 a Roma la manifestazione nazionale \u201cPer fermare il TTIP\u201d. Si tratta di una tappa fondamentale della lunga e intensa campagna [&hellip;]<\/p>\n","protected":false},"author":4,"featured_media":83699,"comment_status":"open","ping_status":"closed","sticky":false,"template":"","format":"standard","meta":[],"categories":[75],"tags":[],"_links":{"self":[{"href":"https:\/\/www.leccecronaca.it\/index.php\/wp-json\/wp\/v2\/posts\/83652"}],"collection":[{"href":"https:\/\/www.leccecronaca.it\/index.php\/wp-json\/wp\/v2\/posts"}],"about":[{"href":"https:\/\/www.leccecronaca.it\/index.php\/wp-json\/wp\/v2\/types\/post"}],"author":[{"embeddable":true,"href":"https:\/\/www.leccecronaca.it\/index.php\/wp-json\/wp\/v2\/users\/4"}],"replies":[{"embeddable":true,"href":"https:\/\/www.leccecronaca.it\/index.php\/wp-json\/wp\/v2\/comments?post=83652"}],"version-history":[{"count":4,"href":"https:\/\/www.leccecronaca.it\/index.php\/wp-json\/wp\/v2\/posts\/83652\/revisions"}],"predecessor-version":[{"id":83863,"href":"https:\/\/www.leccecronaca.it\/index.php\/wp-json\/wp\/v2\/posts\/83652\/revisions\/83863"}],"wp:featuredmedia":[{"embeddable":true,"href":"https:\/\/www.leccecronaca.it\/index.php\/wp-json\/wp\/v2\/media\/83699"}],"wp:attachment":[{"href":"https:\/\/www.leccecronaca.it\/index.php\/wp-json\/wp\/v2\/media?parent=83652"}],"wp:term":[{"taxonomy":"category","embeddable":true,"href":"https:\/\/www.leccecronaca.it\/index.php\/wp-json\/wp\/v2\/categories?post=83652"},{"taxonomy":"post_tag","embeddable":true,"href":"https:\/\/www.leccecronaca.it\/index.php\/wp-json\/wp\/v2\/tags?post=83652"}],"curies":[{"name":"wp","href":"https:\/\/api.w.org\/{rel}","templated":true}]}}