{"id":83656,"date":"2016-05-04T21:02:40","date_gmt":"2016-05-04T19:02:40","guid":{"rendered":"http:\/\/www.leccecronaca.it\/?p=83656"},"modified":"2016-05-04T21:02:40","modified_gmt":"2016-05-04T19:02:40","slug":"problemi-per-la-fase-finale-in-centro-citta-della-raccolta-differenziata","status":"publish","type":"post","link":"https:\/\/www.leccecronaca.it\/index.php\/2016\/05\/04\/problemi-per-la-fase-finale-in-centro-citta-della-raccolta-differenziata\/","title":{"rendered":"PROBLEMI PER LA FASE FINALE IN CENTRO CITTA&#8217; DELLA RACCOLTA DIFFERENZIATA"},"content":{"rendered":"<p><img decoding=\"async\" loading=\"lazy\" width=\"700\" height=\"525\" title=\"rino\" class=\"alignleft size-full wp-image-83657\" alt=\"\" src=\"https:\/\/www.leccecronaca.it\/wordpress\/wp-content\/uploads\/2016\/05\/rino.jpg\" srcset=\"https:\/\/www.leccecronaca.it\/wordpress\/wp-content\/uploads\/2016\/05\/rino.jpg 700w, https:\/\/www.leccecronaca.it\/wordpress\/wp-content\/uploads\/2016\/05\/rino-300x225.jpg 300w, https:\/\/www.leccecronaca.it\/wordpress\/wp-content\/uploads\/2016\/05\/rino-400x300.jpg 400w\" sizes=\"(max-width: 700px) 100vw, 700px\" \/>(e.l.)______Ancora polemiche sulla\u00a0raccolta differenziata porta a porta a Lecce citt\u00e0, oramai a completamento. Ma \u00e8 proprio quest&#8217; ultima fase che sembra la pi\u00f9 contestata. Giovanni D&#8217; Agata segnala che\u00a0nei quartieri centrali, in particolare nella zona di piazza Ariosto (nella foto, via Colonnello Costadura), sono stati tolti i cassonetti dalle strade, o almeno da alcune, senza che ai cittadini o ai condomini interessati siano stati forniti i kit.<\/p>\n<p>Secondo quanto riferisce il presidente dell&#8217; associazione &#8216;Sportello dei diritti&#8217;, molti hanno quindi contattato la ditta responsabile, la Monteco, i cui operatori avrebbero letteralmente invitato ad arrangiarsi e a buttare l&#8217;indifferenziata nei pochi cassonetti rimasti, con\u00a0conseguenti accumuli che danneggiano il decoro urbano e\u00a0sono pericolosi per l&#8217; igiene pubblica: la solita approssimazione dell&#8217;amministrazione comunale per un&#8217; altra situazione assurda.<\/p>\n<p>&nbsp;<\/p>\n<p>&nbsp;<\/p>\n<p>&nbsp;<\/p>\n<p>&nbsp;<\/p>\n<fb:like href='https:\/\/www.leccecronaca.it\/index.php\/2016\/05\/04\/problemi-per-la-fase-finale-in-centro-citta-della-raccolta-differenziata\/' send='true' layout='button_count' show_faces='true' width='450' height='65' action='recommend' colorscheme='light' font='lucida grande'><\/fb:like><span class=\"fb_share\"><fb:like href=\"https:\/\/www.leccecronaca.it\/index.php\/2016\/05\/04\/problemi-per-la-fase-finale-in-centro-citta-della-raccolta-differenziata\/\" layout=\"button_count\"><\/fb:like><\/span>","protected":false},"excerpt":{"rendered":"<p>(e.l.)______Ancora polemiche sulla\u00a0raccolta differenziata porta a porta a Lecce citt\u00e0, oramai a completamento. Ma \u00e8 proprio quest&#8217; ultima fase che sembra la pi\u00f9 contestata. Giovanni D&#8217; Agata segnala che\u00a0nei quartieri centrali, in particolare nella zona di piazza Ariosto (nella foto, via Colonnello Costadura), sono stati tolti i cassonetti dalle strade, o almeno da alcune, senza [&hellip;]<\/p>\n","protected":false},"author":4,"featured_media":83657,"comment_status":"open","ping_status":"closed","sticky":false,"template":"","format":"standard","meta":[],"categories":[69],"tags":[],"_links":{"self":[{"href":"https:\/\/www.leccecronaca.it\/index.php\/wp-json\/wp\/v2\/posts\/83656"}],"collection":[{"href":"https:\/\/www.leccecronaca.it\/index.php\/wp-json\/wp\/v2\/posts"}],"about":[{"href":"https:\/\/www.leccecronaca.it\/index.php\/wp-json\/wp\/v2\/types\/post"}],"author":[{"embeddable":true,"href":"https:\/\/www.leccecronaca.it\/index.php\/wp-json\/wp\/v2\/users\/4"}],"replies":[{"embeddable":true,"href":"https:\/\/www.leccecronaca.it\/index.php\/wp-json\/wp\/v2\/comments?post=83656"}],"version-history":[{"count":1,"href":"https:\/\/www.leccecronaca.it\/index.php\/wp-json\/wp\/v2\/posts\/83656\/revisions"}],"predecessor-version":[{"id":83658,"href":"https:\/\/www.leccecronaca.it\/index.php\/wp-json\/wp\/v2\/posts\/83656\/revisions\/83658"}],"wp:featuredmedia":[{"embeddable":true,"href":"https:\/\/www.leccecronaca.it\/index.php\/wp-json\/wp\/v2\/media\/83657"}],"wp:attachment":[{"href":"https:\/\/www.leccecronaca.it\/index.php\/wp-json\/wp\/v2\/media?parent=83656"}],"wp:term":[{"taxonomy":"category","embeddable":true,"href":"https:\/\/www.leccecronaca.it\/index.php\/wp-json\/wp\/v2\/categories?post=83656"},{"taxonomy":"post_tag","embeddable":true,"href":"https:\/\/www.leccecronaca.it\/index.php\/wp-json\/wp\/v2\/tags?post=83656"}],"curies":[{"name":"wp","href":"https:\/\/api.w.org\/{rel}","templated":true}]}}