{"id":84232,"date":"2016-05-13T00:08:45","date_gmt":"2016-05-12T22:08:45","guid":{"rendered":"http:\/\/www.leccecronaca.it\/?p=84232"},"modified":"2016-05-10T15:55:26","modified_gmt":"2016-05-10T13:55:26","slug":"diario-del-giorno-dopo-musica-gala-di-quattro-pianisti-e-orchestra-a-lecce-sabato-14","status":"publish","type":"post","link":"https:\/\/www.leccecronaca.it\/index.php\/2016\/05\/13\/diario-del-giorno-dopo-musica-gala-di-quattro-pianisti-e-orchestra-a-lecce-sabato-14\/","title":{"rendered":"DIARIO DEL GIORNO DOPO \/ MUSICA \/ GALA DI QUATTRO PIANISTI E ORCHESTRA A LECCE SABATO 14"},"content":{"rendered":"<p><img decoding=\"async\" loading=\"lazy\" width=\"1024\" height=\"682\" title=\"CarlottaMaestrini\" class=\"alignleft size-large wp-image-84233\" alt=\"\" src=\"https:\/\/www.leccecronaca.it\/wordpress\/wp-content\/uploads\/2016\/05\/CarlottaMaestrini-1024x682.jpg\" srcset=\"https:\/\/www.leccecronaca.it\/wordpress\/wp-content\/uploads\/2016\/05\/CarlottaMaestrini-1024x682.jpg 1024w, https:\/\/www.leccecronaca.it\/wordpress\/wp-content\/uploads\/2016\/05\/CarlottaMaestrini-300x200.jpg 300w, https:\/\/www.leccecronaca.it\/wordpress\/wp-content\/uploads\/2016\/05\/CarlottaMaestrini-768x512.jpg 768w, https:\/\/www.leccecronaca.it\/wordpress\/wp-content\/uploads\/2016\/05\/CarlottaMaestrini-1536x1023.jpg 1536w, https:\/\/www.leccecronaca.it\/wordpress\/wp-content\/uploads\/2016\/05\/CarlottaMaestrini.jpg 1600w\" sizes=\"(max-width: 1024px) 100vw, 1024px\" \/>Sabato 14 maggio, alle 21, a Lecce, al Teatro Paisiello, in via Giuseppe Palmieri, ci sar\u00e0\u00a0Gala per pianoforte ed orchestra, con i pianisti Roberto Esposito, Carlotta Maestrini (nella foto), Alberto Manzo e Alessio Zuccaro.<\/p>\n<p>L\u2019Orchestra sar\u00e0 diretta da Francesco Libetta. In programma, il Concerto in re maggiore di Haydn, la Ballade di Faur\u00e8, la Sinfonia dell\u2019Opera \u201cMaria D\u2019Enghien\u201d di Francesco Libetta, il Concerto in fa minore di Chopin: Secondo movimento, ed il \u201cPiano Concerto Fantastico\u201d op.8 N. 1 di Roberto Esposito. La serata \u00e8 organizzata dall\u2019Associazione Nireo in collaborazione con l\u2019Accademia di Alto perfezionamento Sima.<\/p>\n<p>Biglietti da 10 a 12 euro.<\/p>\n<p>Biglietti: posto unico platea e palco 12 euro, loggione 10 euro. Info e prevendite: Castello Carlo V Telefono: 0832 246517; Youmusic, Piazza Mazzini 71, tel. 0832 241574; Balletto del Sud, via Biasco 10, tel 0832453556.<\/p>\n<p>Castello Carlo V, e Youmusic in Piazza Mazzini.<\/p>\n<p>Sotto la sapiente guida di Francesco Libetta si esibiranno dunque quattro talenti degli ottantotto tasti, ad iniziare dalla dodicenne Carlotta Maestrini, figlia e nipote d\u2019arte (suo nonno Carlo \u00e8 stato un celebre regista cos\u00ec come lo \u00e8 oggi suo padre Pier Francesco Maestrini), e che pochissimi giorni fa ha debuttato a Palermo come attrice nell\u2019opera \u201cLe Streghe di Venezia\u201d, ispirata a una favola tratta dall\u2019omonimo libro per bambini scritto e illustrato da Beni Montresor e musicata dal sofisticato e prolifico compositore dell\u2019underground statunitense Philipp Glass tra il 1994 e il 1995. Una fiaba in musica, recitazione e danza che ha visto la giovanissima Carlotta interpretare la parte della bambina Fiore.<\/p>\n<p>Alberto Manzo e Alessio Zuccaro, allievi del Conservatorio e dell\u2019Accademia Sima, hanno gi\u00e0 dimostrato tutto il loro grande talento e bravura in diversi concerti.<\/p>\n<p>A chiudere la serata il nuovo lavoro del pianista e compositore tricasino Roberto Esposito (che nell\u2019occasione sar\u00e0 registrato e pubblicato), di struttura classico\/romantica (tre movimenti Moderato, Largo, Presto), che rispetta i canoni formali del concerto romantico intrisi per\u00f2 da un linguaggio jazzistico e moderno con riferimenti stilistici alla musica di Scriabin, Kapustin, Samuel Barber, Bartok, Gershwin e tanti altri. Il concerto si propone, cos\u00ec come nella prima produzione discografica di Esposito, \u201cThe Decades\u201d, ed in particolar modo nel terzo movimento, di coniugare gli elementi classici e jazzistici a quelli della musica tradizionale del sud Italia, da cui il pianista\/compositore proviene.<\/p>\n<p>&nbsp;<\/p>\n<fb:like href='https:\/\/www.leccecronaca.it\/index.php\/2016\/05\/13\/diario-del-giorno-dopo-musica-gala-di-quattro-pianisti-e-orchestra-a-lecce-sabato-14\/' send='true' layout='button_count' show_faces='true' width='450' height='65' action='recommend' colorscheme='light' font='lucida grande'><\/fb:like><span class=\"fb_share\"><fb:like href=\"https:\/\/www.leccecronaca.it\/index.php\/2016\/05\/13\/diario-del-giorno-dopo-musica-gala-di-quattro-pianisti-e-orchestra-a-lecce-sabato-14\/\" layout=\"button_count\"><\/fb:like><\/span>","protected":false},"excerpt":{"rendered":"<p>Sabato 14 maggio, alle 21, a Lecce, al Teatro Paisiello, in via Giuseppe Palmieri, ci sar\u00e0\u00a0Gala per pianoforte ed orchestra, con i pianisti Roberto Esposito, Carlotta Maestrini (nella foto), Alberto Manzo e Alessio Zuccaro. L\u2019Orchestra sar\u00e0 diretta da Francesco Libetta. In programma, il Concerto in re maggiore di Haydn, la Ballade di Faur\u00e8, la Sinfonia [&hellip;]<\/p>\n","protected":false},"author":4,"featured_media":84233,"comment_status":"open","ping_status":"closed","sticky":false,"template":"","format":"standard","meta":[],"categories":[75],"tags":[],"_links":{"self":[{"href":"https:\/\/www.leccecronaca.it\/index.php\/wp-json\/wp\/v2\/posts\/84232"}],"collection":[{"href":"https:\/\/www.leccecronaca.it\/index.php\/wp-json\/wp\/v2\/posts"}],"about":[{"href":"https:\/\/www.leccecronaca.it\/index.php\/wp-json\/wp\/v2\/types\/post"}],"author":[{"embeddable":true,"href":"https:\/\/www.leccecronaca.it\/index.php\/wp-json\/wp\/v2\/users\/4"}],"replies":[{"embeddable":true,"href":"https:\/\/www.leccecronaca.it\/index.php\/wp-json\/wp\/v2\/comments?post=84232"}],"version-history":[{"count":1,"href":"https:\/\/www.leccecronaca.it\/index.php\/wp-json\/wp\/v2\/posts\/84232\/revisions"}],"predecessor-version":[{"id":84234,"href":"https:\/\/www.leccecronaca.it\/index.php\/wp-json\/wp\/v2\/posts\/84232\/revisions\/84234"}],"wp:featuredmedia":[{"embeddable":true,"href":"https:\/\/www.leccecronaca.it\/index.php\/wp-json\/wp\/v2\/media\/84233"}],"wp:attachment":[{"href":"https:\/\/www.leccecronaca.it\/index.php\/wp-json\/wp\/v2\/media?parent=84232"}],"wp:term":[{"taxonomy":"category","embeddable":true,"href":"https:\/\/www.leccecronaca.it\/index.php\/wp-json\/wp\/v2\/categories?post=84232"},{"taxonomy":"post_tag","embeddable":true,"href":"https:\/\/www.leccecronaca.it\/index.php\/wp-json\/wp\/v2\/tags?post=84232"}],"curies":[{"name":"wp","href":"https:\/\/api.w.org\/{rel}","templated":true}]}}