{"id":84558,"date":"2016-05-14T00:07:24","date_gmt":"2016-05-13T22:07:24","guid":{"rendered":"http:\/\/www.leccecronaca.it\/?p=84558"},"modified":"2016-05-13T17:30:40","modified_gmt":"2016-05-13T15:30:40","slug":"dario-del-giorno-prima-il-tam-tam-di-annibale","status":"publish","type":"post","link":"https:\/\/www.leccecronaca.it\/index.php\/2016\/05\/14\/dario-del-giorno-prima-il-tam-tam-di-annibale\/","title":{"rendered":"DARIO DEL GIORNO PRIMA \/ IL TAM TAM DI ANNIBALE"},"content":{"rendered":"<p><img decoding=\"async\" loading=\"lazy\" src=\"https:\/\/www.leccecronaca.it\/wordpress\/wp-content\/uploads\/2016\/05\/ospedale3-300x193.jpg\" alt=\"\" title=\"ospedale3\" width=\"300\" height=\"193\" class=\"alignleft size-medium wp-image-84560\" \/>ITALIA______<br \/>\nROMA &#8211; Dati agghiaccianti vengono diffusi dal Ministero della Salute italiana: sono oltre centoventimila le persone che convivono con l&#8217;AIDS. Stando alle ultime ricerche si verifica un caso nuovo ogni due ore, e per sensibilizzare le giovani generazioni italiche gli specialisti degli Italian Conference of Aids and Antiviral Research hanno annunciato che il 6 e l&#8217; 8 giugno si terr\u00e0 un convegno importante a Milano. I casi sarebbero quattrmila ogni anno e riguardano soprattutto i giovani tra i 25 e i 29 anni, e secondo gli esperti il 60% si manifesta in una fase tardiva di infezione. Usare il preservativo e prevenire il male del XXI secolo \u00e8 pi\u00f9 che mai vitale, che siate giovani o pi\u00f9 stagionati.<\/p>\n<p>ITALIA______<br \/>\nMILANO &#8211; I carabinieri dei Nas di Milano hanno fermato e posto agli arresti domiciliari il ginecologo Severino Antinori, indagato per reati di rapina aggravata e lesioni personali plurime. L&#8217;accusa scatenante \u00e8 di aver espiantato alcune ovuli da una giovane spagnola di soli 24 anni, fatto che sarebbe avvenuto nell&#8217;aprile 2016 contro la volont\u00e0 della giovane all&#8217;interno della clinica Matris di Milano con la complicit\u00e0 di alcune infermiere del loco.<\/p>\n<p>MONDO______<br \/>\nNEW YORK &#8211; Muore la persona pi\u00f9 anziana del mondo: accade a New York dove la record woman ha concluso il suo percorso di 116 anni. Adesso il testimone del primato di longevit\u00e0 passa nelle mani di un&#8217;italiana: Emma Morano, piemontese solo pochi mesi pi\u00f9 giovane dell&#8217;americana scomparsa. Susannah Mushatt Jones era nata a Montgomery Alabama nel 1899 e si \u00e8 spenta ieri notte in una casa di riposo di Brooklyn. Era entrata nel Guinness dei primati lo scorso anno dopo la morte della giapponese Misao Okawa, che raggiunse serenamente i 115 anni in quel di Tokyo.<\/p>\n<fb:like href='https:\/\/www.leccecronaca.it\/index.php\/2016\/05\/14\/dario-del-giorno-prima-il-tam-tam-di-annibale\/' send='true' layout='button_count' show_faces='true' width='450' height='65' action='recommend' colorscheme='light' font='lucida grande'><\/fb:like><span class=\"fb_share\"><fb:like href=\"https:\/\/www.leccecronaca.it\/index.php\/2016\/05\/14\/dario-del-giorno-prima-il-tam-tam-di-annibale\/\" layout=\"button_count\"><\/fb:like><\/span>","protected":false},"excerpt":{"rendered":"<p>ITALIA______ ROMA &#8211; Dati agghiaccianti vengono diffusi dal Ministero della Salute italiana: sono oltre centoventimila le persone che convivono con l&#8217;AIDS. Stando alle ultime ricerche si verifica un caso nuovo ogni due ore, e per sensibilizzare le giovani generazioni italiche gli specialisti degli Italian Conference of Aids and Antiviral Research hanno annunciato che il 6 [&hellip;]<\/p>\n","protected":false},"author":4,"featured_media":84560,"comment_status":"open","ping_status":"closed","sticky":false,"template":"","format":"standard","meta":[],"categories":[1,69,76],"tags":[],"_links":{"self":[{"href":"https:\/\/www.leccecronaca.it\/index.php\/wp-json\/wp\/v2\/posts\/84558"}],"collection":[{"href":"https:\/\/www.leccecronaca.it\/index.php\/wp-json\/wp\/v2\/posts"}],"about":[{"href":"https:\/\/www.leccecronaca.it\/index.php\/wp-json\/wp\/v2\/types\/post"}],"author":[{"embeddable":true,"href":"https:\/\/www.leccecronaca.it\/index.php\/wp-json\/wp\/v2\/users\/4"}],"replies":[{"embeddable":true,"href":"https:\/\/www.leccecronaca.it\/index.php\/wp-json\/wp\/v2\/comments?post=84558"}],"version-history":[{"count":3,"href":"https:\/\/www.leccecronaca.it\/index.php\/wp-json\/wp\/v2\/posts\/84558\/revisions"}],"predecessor-version":[{"id":84562,"href":"https:\/\/www.leccecronaca.it\/index.php\/wp-json\/wp\/v2\/posts\/84558\/revisions\/84562"}],"wp:featuredmedia":[{"embeddable":true,"href":"https:\/\/www.leccecronaca.it\/index.php\/wp-json\/wp\/v2\/media\/84560"}],"wp:attachment":[{"href":"https:\/\/www.leccecronaca.it\/index.php\/wp-json\/wp\/v2\/media?parent=84558"}],"wp:term":[{"taxonomy":"category","embeddable":true,"href":"https:\/\/www.leccecronaca.it\/index.php\/wp-json\/wp\/v2\/categories?post=84558"},{"taxonomy":"post_tag","embeddable":true,"href":"https:\/\/www.leccecronaca.it\/index.php\/wp-json\/wp\/v2\/tags?post=84558"}],"curies":[{"name":"wp","href":"https:\/\/api.w.org\/{rel}","templated":true}]}}