{"id":84660,"date":"2016-05-14T22:30:54","date_gmt":"2016-05-14T20:30:54","guid":{"rendered":"http:\/\/www.leccecronaca.it\/?p=84660"},"modified":"2016-05-14T23:23:24","modified_gmt":"2016-05-14T21:23:24","slug":"84660","status":"publish","type":"post","link":"https:\/\/www.leccecronaca.it\/index.php\/2016\/05\/14\/84660\/","title":{"rendered":"IL &#8216;CERCHIO MAGICO&#8217; E IL SUO &#8216;ARCOBALENO&#8217;&#8230;"},"content":{"rendered":"<p><img decoding=\"async\" loading=\"lazy\" width=\"550\" height=\"309\" title=\"la-pignata\" class=\"alignleft size-full wp-image-84666\" alt=\"\" src=\"https:\/\/www.leccecronaca.it\/wordpress\/wp-content\/uploads\/2016\/05\/la-pignata.jpg\" srcset=\"https:\/\/www.leccecronaca.it\/wordpress\/wp-content\/uploads\/2016\/05\/la-pignata.jpg 550w, https:\/\/www.leccecronaca.it\/wordpress\/wp-content\/uploads\/2016\/05\/la-pignata-300x169.jpg 300w\" sizes=\"(max-width: 550px) 100vw, 550px\" \/>di <strong>Giuseppe Puppo______<\/strong><\/p>\n<p>Abbiamo visto ieri, sia pur in una estrema sintesi giornalistica,\u00a0chi sono i progenitori, gli antenati, fate voi, a vario titolo promotori, ispiratori, favoreggiatori, difensori\u00a0e previsti &#8216;utilizzatori finali&#8217; degli interessi legati del progetto del gasdotto Tap: i componenti del &#8216;cerchio magico&#8217; salentino di Massimo D&#8217; Alema, a cavallo fra gli anni Novanta e gli anni Duemila.<\/p>\n<p><a href=\"https:\/\/www.leccecronaca.it\/index.php\/2016\/05\/13\/i-progenitori-del-gasdotto-tap-l-onorevole-avvocato-difensore-del-consorzio\/\">https:\/\/www.leccecronaca.it\/index.php\/2016\/05\/13\/i-progenitori-del-gasdotto-tap-l-onorevole-avvocato-difensore-del-consorzio\/<\/a><\/p>\n<p>Progetto non rottamato, anzi, promosso a &#8220;strategico&#8221;, come ricordavamo nella chiusa dell&#8217; articolo di ieri, da Matteo Renzi, con\u00a0lo stesso\u00a0chiacchieratissimo e contestatissimo provvedimento governativo del cos\u00ec detto decreto &#8216;sbocca Italia&#8217; con cui ha dato il via libera ai petrolieri dell&#8217; Eni e della Total in Basilicata, oggetto di indagine penale da parte della magistratura. Ma questa \u00e8 un&#8217; altra storia, di cui ci occuperemo un&#8217; altra volta, perch\u00e9 uno dei miei Maestri di giornalismo mi insegn\u00f2 che bisogna parlare di una cosa alla volta, un articolo alla volta.<\/p>\n<p>Non per il passato, ma per il presente, e per il futuro, vediamo oggi di capire, sia pur in estrema sintesi giornalistica, se esistano rapporti del &#8216;cerchio magico&#8217; con\u00a0l&#8217; attuale\u00a0presidente della Regione Puglia Michele Emiliano, che, come \u00e8 noto, sulla questione del gasdotto ha tenuto e continua a tenere un atteggiamento ondivago e sostanzialmente contraddittorio, comunque ininfluente, quindi connivente.<\/p>\n<p>Per poter far questo, dobbiamo fare un passo indietro nella nostra storia recente, fra quelle pi\u00f9 brutte, quando partecipammo al seguito degli Americani alla distruzione della ex Jugoslavia, trascinati in un vero e proprio intervento armato, il primo vero episodio di interventismo bellico \u00a0del Dopoguerra, nel 1999.<\/p>\n<p>Chi era il capo del governo dell&#8217; epoca? Era Massimo D&#8217; Alema.<\/p>\n<p>Per farsi &#8216;perdonare&#8217; , se cos\u00ec si pu\u00f2 dire, comunque per sostenere le ragioni di un esecrabile &#8216;intervento umanitario&#8217;, cos\u00ec lo fece passare, l&#8217; allora presidente del consiglio var\u00f2 a spron battuto un progetto di donazioni da oltre\u00a0cento trenta\u00a0miliardi delle allora lire,\u00a0e da\u00a0duemila trecento\u00a0container di cibo, vestiti, detersivi e altri generi di conforto\u00a0a\u00a0favore dei profughi del Kosovo. Profughi che gli stesso aveva contribuito a provocare, con i bombardamenti cui aveva fatto partecipare gli Italiani.<\/p>\n<p>Un gran ben di Dio, che divent\u00f2 ben presto oggetto di sprechi,\u00a0abbandoni, negligenze, storni, distrazioni, sottrazioni illecite\u00a0e \u00a0quant&#8217; altro, come documentarono alcune inchieste giornalistiche e come\u00a0da accuse\u00a0della successiva inchiesta della magistratura barese, dove la missione &#8216;arcobaleno&#8217;, cos\u00ec si chiamava, aveva la base di snodo principale.<\/p>\n<p>I protagonisti di questa poco onorevole pagina di cronaca: dall&#8217;ex sottosegretario alla Protezione civile Franco Barberi, al suo luogotenente in Albania, Massimo Simonelli,\u00a0ad alcuni autorevoli\u00a0esponenti dell&#8217; allora Ds, Giovanni Lolli, e Quarto Trabacchini, tutti &#8216;uomini del presidente&#8217;, e tanti altri ancora.<\/p>\n<p>Attenzione alle date, per favore.<\/p>\n<p>Ecco i passaggi\u00a0 dell&#8217; inchiesta principale &#8211; ce ne furono anche altre, legate ad altre singole vicende giudiziarie\u00a0&#8211;\u00a0della magistratura barese.<\/p>\n<p>Apertura alle prime notizie di stampa: settembre 1999. Chiusura delle indagini: settembre 2003, con il rinvio a giudizio di\u00a0diciassette degli indagati, vicini a Massimo D&#8217; Alema, la cui immagine\u00a0politica corre il rischio pi\u00f9 grosso della sua carriera.<\/p>\n<p>Si va a processo? Macch\u00e9. Il processo non c&#8217;\u00e8 mai stato.<\/p>\n<p>Non si \u00e8 mai capito bene il perch\u00e9, l&#8217; iter giudiziario sub\u00ec un, chiamiamolo cos\u00ec, &#8216;rallentamento&#8217;, durato anni.<\/p>\n<p>Nel febbraio 2011, ci fu un tentativo in extremis di andare a processo, dopo una serie infinita di rinvii, sostituzioni, recusazioni et similia.<\/p>\n<p>Nel maggio 2012, infine, venne dichiarato il non luogo a procedere nei confronti degli imputati per sopravvenuta prescrizione. Cal\u00f2 il sipario:\u00a0non sapremo\u00a0mai se ci furono responsabili e colpevoli, ladri di merendine e rapinatori di elemosine.<\/p>\n<p>Bene, cio\u00e8 male, malissimo, ma va beh.<\/p>\n<p>E ora, una domanda: chi \u00e8 il sostituto procuratore della Repubblica di Bari titolare dell&#8217; inchiesta &#8216;arcobaleno&#8217;?<\/p>\n<p>E&#8217; Michele Emiliano.<\/p>\n<p>E quando Michele Emiliano lascia all&#8217; improvviso la magistratura, almeno formalmente, per iniziare l&#8217; avventura politica che lo porter\u00e0 lontano?<\/p>\n<p>Nel 2003. Quando si sarebbe dovuto occupare, avendo svolto le relative indagini, del processo, &#8216;scegliendo&#8217; quel partito contro i cui esponenti di primo piano aveva indagato, fino ad arrivare ai vertici.<\/p>\n<p>Una scelta vincente, che lo porta prima a diventare sindaco di Bari,\u00a0con la benedizione di D&#8217; Alema, poi segretario regionale del Pd (la stessa carica ricoperta negli anni Ottanta da Massimo D&#8217; Alema, come abbiamo visto ieri) con ci\u00f2 con D&#8217; Alema stringendo un asse solido e diretto, e, infine, presidente della Regione Puglia. L&#8217; ente che avrebbe potuto fermare il gasdotto, se lo avesse voluto.<\/p>\n<p>Una carriera fulminante,\u00a0iniziata dopo un arcobaleno. E proseguita in maniera irresistibile, quando dell&#8217; arcobaleno si persero definitivamente i segni nel cielo della politica pugliese e italiana.<\/p>\n<p>A questo proposito, per l&#8217; ascesa, di Michele Emiliano, e per completare\u00a0la ricerca sui rapporti con &#8216;cerchio magico pugliese&#8217;, dei cui componenti ho detto nell&#8217; articolo di ieri,\u00a0devo infine riferire di una memorabile cena di gala &#8216;offerta&#8217; da Giampaolo Tarantini, dal versante di affari della sanit\u00e0, quella che sarebbe stata da l\u00ec a poco presto travolta da un disastroso scandalo, coinvolti in primis gli esponenti del Pd nella giunta Vendola Frisullo e Tedesco, coi quali per\u00f2 egli era in rapporti conflittuali.<\/p>\n<p>E&#8217; il 28 marzo 2008. Siamo a Bari, ristorante &#8216;La Pignata&#8217;,\u00a0il pi\u00f9 raffinato ed esclusivo della citt\u00e0.\u00a0Ai tavoli, una\u00a0settantina di persone,\u00a0conto sui tremila euro, pagato dai sui collaboratori,\u00a0per l&#8217; organizzazione di\u00a0Giampaolo Tarantini, con la collaborazione di Roberto De Santis (e dagli, sono sempre loro): ci sono tutti i manager e gli imprenditori che contano della sanit\u00e0 pugliese. Con la partecipazione straordinaria di Massimo D&#8217; Alema, all&#8217; epoca ministro degli esteri. E &#8211; aggiungi un posto a tavola, che c&#8217;\u00e8 un amico in pi\u00f9 &#8211; di Michele Emiliano, che &#8220;<em>arriv\u00f2 puntualissimo, e and\u00f2 via per ultimo<\/em>&#8220;.<\/p>\n<p>A proposito, Michele Emiliano non ha mai spiegato come mai adesso che \u00e8 presidente della Regione abbia voluto tenere pure la delega di\u00a0assessore alla Sanit\u00e0.<\/p>\n<p>Infine, per non deludere i suoi aficionados, anche &#8216; stasera &#8216;nomination&#8217; &#8211;\u00a0rigorosamente \u00a0attinenti all&#8217; argomento trattato &#8211; tutta per lui.<\/p>\n<p>Indovinate quale avvocato difese nei guai giudiziari l&#8217;ex vicepresidente regionale del Pd Sergio Frisullo, con il quale passava le vacanze in Spagna, finito il periodo d&#8217; oro gallipolino dello yacht &#8216;Icarus&#8217;?<\/p>\n<p>E &#8211; per quanto riguarda la guerra in Jugoslavia, quella voluta da Massimo D&#8217; Alema &#8211; essa provoc\u00f2 centinaia di vittime fra i soldati italiani e migliaia di feriti, a causa dell&#8217; esposizione all&#8217; uranio impoverito. Il governo ha sempre negato responsabilit\u00e0 dirette, ma la magistratura pi\u00f9 volte gli ha dato torto. Il Parlamento\u00a0ha attivato una commissione parlamentare d&#8217; inchiesta. Diventato da poco deputato, sapete\u00a0quale &#8216;avvocato&#8217;\u00a0\u00e8 stato designato dal suo partito\u00a0a farne parte, il mese di novembre scorso?<\/p>\n<p>Le risposte sono facili.<\/p>\n<p>&nbsp;<\/p>\n<p>&nbsp;<\/p>\n<p>&nbsp;<\/p>\n<p>.<\/p>\n<p>&nbsp;<\/p>\n<p>&nbsp;<\/p>\n<p>&nbsp;<\/p>\n<p>&nbsp;<\/p>\n<p>&nbsp;<\/p>\n<p>&nbsp;<\/p>\n<p>&nbsp;<\/p>\n<p>&nbsp;<\/p>\n<p>&nbsp;<\/p>\n<p>&nbsp;<\/p>\n<p>&nbsp;<\/p>\n<p>&nbsp;<\/p>\n<p>&nbsp;<\/p>\n<p>&nbsp;<\/p>\n<fb:like href='https:\/\/www.leccecronaca.it\/index.php\/2016\/05\/14\/84660\/' send='true' layout='button_count' show_faces='true' width='450' height='65' action='recommend' colorscheme='light' font='lucida grande'><\/fb:like><span class=\"fb_share\"><fb:like href=\"https:\/\/www.leccecronaca.it\/index.php\/2016\/05\/14\/84660\/\" layout=\"button_count\"><\/fb:like><\/span>","protected":false},"excerpt":{"rendered":"<p>di Giuseppe Puppo______ Abbiamo visto ieri, sia pur in una estrema sintesi giornalistica,\u00a0chi sono i progenitori, gli antenati, fate voi, a vario titolo promotori, ispiratori, favoreggiatori, difensori\u00a0e previsti &#8216;utilizzatori finali&#8217; degli interessi legati del progetto del gasdotto Tap: i componenti del &#8216;cerchio magico&#8217; salentino di Massimo D&#8217; Alema, a cavallo fra gli anni Novanta e [&hellip;]<\/p>\n","protected":false},"author":4,"featured_media":84666,"comment_status":"open","ping_status":"closed","sticky":false,"template":"","format":"standard","meta":[],"categories":[1,69,76],"tags":[],"_links":{"self":[{"href":"https:\/\/www.leccecronaca.it\/index.php\/wp-json\/wp\/v2\/posts\/84660"}],"collection":[{"href":"https:\/\/www.leccecronaca.it\/index.php\/wp-json\/wp\/v2\/posts"}],"about":[{"href":"https:\/\/www.leccecronaca.it\/index.php\/wp-json\/wp\/v2\/types\/post"}],"author":[{"embeddable":true,"href":"https:\/\/www.leccecronaca.it\/index.php\/wp-json\/wp\/v2\/users\/4"}],"replies":[{"embeddable":true,"href":"https:\/\/www.leccecronaca.it\/index.php\/wp-json\/wp\/v2\/comments?post=84660"}],"version-history":[{"count":18,"href":"https:\/\/www.leccecronaca.it\/index.php\/wp-json\/wp\/v2\/posts\/84660\/revisions"}],"predecessor-version":[{"id":84662,"href":"https:\/\/www.leccecronaca.it\/index.php\/wp-json\/wp\/v2\/posts\/84660\/revisions\/84662"}],"wp:featuredmedia":[{"embeddable":true,"href":"https:\/\/www.leccecronaca.it\/index.php\/wp-json\/wp\/v2\/media\/84666"}],"wp:attachment":[{"href":"https:\/\/www.leccecronaca.it\/index.php\/wp-json\/wp\/v2\/media?parent=84660"}],"wp:term":[{"taxonomy":"category","embeddable":true,"href":"https:\/\/www.leccecronaca.it\/index.php\/wp-json\/wp\/v2\/categories?post=84660"},{"taxonomy":"post_tag","embeddable":true,"href":"https:\/\/www.leccecronaca.it\/index.php\/wp-json\/wp\/v2\/tags?post=84660"}],"curies":[{"name":"wp","href":"https:\/\/api.w.org\/{rel}","templated":true}]}}