{"id":85870,"date":"2016-05-29T00:08:12","date_gmt":"2016-05-28T22:08:12","guid":{"rendered":"http:\/\/www.leccecronaca.it\/?p=85870"},"modified":"2016-05-27T17:19:38","modified_gmt":"2016-05-27T15:19:38","slug":"diario-del-giorno-dopo-mostre-l-archivio-bodini-a-lecce-lunedi-30","status":"publish","type":"post","link":"https:\/\/www.leccecronaca.it\/index.php\/2016\/05\/29\/diario-del-giorno-dopo-mostre-l-archivio-bodini-a-lecce-lunedi-30\/","title":{"rendered":"DIARIO DEL GIORNO DOPO \/ MOSTRE \/ L&#8217; ARCHIVIO BODINI A LECCE LUNEDI&#8217; 30"},"content":{"rendered":"<p><img decoding=\"async\" loading=\"lazy\" width=\"300\" height=\"282\" title=\"img_archivio130102011194935\" class=\"aligncenter size-medium wp-image-85876\" alt=\"\" src=\"https:\/\/www.leccecronaca.it\/wordpress\/wp-content\/uploads\/2016\/05\/img_archivio130102011194935-300x282.jpg\" \/>Luned\u00ec 30 maggio, alle 10, presso il Rettorato dell\u2019Universit\u00e0 del Salento, in piazza Tancredi 7, sar\u00e0 inaugurata l\u2019esposizione \u201c<em>La bellezza degli originali. Libri, documenti, manoscritti, dediche dall\u2019\u2018Archivio Vittorio Bodini\u2019\u201d.<\/em><\/p>\n<p>Dopo i saluti del rettore Vincenzo Zara, del direttore generale Emanuele Fidora e di Valentina Bodini, l\u2019introduzione sar\u00e0 a cura di Giovanna Basci\u00e0, direttrice della biblioteca interfacolt\u00e0 \u201cTeodoro Pellegrino\u201d. Interverr\u00e0 quindi il prorettore Antonio Lucio Giannone.<\/p>\n<p>A seguire, reading a cura di Simone Giorgino.<\/p>\n<p>L&#8217; esposizione sar\u00e0 visitabile fino al 30 giugno, dal luned\u00ec al venerd\u00ec. dalle ore 10 alle ore 13 e dalle ore 16.30 alle ore 19.30.<\/p>\n<p>&nbsp;<\/p>\n<p>&nbsp;<\/p>\n<p>&nbsp;<\/p>\n<p>&nbsp;<\/p>\n<p>Dopo i saluti del Rettore Vincenzo Zara, del Direttore Generale Emanuele Fidora e di Valentina Bodini, l\u2019introduzione sar\u00e0 a cura di Giovanna Basci\u00e0, Direttrice della Biblioteca Interfacolt\u00e0 \u201cTeodoro Pellegrino\u201d. Interverr\u00e0 quindi Antonio Lucio Giannone, Prorettore con Delega al Sistema Bibliotecario e al Sistema Museale. A seguire, reading a cura di Simone Giorgino.<\/p>\n<p>&nbsp;<\/p>\n<p>&nbsp;<\/p>\n<fb:like href='https:\/\/www.leccecronaca.it\/index.php\/2016\/05\/29\/diario-del-giorno-dopo-mostre-l-archivio-bodini-a-lecce-lunedi-30\/' send='true' layout='button_count' show_faces='true' width='450' height='65' action='recommend' colorscheme='light' font='lucida grande'><\/fb:like><span class=\"fb_share\"><fb:like href=\"https:\/\/www.leccecronaca.it\/index.php\/2016\/05\/29\/diario-del-giorno-dopo-mostre-l-archivio-bodini-a-lecce-lunedi-30\/\" layout=\"button_count\"><\/fb:like><\/span>","protected":false},"excerpt":{"rendered":"<p>Luned\u00ec 30 maggio, alle 10, presso il Rettorato dell\u2019Universit\u00e0 del Salento, in piazza Tancredi 7, sar\u00e0 inaugurata l\u2019esposizione \u201cLa bellezza degli originali. Libri, documenti, manoscritti, dediche dall\u2019\u2018Archivio Vittorio Bodini\u2019\u201d. Dopo i saluti del rettore Vincenzo Zara, del direttore generale Emanuele Fidora e di Valentina Bodini, l\u2019introduzione sar\u00e0 a cura di Giovanna Basci\u00e0, direttrice della biblioteca [&hellip;]<\/p>\n","protected":false},"author":4,"featured_media":85876,"comment_status":"open","ping_status":"closed","sticky":false,"template":"","format":"standard","meta":[],"categories":[75],"tags":[],"_links":{"self":[{"href":"https:\/\/www.leccecronaca.it\/index.php\/wp-json\/wp\/v2\/posts\/85870"}],"collection":[{"href":"https:\/\/www.leccecronaca.it\/index.php\/wp-json\/wp\/v2\/posts"}],"about":[{"href":"https:\/\/www.leccecronaca.it\/index.php\/wp-json\/wp\/v2\/types\/post"}],"author":[{"embeddable":true,"href":"https:\/\/www.leccecronaca.it\/index.php\/wp-json\/wp\/v2\/users\/4"}],"replies":[{"embeddable":true,"href":"https:\/\/www.leccecronaca.it\/index.php\/wp-json\/wp\/v2\/comments?post=85870"}],"version-history":[{"count":1,"href":"https:\/\/www.leccecronaca.it\/index.php\/wp-json\/wp\/v2\/posts\/85870\/revisions"}],"predecessor-version":[{"id":85877,"href":"https:\/\/www.leccecronaca.it\/index.php\/wp-json\/wp\/v2\/posts\/85870\/revisions\/85877"}],"wp:featuredmedia":[{"embeddable":true,"href":"https:\/\/www.leccecronaca.it\/index.php\/wp-json\/wp\/v2\/media\/85876"}],"wp:attachment":[{"href":"https:\/\/www.leccecronaca.it\/index.php\/wp-json\/wp\/v2\/media?parent=85870"}],"wp:term":[{"taxonomy":"category","embeddable":true,"href":"https:\/\/www.leccecronaca.it\/index.php\/wp-json\/wp\/v2\/categories?post=85870"},{"taxonomy":"post_tag","embeddable":true,"href":"https:\/\/www.leccecronaca.it\/index.php\/wp-json\/wp\/v2\/tags?post=85870"}],"curies":[{"name":"wp","href":"https:\/\/api.w.org\/{rel}","templated":true}]}}