{"id":85904,"date":"2016-06-03T08:26:23","date_gmt":"2016-06-03T06:26:23","guid":{"rendered":"http:\/\/www.leccecronaca.it\/?p=85904"},"modified":"2016-06-03T14:36:49","modified_gmt":"2016-06-03T12:36:49","slug":"seguito","status":"publish","type":"post","link":"https:\/\/www.leccecronaca.it\/index.php\/2016\/06\/03\/seguito\/","title":{"rendered":"L&#8217; INCHIESTA \/ IL TWIGA TWIGA DEI BILLIONAIRINI SALENTINI \/ 3 &#8211; Sostiene De Santis"},"content":{"rendered":"<div><img decoding=\"async\" loading=\"lazy\" width=\"550\" height=\"367\" title=\"serra-degli-alimini-1\" class=\"alignleft size-full wp-image-86536\" alt=\"\" src=\"https:\/\/www.leccecronaca.it\/wordpress\/wp-content\/uploads\/2016\/06\/serra-degli-alimini-11.jpg\" srcset=\"https:\/\/www.leccecronaca.it\/wordpress\/wp-content\/uploads\/2016\/06\/serra-degli-alimini-11.jpg 550w, https:\/\/www.leccecronaca.it\/wordpress\/wp-content\/uploads\/2016\/06\/serra-degli-alimini-11-300x200.jpg 300w\" sizes=\"(max-width: 550px) 100vw, 550px\" \/>di <strong>Giuseppe Puppo______<\/strong><\/div>\n<div><\/div>\n<div>Il Twiga Beach Club di Otranto nasce ufficialmente da un accordo siglato il 23 maggio\u00a0tra la Billionaire Lifestyle, la societ\u00e0 casa madre di locali di lusso che fa capo a Flavio Briatore, del quale abbiamo raccontato ieri,\u00a0e societ\u00e0\u00a0di imprenditori salentini: la\u00a0FLG Invest srl\u00a0 di\u00a0Luigi, Gloria e Francesco De Santis; la San srl, i cui soci sono Gabriele Sticchi\u00a0ed Emanuele Moscara;\u00a0e la &#8220;Cerra s.r.l.&#8221;;\u00a0con la partecipazione infine di Vincenzo Pozzi, e di Mimmo De Santis.<\/div>\n<p>Vediamo adesso chi sono, e che cosa hanno fatto,\u00a0i cinque imprenditori salentini.<\/p>\n<p>Cominciamo\u00a0proprio da quest&#8217; ultimo,\u00a0<strong>Raffaele, detto Mimmo, De Santis <\/strong>(nella foto).<\/p>\n<p>&nbsp;<\/p>\n<p><img decoding=\"async\" loading=\"lazy\" width=\"160\" height=\"186\" title=\"raffaele detto mimmo de santis\" class=\"alignleft size-full wp-image-86537\" alt=\"\" src=\"https:\/\/www.leccecronaca.it\/wordpress\/wp-content\/uploads\/2016\/06\/raffaele-detto-mimmo-de-santis2.jpg\" \/><\/p>\n<p>&nbsp;<\/p>\n<p>***<\/p>\n<p>Il 24 giugno 2013, ad Otranto,\u00a0viene costituita una &#8220;Consulta per il Turismo&#8221;,\u00a0composta da amministratori, operatori del settore e rappresentanti delle diverse associazioni di categoria.<\/p>\n<p>Si tratta di un organismo, voluto dall\u2019amministrazione comunale quale organo consultivo permanente, a supporto delle politiche che interessano il settore turistico sul territorio cittadino.<\/p>\n<p>\u201c<em>Abbiamo voluto una forte rappresentanza della parte privata<\/em> &#8211; spiega <strong>il sindaco Luciano Cariddi<\/strong> &#8211; <em>soprattutto prevedendo che anche la figura del presidente e del segretario fossero assunte dagli imprenditori turistici, perch\u00e9 riteniamo sia utile e pi\u00f9 efficace il contributo che questi possono dare con riferimento alle problematiche e alla programmazione che la citt\u00e0 \u00e8 chiamata ad affrontare\u201d.<\/em><\/p>\n<p><strong>La programmazione che la citt\u00e0 \u00e8 chiamata ad affrontare.<\/strong><\/p>\n<p>Presidente della Consulta venne subito\u00a0nominato\u00a0Raffaele, detto Mimmo, De Santis, proprietario di Serra degli Alimini, affermato villaggio turistico\u00a0salentino da trenta anni,\u00a0\u00a0e presidente provinciale di Federalberghi, l&#8217; associazione imprenditoriale degli albergatori.<\/p>\n<p>***<\/p>\n<p>Facciamo a questo punto una piccola digressione nel passato, utile per capire meglio\u00a0il presente, e il probabile futuro. Studiamo un po&#8217;, insomma, ch\u00e9 fa sempre bene.<\/p>\n<p><img decoding=\"async\" loading=\"lazy\" width=\"280\" height=\"180\" title=\"bunissima\" class=\"alignleft size-full wp-image-86538\" alt=\"\" src=\"https:\/\/www.leccecronaca.it\/wordpress\/wp-content\/uploads\/2016\/06\/bunissima1.jpg\" \/><\/p>\n<p>L&#8217; insediamento turistico ai laghi Alimini fu realizzato senza grosse opposizioni, e l&#8217; operazione and\u00f2 in porto, a differenza dell&#8217;analoga (almeno come spirito: sottrarre luoghi marini incantevoli e natura circostante alla fruizione pubblica, di tutti, trasformandoli viceversa in attivit\u00e0 edilizie e alberghiere private, a vantaggio del profitto economico imprenditoriale) poi fermata, ma sappiamo tutti a quel prezzo, di Porto Selvaggio a Nard\u00f2.<\/p>\n<p>Ci\u00f2 non toglie che non mancarono in seguito i\u00a0rilievi critici.<\/p>\n<p>Sentiamo, tanto per fare un esempio fra i meno datati,\u00a0cosa\u00a0dissero i senatori del Pci (eh s\u00ec, non ci sono pi\u00f9 i comunisti di una volta!) Petrara, Lops, Iannone e Cardinale, in un&#8217; interpellanza rivolta ai Ministri dell&#8217;ambiente e altri competenti, nel 1989, <em>&#8220;per sapere se ritengano che si possa consentire la distruzione di una zona, qual \u00e8 quella dei laghi Alimini, soggetta al vincolo paesaggistico e ricca di alta macchia mediterranea, qualificata come bosco in formazione, in funzione di un&#8217;assurda programmazione turistica, sostenuta dai fondi FIO, che, in cambio di una diffusa cementificazione del territorio, dovrebbe garantire occupazione e sviluppo; se non intendano intervenire per impedire lo scempio di uno dei paesaggi pi\u00f9 suggestivi della Puglia, valutarne il fortissimo impatto negativo sull&#8217;ambiente, determinare l&#8217;entit\u00e0 dei danni provocati al territorio, imporre il ripristino dei luoghi e il rispetto del vincolo paesaggistico&#8221;<\/em> (Senato della Repubblica ~ 105 ~ X Legislatura 293a\u00a0 SEDUTA ASSEMBLEA ~ RESOCONTO STENOGRAFICO &#8211; 18 OTTOBRE 1989).<\/p>\n<p>Polemiche partitiche strumentali, potrebbe dire qualcuno. E va bene.<\/p>\n<p>Allora, sono andato a cercarmi esperti &#8216;neutri&#8217;, scienziati della materia, che abbiano fatto studi del genere.<\/p>\n<p>Ho trovato. Cito quello che al mio avviso \u00e8 il pi\u00f9 autorevole.<\/p>\n<p>Si tratta di un saggio edito nel 2008, dell&#8217; Universit\u00e0 degli Studi di Genova, Facolt\u00e0 di Architettura, dal titolo &#8220;<em>Cambiamenti del paesaggio costiero\u00a0e \u00a0sviluppo turistico sostenibile<\/em>&#8220;, a cura di Annalisa Calcagno Maniglio, ricerca commissionata dal Ministero per la Pubblica Istruzione.<\/p>\n<p>Perfetto. Questi sono professori universitari che hanno studiato come sia cambiato negli ultimi\u00a0decenni\u00a0il paesaggio costiero in Italia in seguito allo sviluppo turistico, al fine di proporne uno &#8216;sostenibile&#8217;, evitando gli errori, se non gli orrori del passato.<\/p>\n<div>\n<p>Leggiamo cosa scrivono a proposito di Otranto: <em>&#8220;I villaggi Bravo Club Mediterrane\u00e8, Alimini 1, Alimini 2, Altair, con una ricettivit\u00e0 di circa 2504 posti letto, costituiscono dei nuclei ad alta concentrazione; riproducono nel loro impianto un modello urbano, ma non dialogano, n\u00e9 si confrontano col territorio limitrofo.<\/em><\/p>\n<p><em>Chiusi da limiti fisici, ma anche da barriere visive, queste piattaforme turistiche hanno un carattere introverso, e poco disposto alle relazioni, anche funzionali, con l&#8217; esterno.<\/em><\/p>\n<p><em>Si compongono di alcuni elementi ricorrenti che in qualche modo fanno parte del lessico urbano: la piazza commerciale, i percorsi pedonali e carrabili, l&#8217; anfiteatro o i luoghi per le rappresentazioni all&#8217; aperto.<\/em><\/p>\n<p><em>La buona manutenzione delle superfici aperte di pertinenza spesso contrasta con le aree boscate pi\u00f9 prossime che cinge il perimetro del villaggio ed \u00e8 contraddistinta da un forte grado di degrado.<\/em><\/p>\n<p><em>La fruizione turistica di questo tratto di costa tende verso una forte privatizzazione dello spazio, i percorsi pubblici realmente accessibili sono pochi, il numero considerevole di barriere fisiche impedisce il passaggio a mare&#8230;<\/em><\/p>\n<p><em>Tra le trasformazioni, la perforazione della pineta a causa della costruzione negli anni Settanta dei grandi villaggi&#8230;ha reso visibile il forte fenomeno di trasformazione del suolo all&#8217; interno delle aree privatizzate&#8221;.<\/em><\/p>\n<p>***<\/p>\n<p>Senza tener conto di tutto questo del passato, a Otranto a &#8220;orientare la programmazione che la citt\u00e0 \u00e8 chiamata ad affrontare&#8221;, come visto, nel 2013 viene chiamato l&#8217; imprenditore del villaggio degli Alimini, di cui abbiamo appena letto le valutazioni degli esperti, Raffaele detto Mimmo de Santis.<\/p>\n<\/div>\n<p>Non solo. Nei modi e nella sostanza di cui abbiam detto, ce lo ritroviamo oggi, a riproporre verosimilmente il modello che abbiamo analizzato, dopo tre anni, fra gli imprenditori che hanno investito nel Twiga Club di Otranto.<\/p>\n<p><span style=\"text-decoration: underline;\"><strong>Di pi\u00f9: era suo il terreno, poi diventato della societ\u00e0 &#8216;Cerra srl&#8217; su cui sorger\u00e0 lo stabilimento con Flavio Briatore.<\/strong><\/span><\/p>\n<p>Ma sar\u00e0 tutto regolare, ovvio, anche se mi sembra un po&#8217; &#8211; come dire? &#8211; <em>singolare<\/em> va bene? tanto per far rima con &#8216;regolare&#8217;, singolare.<\/p>\n<p>&#8220;<em>La programmazione che la citt\u00e0 \u00e8 chiamata ad affrontare<\/em>&#8221; &#8211; come aveva detto il sindaco tre anni prima &#8211; certo ha sortito\u00a0l&#8217; esito migliore. Per lui, Mimmo.<\/p>\n<p><span style=\"text-decoration: underline;\">Inoltre, per coincidenza significativa, certo &#8216;singolare&#8217;, proprio a giugno 2013, come abbiamo visto nella precedente puntata di questa inchiesta,\u00a0Flavio Briatore rinnega la sua precedente decisione di non investire pi\u00f9 in Italia e\u00a0annuncia, al contrario, di voler portare il marchio Twiga in Italia.<\/span><\/p>\n<p>***<\/p>\n<p>Nell&#8217; estate 2015 Flavio Briatore\u00a0venne\u00a0spesso\u00a0nel Salento per trattare con l&#8217; amministratore della intanto costituita societ\u00e0 &#8216;Cerra&#8217;, appunto Raffaele detto Mimmo De Santis.<\/p>\n<div>\u201c<em>Sono rimasto colpito dal\u00a0Salento, luogo d\u2019 indiscutibile bellezza naturale che \u00e8 anche supportata da un&#8217; ottima cultura verso il turismo. <\/em><em>Sono molto soddisfatto perch\u00e9 abbiamo trovato dei partner preparati,\u00a0affidabili ed entusiasti, che eseguiranno e gestiranno questo progetto seguendo i nostri altissimi standard\u201d , <\/em>dir\u00e0 poi, a commento. Certo che se la &#8220;<em>ottima cultura verso il turismo<\/em>&#8221; \u00e8 quella del suo socio, tutti noi siamo rovinati, come lo \u00e8 stato buona parte del territorio, proprio da tale &#8220;<em>ottima cultura<\/em>&#8220;<\/div>\n<p>Nel marzo 2016, da parte sua, il consiglio comunale di Otranto\u00a0d\u00e0 il via libera all\u2019utilizzo dei terreni.<\/p>\n<p>Come spiega il sindaco Luciano Cariddi: &#8220;<em>Abbiamo approvato uno strumento che \u00e8 quello dell\u2019accesso al mare, previsto dal nostro Piano Urbanistico e che consente di attrezzare a struttura dedicata alla balneazione e all\u2019intrattenimento anche aree agricole che confinano con il demanio marittimo. Tutto questo lo si fa per migliorare i servizi e la qualit\u00e0 dell\u2019offerta turistica&#8221;<\/em><\/p>\n<p>E ancora: \u201c<em>Il progetto non riguarda la fascia di demanio marittimo che si affaccia sul mare, che rimane libera e fruibile a tutti<\/em>\u201d.<\/p>\n<p>Di pi\u00f9: \u201c<em>Con l\u2019accesso al mare approvato, il Comune e il soggetto proponente hanno stipulato una convenzione che prevede una serie di impegni. <\/em><em>Seguiamo la strada delle politiche di valorizzazione e tutela del territorio e del paesaggio, sperando di poter anche migliorare\u201d.<\/em><\/p>\n<p>Tutto chiaro?<\/p>\n<p>***<\/p>\n<p>No. Non \u00e8 chiaro niente. Almeno, sar\u00f2 io che sono tonto, ma io\u00a0 non ho capito. Del resto, questa \u00e8 un&#8217; inchiesta scritta giorno per giorno, work in progress, come dicono quelli che parlano bene l&#8217; italiano, in presa diretta, come dicono quelli che non sanno l&#8217; inglese.<\/p>\n<p>Potr\u00f2 farmi spiegare da chi di dovere.<\/p>\n<p>Insomma, una variante prevista e attuata su un terreno agricolo\u00a0 &#8220;del soggetto proponente&#8221;, per consentire l&#8217; accesso al mare. A chi?<\/p>\n<p>Cio\u00e8, questi al mare non ci potevano arrivare, e lui ha fatto il percorso? E il terreno da agricolo che era \u00e8 diventato di <em>&#8220;struttura dedicata alla balneazione&#8221;?<\/em><\/p>\n<p>O l&#8217; ha fatto per fare andare tutti i bagnanti comuni mortali dalla spiaggia fino\u00a0al Twiga, a vedere chi c&#8217;\u00e8 nel club?<\/p>\n<p>La spiaggia c&#8217;era? C&#8217;\u00e8? Ci sar\u00e0 per tutti?<\/p>\n<p>Quindi anche io, come tutti, senza andare al club,\u00a0\u00a0posso\u00a0per\u00f2 stare\u00a0alla loro spiaggia, e farmi il bagno insieme a Flavio? O almeno, insomma, per meglio dire, per quanto mi riguarda, insieme a qualche Olgettina in vacanza?<\/p>\n<p>Non ci ho capito niente.<\/p>\n<p><span style=\"text-decoration: underline;\">Ma sicuramente il sindaco mi spiegher\u00e0 tutto, quando andr\u00f2 a trovarlo, perch\u00e9 \u00e8 stato disponibile e gentile, e mi ha dato un appuntamento per un&#8217; intervista. Cos\u00ec mi far\u00e0 capire, anche io avr\u00f2 tutto chiaro&#8230;<\/span><\/p>\n<p>E magari, senza pagare i seicento euro al giorno per la tenda nel club, chiss\u00e0, forse potr\u00f2 stare anche io in quella spiaggia, e tuffarmi con loro,\u00a0quando arriveranno le strafighe, travolto da un insolito destino nell&#8217; azzurro mare Adriatico d&#8217;agosto.<\/p>\n<p>( 3 &#8211; continua domani)<\/p>\n<p>LE PRECEDENTI PUNTATE STATE PUBBLICATE<\/p>\n<p>L&#8217; 1 GIUGNO \/1 &#8211; Il club separ\u00e8<\/p>\n<p><a href=\"https:\/\/www.leccecronaca.it\/index.php\/2016\/06\/01\/twiga-otranto\/\">https:\/\/www.leccecronaca.it\/index.php\/2016\/06\/01\/twiga-otranto\/<\/a><\/p>\n<p>E\u00a0IL 2 GIUGNO \/2 &#8211; La penisola dei famosi<\/p>\n<p><a href=\"https:\/\/www.leccecronaca.it\/index.php\/2016\/06\/02\/l-inchiesta-il-twiga-twiga-dei-billionairini-salentini-2-la-penisola-dei-famosi\/\">https:\/\/www.leccecronaca.it\/index.php\/2016\/06\/02\/l-inchiesta-il-twiga-twiga-dei-billionairini-salentini-2-la-penisola-dei-famosi\/<\/a><\/p>\n<p>&nbsp;<\/p>\n<p>&nbsp;<\/p>\n<p>&nbsp;<\/p>\n<fb:like href='https:\/\/www.leccecronaca.it\/index.php\/2016\/06\/03\/seguito\/' send='true' layout='button_count' show_faces='true' width='450' height='65' action='recommend' colorscheme='light' font='lucida grande'><\/fb:like><span class=\"fb_share\"><fb:like href=\"https:\/\/www.leccecronaca.it\/index.php\/2016\/06\/03\/seguito\/\" layout=\"button_count\"><\/fb:like><\/span>","protected":false},"excerpt":{"rendered":"<p>di Giuseppe Puppo______ Il Twiga Beach Club di Otranto nasce ufficialmente da un accordo siglato il 23 maggio\u00a0tra la Billionaire Lifestyle, la societ\u00e0 casa madre di locali di lusso che fa capo a Flavio Briatore, del quale abbiamo raccontato ieri,\u00a0e societ\u00e0\u00a0di imprenditori salentini: la\u00a0FLG Invest srl\u00a0 di\u00a0Luigi, Gloria e Francesco De Santis; la San srl, [&hellip;]<\/p>\n","protected":false},"author":4,"featured_media":86536,"comment_status":"open","ping_status":"closed","sticky":false,"template":"","format":"standard","meta":[],"categories":[1,69,31,75,76,77],"tags":[],"_links":{"self":[{"href":"https:\/\/www.leccecronaca.it\/index.php\/wp-json\/wp\/v2\/posts\/85904"}],"collection":[{"href":"https:\/\/www.leccecronaca.it\/index.php\/wp-json\/wp\/v2\/posts"}],"about":[{"href":"https:\/\/www.leccecronaca.it\/index.php\/wp-json\/wp\/v2\/types\/post"}],"author":[{"embeddable":true,"href":"https:\/\/www.leccecronaca.it\/index.php\/wp-json\/wp\/v2\/users\/4"}],"replies":[{"embeddable":true,"href":"https:\/\/www.leccecronaca.it\/index.php\/wp-json\/wp\/v2\/comments?post=85904"}],"version-history":[{"count":35,"href":"https:\/\/www.leccecronaca.it\/index.php\/wp-json\/wp\/v2\/posts\/85904\/revisions"}],"predecessor-version":[{"id":85909,"href":"https:\/\/www.leccecronaca.it\/index.php\/wp-json\/wp\/v2\/posts\/85904\/revisions\/85909"}],"wp:featuredmedia":[{"embeddable":true,"href":"https:\/\/www.leccecronaca.it\/index.php\/wp-json\/wp\/v2\/media\/86536"}],"wp:attachment":[{"href":"https:\/\/www.leccecronaca.it\/index.php\/wp-json\/wp\/v2\/media?parent=85904"}],"wp:term":[{"taxonomy":"category","embeddable":true,"href":"https:\/\/www.leccecronaca.it\/index.php\/wp-json\/wp\/v2\/categories?post=85904"},{"taxonomy":"post_tag","embeddable":true,"href":"https:\/\/www.leccecronaca.it\/index.php\/wp-json\/wp\/v2\/tags?post=85904"}],"curies":[{"name":"wp","href":"https:\/\/api.w.org\/{rel}","templated":true}]}}