{"id":85998,"date":"2016-05-28T18:16:09","date_gmt":"2016-05-28T16:16:09","guid":{"rendered":"http:\/\/www.leccecronaca.it\/?p=85998"},"modified":"2016-05-30T18:35:51","modified_gmt":"2016-05-30T16:35:51","slug":"incidente-al-poligono-di-oria-ferito-al-capo-in-grave-condizioni-un-ufficiale-dei-carabinieri","status":"publish","type":"post","link":"https:\/\/www.leccecronaca.it\/index.php\/2016\/05\/28\/incidente-al-poligono-di-oria-ferito-al-capo-in-grave-condizioni-un-ufficiale-dei-carabinieri\/","title":{"rendered":"INCIDENTE AL POLIGONO DI ORIA \/ FERITO AL CAPO, IN GRAVI CONDIZIONI UN UFFICIALE DEI CARABINIERI"},"content":{"rendered":"<p><img decoding=\"async\" loading=\"lazy\" width=\"300\" height=\"225\" title=\"6006\" class=\"alignleft size-full wp-image-85999\" alt=\"\" src=\"https:\/\/www.leccecronaca.it\/wordpress\/wp-content\/uploads\/2016\/05\/6006.jpg\" \/>(g.m.)______Un incidente, a mezzogiorno, sul campo di tiro a Oria, durante una gara, misto di velocit\u00e0 e precisione, e la vita di un\u00a0capitano dei carabinieri, Gianbruno Ruello, 48 anni, di Taranto, in servizio a Bari, \u00e8 appesa ad un filo.<\/p>\n<p>Il militare \u00e8 stato accidentalmente raggiunto alla nuca da un proiettile, e adesso \u00e8\u00a0ricoverato in gravissime condizioni all&#8217;ospedale Perrino di Brindisi.<\/p>\n<p>Non \u00e8 chiaro ancora se l&#8217; ufficiale fosse l\u00e0 quale concorrente, giudice di gara, o semplice spettatore. Mistero su come e perch\u00e9\u00a0sia stato raggiunto dal colpo.<\/p>\n<p>Sul luogo dell&#8217;incidente sono intervenuti i carabinieri\u00a0di Francavilla Fontana che stanno eseguendo gli accertamenti per ricostruire la dinamica dei fatti.<\/p>\n<fb:like href='https:\/\/www.leccecronaca.it\/index.php\/2016\/05\/28\/incidente-al-poligono-di-oria-ferito-al-capo-in-grave-condizioni-un-ufficiale-dei-carabinieri\/' send='true' layout='button_count' show_faces='true' width='450' height='65' action='recommend' colorscheme='light' font='lucida grande'><\/fb:like><span class=\"fb_share\"><fb:like href=\"https:\/\/www.leccecronaca.it\/index.php\/2016\/05\/28\/incidente-al-poligono-di-oria-ferito-al-capo-in-grave-condizioni-un-ufficiale-dei-carabinieri\/\" layout=\"button_count\"><\/fb:like><\/span>","protected":false},"excerpt":{"rendered":"<p>(g.m.)______Un incidente, a mezzogiorno, sul campo di tiro a Oria, durante una gara, misto di velocit\u00e0 e precisione, e la vita di un\u00a0capitano dei carabinieri, Gianbruno Ruello, 48 anni, di Taranto, in servizio a Bari, \u00e8 appesa ad un filo. Il militare \u00e8 stato accidentalmente raggiunto alla nuca da un proiettile, e adesso \u00e8\u00a0ricoverato in [&hellip;]<\/p>\n","protected":false},"author":4,"featured_media":85999,"comment_status":"open","ping_status":"closed","sticky":false,"template":"","format":"standard","meta":[],"categories":[69],"tags":[],"_links":{"self":[{"href":"https:\/\/www.leccecronaca.it\/index.php\/wp-json\/wp\/v2\/posts\/85998"}],"collection":[{"href":"https:\/\/www.leccecronaca.it\/index.php\/wp-json\/wp\/v2\/posts"}],"about":[{"href":"https:\/\/www.leccecronaca.it\/index.php\/wp-json\/wp\/v2\/types\/post"}],"author":[{"embeddable":true,"href":"https:\/\/www.leccecronaca.it\/index.php\/wp-json\/wp\/v2\/users\/4"}],"replies":[{"embeddable":true,"href":"https:\/\/www.leccecronaca.it\/index.php\/wp-json\/wp\/v2\/comments?post=85998"}],"version-history":[{"count":4,"href":"https:\/\/www.leccecronaca.it\/index.php\/wp-json\/wp\/v2\/posts\/85998\/revisions"}],"predecessor-version":[{"id":86001,"href":"https:\/\/www.leccecronaca.it\/index.php\/wp-json\/wp\/v2\/posts\/85998\/revisions\/86001"}],"wp:featuredmedia":[{"embeddable":true,"href":"https:\/\/www.leccecronaca.it\/index.php\/wp-json\/wp\/v2\/media\/85999"}],"wp:attachment":[{"href":"https:\/\/www.leccecronaca.it\/index.php\/wp-json\/wp\/v2\/media?parent=85998"}],"wp:term":[{"taxonomy":"category","embeddable":true,"href":"https:\/\/www.leccecronaca.it\/index.php\/wp-json\/wp\/v2\/categories?post=85998"},{"taxonomy":"post_tag","embeddable":true,"href":"https:\/\/www.leccecronaca.it\/index.php\/wp-json\/wp\/v2\/tags?post=85998"}],"curies":[{"name":"wp","href":"https:\/\/api.w.org\/{rel}","templated":true}]}}