{"id":86298,"date":"2016-06-01T05:56:54","date_gmt":"2016-06-01T03:56:54","guid":{"rendered":"http:\/\/www.leccecronaca.it\/?p=86298"},"modified":"2016-06-01T16:53:14","modified_gmt":"2016-06-01T14:53:14","slug":"i-percorsi-pizzicati-di-questa-sera-a-lecce-citta","status":"publish","type":"post","link":"https:\/\/www.leccecronaca.it\/index.php\/2016\/06\/01\/i-percorsi-pizzicati-di-questa-sera-a-lecce-citta\/","title":{"rendered":"I PERCORSI &#8216;PIZZICATI&#8217; DI QUESTA SERA A LECCE CITTA&#8217;"},"content":{"rendered":"<p><img decoding=\"async\" loading=\"lazy\" width=\"960\" height=\"720\" title=\"piz\" class=\"aligncenter size-full wp-image-86299\" alt=\"\" src=\"https:\/\/www.leccecronaca.it\/wordpress\/wp-content\/uploads\/2016\/05\/piz.jpg\" srcset=\"https:\/\/www.leccecronaca.it\/wordpress\/wp-content\/uploads\/2016\/05\/piz.jpg 960w, https:\/\/www.leccecronaca.it\/wordpress\/wp-content\/uploads\/2016\/05\/piz-300x225.jpg 300w, https:\/\/www.leccecronaca.it\/wordpress\/wp-content\/uploads\/2016\/05\/piz-768x576.jpg 768w, https:\/\/www.leccecronaca.it\/wordpress\/wp-content\/uploads\/2016\/05\/piz-400x300.jpg 400w\" sizes=\"(max-width: 960px) 100vw, 960px\" \/>(g.a.)______E&#8217; la notte di &#8216;Acustica. Eco Suoni e Tradizioni&#8217;, manifestazione promossa\u00a0dall\u2019 assessorato\u00a0all\u2019ambiente del Comune, che porter\u00e0 la pizzica nelle strade del centro storico.<\/p>\n<p>Si parte dalle ore 21.30 di questo mercoled\u00ec primo giugno; si parte \u00e8 l&#8217; espressione pi\u00f9 giusta, perch\u00e9\u00a0la musica e le danze della tradizione salentina cammineranno su quattro\u00a0percorsi con le gambe\u00a0di ballerine, cantori, poeti e attori, partendo dalle porte storiche della citt\u00e0, con arrivo in\u00a0piazza Sant\u2019Oronzo,\u00a0verso la mezzanotte.<\/p>\n<p>Tra gli animatori,\u00a0il gruppo Triace,\u00a0di Emanuela Gabrieli, Carla Petrachi e Alessia Tondo; le quattro\u00a0Sorelle Gaballo;\u00a0Massimiliano De Marco e Giulio Bianco, Carlo \u201cCanaglia\u201d De Pascalis, Stella Grande, Kumpagnissi, Ariacorte, La Banda delle Zeppole e Li Strittuli.<\/p>\n<p>Ecco il dettaglio delle zone della citt\u00e0 interessate.<\/p>\n<p><strong>Percorso Giravolte<\/strong><\/p>\n<p>con Dario Muci e Rocco Nigro \u201cSULU, UN UOMO DEL SUD \u2013 CANTI DI TERRA E DI MARE\u201d:<\/p>\n<p>Partenza ore 21.30<\/p>\n<p>Via Santa Maria Del Paradiso (alle spalle dell\u2019Ex Conservatorio di Sant\u2019Anna)<\/p>\n<p>Via Dei Figuli<\/p>\n<p>Via Ermenegildo Persone\u2019<\/p>\n<p>Piazzetta Delle Giravolte (Largo Di Via Delle Giravolte) PRIMA SOSTA<\/p>\n<p>Via Dei Salice<\/p>\n<p>Via Marco Basseo<\/p>\n<p>Cortile Palazzo Turrisi SECONDA SOSTA<\/p>\n<p>Via Guglielmo Paladini<\/p>\n<p>Via Degli Ammirati<\/p>\n<p>Vico Dei Sotterranei TERZA SOSTA<\/p>\n<p>Via Degli Ammirati<\/p>\n<p>Piazzetta Orsini QUARTA SOSTA<\/p>\n<p>Piazzetta Vittorio Emanuele<\/p>\n<p>Via Giuspeppe Verdi<\/p>\n<p>Via Alvino (Scalinata Chiesa S. Maria Delle Grazie) QUINTA SOSTA<\/p>\n<p>Arrivo in Piazza Sant\u2019Oronzo alle 23.30<\/p>\n<p><strong>Percorso Porta Napoli<\/strong><\/p>\n<p>con Triace Trio Acoustic, ospiti Sorelle Gaballo, Massimiliano De Marco e Giulio Bianco \u201cNU PASSARE CHIUI CANTANDU\u201d:<\/p>\n<p>Partenza ore 21.30<\/p>\n<p>Porta Napoli<\/p>\n<p>Via Principi Di Savoia<\/p>\n<p>Piazzetta Baglivi PRIMA SOSTA<\/p>\n<p>Piazzetta Chiesa Greca SECONDA SOSTA<\/p>\n<p>Via Umberto I<\/p>\n<p>Palazzo dei Celestini TERZA SOSTA<\/p>\n<p>Piazzetta Castromediano QUARTA SOSTA<\/p>\n<p>Arrivo in Piazza Sant\u2019Oronzo alle 23.30<\/p>\n<p><strong>Percorso Porta San Biagio<\/strong><\/p>\n<p>con Criamu \u201cMUSICA TRADIZIONALE SALENTINA\u201d:<\/p>\n<p>Partenza ore 21.30<\/p>\n<p>Porta San Biagio<\/p>\n<p>Via dei Perroni<\/p>\n<p>Chiesa di San Matteo PRIMA SOSTA<\/p>\n<p>Piazzetta Vittorio Emanuele (Piazzetta Santa Chiara) SECONDA SOSTA<\/p>\n<p>Arrivo in Piazza Sant\u2019Oronzo alle 23.30<\/p>\n<p><strong>Percorso Porta Rudiae<\/strong><\/p>\n<p>con \u201cUCCIO ALOISI GRUPPU\u201d<\/p>\n<p>Partenza ore 21.30<\/p>\n<p>Porta Rudiae<\/p>\n<p>Via Libertini<\/p>\n<p>Ex Conservatorio di Sant\u2019Anna PRIMA SOSTA<\/p>\n<p>Chiesa di Santa Teresa SECONDA SOSTA<\/p>\n<p>Corso Vittorio Emanuele II<\/p>\n<p>Piazza Duomo TERZA SOSTA<\/p>\n<p>Chiesa di Sant\u2019Irene QUARTA SOSTA<\/p>\n<p>Arrivo in Piazza Sant\u2019Oronzo alle 23.30<\/p>\n<p>&nbsp;<\/p>\n<p>&nbsp;<\/p>\n<p>&nbsp;<\/p>\n<fb:like href='https:\/\/www.leccecronaca.it\/index.php\/2016\/06\/01\/i-percorsi-pizzicati-di-questa-sera-a-lecce-citta\/' send='true' layout='button_count' show_faces='true' width='450' height='65' action='recommend' colorscheme='light' font='lucida grande'><\/fb:like><span class=\"fb_share\"><fb:like href=\"https:\/\/www.leccecronaca.it\/index.php\/2016\/06\/01\/i-percorsi-pizzicati-di-questa-sera-a-lecce-citta\/\" layout=\"button_count\"><\/fb:like><\/span>","protected":false},"excerpt":{"rendered":"<p>(g.a.)______E&#8217; la notte di &#8216;Acustica. Eco Suoni e Tradizioni&#8217;, manifestazione promossa\u00a0dall\u2019 assessorato\u00a0all\u2019ambiente del Comune, che porter\u00e0 la pizzica nelle strade del centro storico. Si parte dalle ore 21.30 di questo mercoled\u00ec primo giugno; si parte \u00e8 l&#8217; espressione pi\u00f9 giusta, perch\u00e9\u00a0la musica e le danze della tradizione salentina cammineranno su quattro\u00a0percorsi con le gambe\u00a0di ballerine, [&hellip;]<\/p>\n","protected":false},"author":4,"featured_media":86299,"comment_status":"open","ping_status":"closed","sticky":false,"template":"","format":"standard","meta":[],"categories":[1,69,75],"tags":[],"_links":{"self":[{"href":"https:\/\/www.leccecronaca.it\/index.php\/wp-json\/wp\/v2\/posts\/86298"}],"collection":[{"href":"https:\/\/www.leccecronaca.it\/index.php\/wp-json\/wp\/v2\/posts"}],"about":[{"href":"https:\/\/www.leccecronaca.it\/index.php\/wp-json\/wp\/v2\/types\/post"}],"author":[{"embeddable":true,"href":"https:\/\/www.leccecronaca.it\/index.php\/wp-json\/wp\/v2\/users\/4"}],"replies":[{"embeddable":true,"href":"https:\/\/www.leccecronaca.it\/index.php\/wp-json\/wp\/v2\/comments?post=86298"}],"version-history":[{"count":2,"href":"https:\/\/www.leccecronaca.it\/index.php\/wp-json\/wp\/v2\/posts\/86298\/revisions"}],"predecessor-version":[{"id":86439,"href":"https:\/\/www.leccecronaca.it\/index.php\/wp-json\/wp\/v2\/posts\/86298\/revisions\/86439"}],"wp:featuredmedia":[{"embeddable":true,"href":"https:\/\/www.leccecronaca.it\/index.php\/wp-json\/wp\/v2\/media\/86299"}],"wp:attachment":[{"href":"https:\/\/www.leccecronaca.it\/index.php\/wp-json\/wp\/v2\/media?parent=86298"}],"wp:term":[{"taxonomy":"category","embeddable":true,"href":"https:\/\/www.leccecronaca.it\/index.php\/wp-json\/wp\/v2\/categories?post=86298"},{"taxonomy":"post_tag","embeddable":true,"href":"https:\/\/www.leccecronaca.it\/index.php\/wp-json\/wp\/v2\/tags?post=86298"}],"curies":[{"name":"wp","href":"https:\/\/api.w.org\/{rel}","templated":true}]}}