{"id":86484,"date":"2016-06-02T05:59:23","date_gmt":"2016-06-02T03:59:23","guid":{"rendered":"http:\/\/www.leccecronaca.it\/?p=86484"},"modified":"2016-06-02T11:19:58","modified_gmt":"2016-06-02T09:19:58","slug":"memorial-simone-renda","status":"publish","type":"post","link":"https:\/\/www.leccecronaca.it\/index.php\/2016\/06\/02\/memorial-simone-renda\/","title":{"rendered":"MEMORIAL SIMONE RENDA"},"content":{"rendered":"<p><img decoding=\"async\" loading=\"lazy\" width=\"300\" height=\"293\" title=\"SimoneRenda\" class=\"alignleft size-full wp-image-86485\" alt=\"\" src=\"https:\/\/www.leccecronaca.it\/wordpress\/wp-content\/uploads\/2016\/06\/SimoneRenda.jpg\" srcset=\"https:\/\/www.leccecronaca.it\/wordpress\/wp-content\/uploads\/2016\/06\/SimoneRenda.jpg 300w, https:\/\/www.leccecronaca.it\/wordpress\/wp-content\/uploads\/2016\/06\/SimoneRenda-60x60.jpg 60w\" sizes=\"(max-width: 300px) 100vw, 300px\" \/>di <strong>Carlo Infante______\u00a0<\/strong><\/p>\n<p>E&#8217; in corso di svolgimento oggi, a Lecce, l\u20198\u00b0 \u201cMemorial Simone Renda\u201d. Il torneo calcistico provinciale per bambini si tiene, nuovamente, presso il campo sportivo sito nell\u2019area dell\u2019ex OPIS, in piazzetta Bottazzi; \u00e8 organizzato dall\u2019associazione sportiva dilettantistica \u201cSporting Club\u201d e gode del patrocinio della Federazione Italiana Giuoco Calcio. Parliamo di un\u2019associazione importante nel suo campo, specie in quanto segnalatrice del Torino Football Club (del direttore sportivo Gianluca Petrachi).<\/p>\n<p>Simone Renda (nella foto, molti lo ricordano nel Salento) era un bancario leccese che, 34enne, per\u00ec durante una vacanza messicana, in circostanze che si sta cercando di chiarire innanzi alla Corte d\u2019Assise di Lecce, era il 3 marzo 2007. Il gruppo Facebook dedicatogli (\u201cGiustizia per Simone\u201d) conta oltre 700 membri. Questo caso \u00e8 stato inserito, da Myrta Merlino, nel suo ultimo libro intitolato \u201cMadri\u201d (Perch\u00e9 saranno loro a cambiare il nostro Paese). Altres\u00ec sar\u00e0 inserito in un libro a cura della Onlus \u201cPrigionieri del Silenzio\u201d, l\u2019uscita \u00e8 prevista in autunno.<\/p>\n<p>&nbsp;<\/p>\n<fb:like href='https:\/\/www.leccecronaca.it\/index.php\/2016\/06\/02\/memorial-simone-renda\/' send='true' layout='button_count' show_faces='true' width='450' height='65' action='recommend' colorscheme='light' font='lucida grande'><\/fb:like><span class=\"fb_share\"><fb:like href=\"https:\/\/www.leccecronaca.it\/index.php\/2016\/06\/02\/memorial-simone-renda\/\" layout=\"button_count\"><\/fb:like><\/span>","protected":false},"excerpt":{"rendered":"<p>di Carlo Infante______\u00a0 E&#8217; in corso di svolgimento oggi, a Lecce, l\u20198\u00b0 \u201cMemorial Simone Renda\u201d. Il torneo calcistico provinciale per bambini si tiene, nuovamente, presso il campo sportivo sito nell\u2019area dell\u2019ex OPIS, in piazzetta Bottazzi; \u00e8 organizzato dall\u2019associazione sportiva dilettantistica \u201cSporting Club\u201d e gode del patrocinio della Federazione Italiana Giuoco Calcio. Parliamo di un\u2019associazione importante [&hellip;]<\/p>\n","protected":false},"author":4,"featured_media":86485,"comment_status":"open","ping_status":"closed","sticky":false,"template":"","format":"standard","meta":[],"categories":[69],"tags":[],"_links":{"self":[{"href":"https:\/\/www.leccecronaca.it\/index.php\/wp-json\/wp\/v2\/posts\/86484"}],"collection":[{"href":"https:\/\/www.leccecronaca.it\/index.php\/wp-json\/wp\/v2\/posts"}],"about":[{"href":"https:\/\/www.leccecronaca.it\/index.php\/wp-json\/wp\/v2\/types\/post"}],"author":[{"embeddable":true,"href":"https:\/\/www.leccecronaca.it\/index.php\/wp-json\/wp\/v2\/users\/4"}],"replies":[{"embeddable":true,"href":"https:\/\/www.leccecronaca.it\/index.php\/wp-json\/wp\/v2\/comments?post=86484"}],"version-history":[{"count":3,"href":"https:\/\/www.leccecronaca.it\/index.php\/wp-json\/wp\/v2\/posts\/86484\/revisions"}],"predecessor-version":[{"id":86489,"href":"https:\/\/www.leccecronaca.it\/index.php\/wp-json\/wp\/v2\/posts\/86484\/revisions\/86489"}],"wp:featuredmedia":[{"embeddable":true,"href":"https:\/\/www.leccecronaca.it\/index.php\/wp-json\/wp\/v2\/media\/86485"}],"wp:attachment":[{"href":"https:\/\/www.leccecronaca.it\/index.php\/wp-json\/wp\/v2\/media?parent=86484"}],"wp:term":[{"taxonomy":"category","embeddable":true,"href":"https:\/\/www.leccecronaca.it\/index.php\/wp-json\/wp\/v2\/categories?post=86484"},{"taxonomy":"post_tag","embeddable":true,"href":"https:\/\/www.leccecronaca.it\/index.php\/wp-json\/wp\/v2\/tags?post=86484"}],"curies":[{"name":"wp","href":"https:\/\/api.w.org\/{rel}","templated":true}]}}