{"id":87104,"date":"2016-06-09T00:07:52","date_gmt":"2016-06-08T22:07:52","guid":{"rendered":"http:\/\/www.leccecronaca.it\/?p=87104"},"modified":"2016-06-08T18:41:13","modified_gmt":"2016-06-08T16:41:13","slug":"diario-del-giorno-prima-il-tam-tam-di-annibale-96","status":"publish","type":"post","link":"https:\/\/www.leccecronaca.it\/index.php\/2016\/06\/09\/diario-del-giorno-prima-il-tam-tam-di-annibale-96\/","title":{"rendered":"DIARIO DEL GIORNO PRIMA \/ IL TAM TAM DI ANNIBALE"},"content":{"rendered":"<p><img decoding=\"async\" loading=\"lazy\" src=\"https:\/\/www.leccecronaca.it\/wordpress\/wp-content\/uploads\/2016\/06\/640x344_1415026235781_rainews_20141103154639484-300x161.jpg\" alt=\"\" title=\"640x344_1415026235781_rainews_20141103154639484\" width=\"300\" height=\"161\" class=\"alignleft size-medium wp-image-87105\" srcset=\"https:\/\/www.leccecronaca.it\/wordpress\/wp-content\/uploads\/2016\/06\/640x344_1415026235781_rainews_20141103154639484-300x161.jpg 300w, https:\/\/www.leccecronaca.it\/wordpress\/wp-content\/uploads\/2016\/06\/640x344_1415026235781_rainews_20141103154639484.jpg 640w\" sizes=\"(max-width: 300px) 100vw, 300px\" \/>ITALIA______ ROMA &#8211; Il sostituto Procuratore generale della Corte d&#8217;appello di Roma, Eugenio Rubolino, ha chiesto la condanna dei cinque medici dell&#8217;ospedale Pertini che ebbero in cura Stefano Cucchi, il geometra romano di 32 anni che mori&#8217; il 22 ottobre del 2009 dopo un ricovero di sei giorni. Il rappresentante della pubblica accusa, nell&#8217;ambito del processo di appello bis dopo l&#8217;annullamento degli imputati da parte della Cassazione, ha sollecitato una condanna a 4 anni di reclusione per il primario Aldo Fierro e una a 3 anni e mezzo per i sanitari Stefania Corbi, Flaminia Bruno, Luigi De Marchis e Silvia Di Carlo. &#8220;Stefano Cucchi \u00e8 stato vittima di tortura come Giulio Regeni&#8221; Cos\u00ec Rubolino nella sua requisitoria. &#8220;Cucchi \u00e8 stato pestato, ucciso quando era in mano dello Stato, ucciso da servitori dello Stato in camice bianco. Occorre restituire dignit\u00e0 a Stefano e all&#8217;intero Paese. Bisogna evitare che muoia una terza volta&#8221;, ha aggiunto Rubolino. \u00a0 ITALIA______ ROSARNO (CALABRIA) &#8211; Sono\u00a0due i carabinieri feriti alla tendopoli di San Ferdinando dove \u00e8 stato ucciso un immigrato. Oltre al militare ferito da almeno tre coltellate ad un occhio e ad un braccio, c&#8217;\u00e8 anche un collega, rimasto ferito nella colluttazione nata con l&#8217;immigrato nel tentativo di immobilizzarlo, che ha riportato la frattura della mandibola.\u00a0L\u2019episodio in un\u2019area vicina a Rosarno, che nel periodo invernale ospita migliaia di extracomunitari impegnati nella raccolta delle arance nella piana di Gioia Tauro. I militari tentavano di sedare una lite tra due extracomunitari.\u00a0Dell\u2019immigrato ucciso, al momento, si sa solo che sarebbe originario del Mali.<\/p>\n<p>&nbsp;<\/p>\n<p>MONDO______<\/p>\n<p>PARIGI &#8211;\u00a0risulta alcuna minaccia concreta contro gli europei in Francia. \u00a0E&#8217; quanto assicurano gli organizzatori. &#8220;Non ci sono minacce concrete, precise, a nostra conoscenza, sull&#8217;Euro 2016&#8221;, ha detto il presidente del comitato organizzatore, Jacques Lambert, in una conferenza stampa allo Stade de France. Quanto agli avvertimenti e alle raccomandazioni di alcuni governi stranieri ai propri cittadini che si recano in Francia per gli Europei, Lambert ha parlato di &#8220;messaggi di precauzione&#8221;. \u00a0 &#8220;Siamo pronti a ogni ipotesi &#8211; ha comunque detto Lambert &#8211; compresa quella di giocare partite a porte chiuse. Potrebbe succedere e non solo per motivi di sicurezza, ma ad esempio meteorologici. In quel caso, saremo pronti a far rigiocare la partita il giorno dopo a mezzogiorno&#8221;.<\/p>\n<fb:like href='https:\/\/www.leccecronaca.it\/index.php\/2016\/06\/09\/diario-del-giorno-prima-il-tam-tam-di-annibale-96\/' send='true' layout='button_count' show_faces='true' width='450' height='65' action='recommend' colorscheme='light' font='lucida grande'><\/fb:like><span class=\"fb_share\"><fb:like href=\"https:\/\/www.leccecronaca.it\/index.php\/2016\/06\/09\/diario-del-giorno-prima-il-tam-tam-di-annibale-96\/\" layout=\"button_count\"><\/fb:like><\/span>","protected":false},"excerpt":{"rendered":"<p>ITALIA______ ROMA &#8211; Il sostituto Procuratore generale della Corte d&#8217;appello di Roma, Eugenio Rubolino, ha chiesto la condanna dei cinque medici dell&#8217;ospedale Pertini che ebbero in cura Stefano Cucchi, il geometra romano di 32 anni che mori&#8217; il 22 ottobre del 2009 dopo un ricovero di sei giorni. Il rappresentante della pubblica accusa, nell&#8217;ambito del [&hellip;]<\/p>\n","protected":false},"author":4,"featured_media":87105,"comment_status":"open","ping_status":"closed","sticky":false,"template":"","format":"standard","meta":[],"categories":[1,69,76],"tags":[],"_links":{"self":[{"href":"https:\/\/www.leccecronaca.it\/index.php\/wp-json\/wp\/v2\/posts\/87104"}],"collection":[{"href":"https:\/\/www.leccecronaca.it\/index.php\/wp-json\/wp\/v2\/posts"}],"about":[{"href":"https:\/\/www.leccecronaca.it\/index.php\/wp-json\/wp\/v2\/types\/post"}],"author":[{"embeddable":true,"href":"https:\/\/www.leccecronaca.it\/index.php\/wp-json\/wp\/v2\/users\/4"}],"replies":[{"embeddable":true,"href":"https:\/\/www.leccecronaca.it\/index.php\/wp-json\/wp\/v2\/comments?post=87104"}],"version-history":[{"count":4,"href":"https:\/\/www.leccecronaca.it\/index.php\/wp-json\/wp\/v2\/posts\/87104\/revisions"}],"predecessor-version":[{"id":87108,"href":"https:\/\/www.leccecronaca.it\/index.php\/wp-json\/wp\/v2\/posts\/87104\/revisions\/87108"}],"wp:featuredmedia":[{"embeddable":true,"href":"https:\/\/www.leccecronaca.it\/index.php\/wp-json\/wp\/v2\/media\/87105"}],"wp:attachment":[{"href":"https:\/\/www.leccecronaca.it\/index.php\/wp-json\/wp\/v2\/media?parent=87104"}],"wp:term":[{"taxonomy":"category","embeddable":true,"href":"https:\/\/www.leccecronaca.it\/index.php\/wp-json\/wp\/v2\/categories?post=87104"},{"taxonomy":"post_tag","embeddable":true,"href":"https:\/\/www.leccecronaca.it\/index.php\/wp-json\/wp\/v2\/tags?post=87104"}],"curies":[{"name":"wp","href":"https:\/\/api.w.org\/{rel}","templated":true}]}}