{"id":87121,"date":"2025-06-09T00:01:00","date_gmt":"2025-06-08T22:01:00","guid":{"rendered":"http:\/\/www.leccecronaca.it\/?p=87121"},"modified":"2025-06-08T11:00:14","modified_gmt":"2025-06-08T09:00:14","slug":"buongiorno-per-tutto-il-giorno-198","status":"publish","type":"post","link":"https:\/\/www.leccecronaca.it\/index.php\/2025\/06\/09\/buongiorno-per-tutto-il-giorno-198\/","title":{"rendered":"DIARIO DEL GIORNO \/ LUNEDI&#8217; 9 GIUGNO 2025"},"content":{"rendered":"<p><img decoding=\"async\" loading=\"lazy\" class=\"aligncenter size-full wp-image-87122\" title=\"fido-uno-big\" src=\"https:\/\/www.leccecronaca.it\/wordpress\/wp-content\/uploads\/2016\/06\/fido-uno-big.jpg\" alt=\"\" width=\"480\" height=\"321\" srcset=\"https:\/\/www.leccecronaca.it\/wordpress\/wp-content\/uploads\/2016\/06\/fido-uno-big.jpg 480w, https:\/\/www.leccecronaca.it\/wordpress\/wp-content\/uploads\/2016\/06\/fido-uno-big-300x201.jpg 300w\" sizes=\"(max-width: 480px) 100vw, 480px\" \/><\/p>\n<p>Buongiorno!<\/p>\n<p>Oggi \u00e8 luned\u00ec 9 giugno 2025.<\/p>\n<p>San Efrem.<\/p>\n<p>Incredibile, ma fra i nostri amici c&#8217;\u00e8 un Efrem, Efrem Bovo, che vive ad Alessandria, imprenditore, ed esperto di organizzazione aziendale, e di comunicazione: con un sorriso, il cordiale augurio di buon onomastico che gli rinnoviamo ogni anno.<\/p>\n<p>Come oggi, sessantasette anni fa, nel 1958, mor\u00ec a 17 anni il cane Fido, la cui storia commosse l&#8217; Italia intera. Il meticcio di Luco del Mugello (nel comune di Borgo San Lorenzo, in provincia di Firenze) mor\u00ec dopo essersi recato ogni giorno, tutti i santi giorni per quattordici anni, alla fermata dell&#8217;autobus, per attendere invano il ritorno del padrone, che era perito nel 1943 durante un bombardamento aereo e non aveva fatto pi\u00f9 ritorno a casa.<\/p>\n<p>Proverbio salentino:<strong> ALL&#8217;AMICU E ALLU CUMPARE NNU BINDERE E NNU CATTARE<\/strong><br \/>\nAll&#8217;amico e al compare non vendere e non comprare.<br \/>\nE&#8217; buona norma non fare affari con le persone che ci sono affettivamente pi\u00f9 vicine, perch\u00e9 con queste \u00e8 pi\u00f9 facile che ci siano delle incomprensioni.<\/p>\n<fb:like href='https:\/\/www.leccecronaca.it\/index.php\/2025\/06\/09\/buongiorno-per-tutto-il-giorno-198\/' send='true' layout='button_count' show_faces='true' width='450' height='65' action='recommend' colorscheme='light' font='lucida grande'><\/fb:like><span class=\"fb_share\"><fb:like href=\"https:\/\/www.leccecronaca.it\/index.php\/2025\/06\/09\/buongiorno-per-tutto-il-giorno-198\/\" layout=\"button_count\"><\/fb:like><\/span>","protected":false},"excerpt":{"rendered":"<p>Buongiorno! Oggi \u00e8 luned\u00ec 9 giugno 2025. San Efrem. Incredibile, ma fra i nostri amici c&#8217;\u00e8 un Efrem, Efrem Bovo, che vive ad Alessandria, imprenditore, ed esperto di organizzazione aziendale, e di comunicazione: con un sorriso, il cordiale augurio di buon onomastico che gli rinnoviamo ogni anno. Come oggi, sessantasette anni fa, nel 1958, mor\u00ec [&hellip;]<\/p>\n","protected":false},"author":4,"featured_media":87122,"comment_status":"open","ping_status":"closed","sticky":false,"template":"","format":"standard","meta":[],"categories":[1],"tags":[],"_links":{"self":[{"href":"https:\/\/www.leccecronaca.it\/index.php\/wp-json\/wp\/v2\/posts\/87121"}],"collection":[{"href":"https:\/\/www.leccecronaca.it\/index.php\/wp-json\/wp\/v2\/posts"}],"about":[{"href":"https:\/\/www.leccecronaca.it\/index.php\/wp-json\/wp\/v2\/types\/post"}],"author":[{"embeddable":true,"href":"https:\/\/www.leccecronaca.it\/index.php\/wp-json\/wp\/v2\/users\/4"}],"replies":[{"embeddable":true,"href":"https:\/\/www.leccecronaca.it\/index.php\/wp-json\/wp\/v2\/comments?post=87121"}],"version-history":[{"count":12,"href":"https:\/\/www.leccecronaca.it\/index.php\/wp-json\/wp\/v2\/posts\/87121\/revisions"}],"predecessor-version":[{"id":244043,"href":"https:\/\/www.leccecronaca.it\/index.php\/wp-json\/wp\/v2\/posts\/87121\/revisions\/244043"}],"wp:featuredmedia":[{"embeddable":true,"href":"https:\/\/www.leccecronaca.it\/index.php\/wp-json\/wp\/v2\/media\/87122"}],"wp:attachment":[{"href":"https:\/\/www.leccecronaca.it\/index.php\/wp-json\/wp\/v2\/media?parent=87121"}],"wp:term":[{"taxonomy":"category","embeddable":true,"href":"https:\/\/www.leccecronaca.it\/index.php\/wp-json\/wp\/v2\/categories?post=87121"},{"taxonomy":"post_tag","embeddable":true,"href":"https:\/\/www.leccecronaca.it\/index.php\/wp-json\/wp\/v2\/tags?post=87121"}],"curies":[{"name":"wp","href":"https:\/\/api.w.org\/{rel}","templated":true}]}}