{"id":87132,"date":"2016-06-09T08:57:42","date_gmt":"2016-06-09T06:57:42","guid":{"rendered":"http:\/\/www.leccecronaca.it\/?p=87132"},"modified":"2016-06-12T13:53:33","modified_gmt":"2016-06-12T11:53:33","slug":"il-salento-scende-in-piazza-per-dire-no-alla-devastazione-del-suo-territorio","status":"publish","type":"post","link":"https:\/\/www.leccecronaca.it\/index.php\/2016\/06\/09\/il-salento-scende-in-piazza-per-dire-no-alla-devastazione-del-suo-territorio\/","title":{"rendered":"IL SALENTO SCENDE IN PIAZZA PER DIRE NO ALLA DEVASTAZIONE DEL SUO TERRITORIO"},"content":{"rendered":"<p><strong><img decoding=\"async\" loading=\"lazy\" width=\"800\" height=\"617\" title=\"ero\" class=\"aligncenter size-full wp-image-87135\" alt=\"\" src=\"https:\/\/www.leccecronaca.it\/wordpress\/wp-content\/uploads\/2016\/06\/ero.jpg\" srcset=\"https:\/\/www.leccecronaca.it\/wordpress\/wp-content\/uploads\/2016\/06\/ero.jpg 800w, https:\/\/www.leccecronaca.it\/wordpress\/wp-content\/uploads\/2016\/06\/ero-300x231.jpg 300w, https:\/\/www.leccecronaca.it\/wordpress\/wp-content\/uploads\/2016\/06\/ero-768x592.jpg 768w\" sizes=\"(max-width: 800px) 100vw, 800px\" \/><\/strong><\/p>\n<p>Riceviamo e volentieri pubblichiamo______<\/p>\n<p><strong>Verit\u00e0, giustizia, resistenza e solidariet\u00e0:<\/strong>\u00a0saranno questi i fili conduttori di un corteo che\u00a0<strong>sabato 11 giugno<\/strong>, partir\u00e0 alle\u00a0<strong>18 da Porta Napoli raggiungendo Piazza Sant\u2019Oronzo<\/strong>. La piazza si trasformer\u00e0, sino a mezzanotte, in un luogo di incontro e scambio di informazioni, uno spazio in cui il Salento incontrer\u00e0 s\u00e9 stesso, scoprendo quali verit\u00e0 si nascondono dietro la devastazione che sta colpendo questo fazzoletto di terra, ma soprattutto un luogo in cui il Salento comprender\u00e0 come difendersi da chi intende tramutarlo in una terra avvelenata in favore delle tasche di pochi.<\/p>\n<p>In lotta da ormai tre anni contro gli interessi economici e politici che ruotano intorno a quello che \u00e8 conosciuto come l\u2019affaire xylella, i<strong>l Popolo degli Ulivi sostiene da sempre l\u2019infondatezza scientifica dei Piani messi a punto dalla Regione Puglia e dal Governo Italiano<\/strong>\u00a0per affrontare il Disseccamento Rapido degli Ulivi. Da tre anni, i cittadini attivi chiedono risposte alla scienza, chiedono analisi certe, chiedono verit\u00e0 e chiarezza sulla questione.<\/p>\n<p>Per tre interi anni uomini e donne, giovani ed anziani, mossi dalla volont\u00e0 di difendere gli Ulivi e tutto ci\u00f2 che rappresentano, hanno presidiato le campagne impedendo fisicamente i tagli e l\u2019uso di pesticidi, hanno manifestato per le strade, nelle piazze, sui binari, hanno informato e coinvolto cittadini e contadini, per infondere la consapevolezza necessaria a reagire.<\/p>\n<p>Proprio\u00a0<strong>una di queste manifestazioni ha portato 46 di loro a dover rispondere penalmente dinanzi alla legge<\/strong>: il 10 novembre 2015, esasperati dal recente taglio di 900 ulivi sanissimi, assaliti dalla paura di nuove ed ingiustificate devastazioni, i salentini esasperati hanno occupato i binari di San Pietro Vernotico con l\u2019intenzione di fermare il Piano Silletti ma soprattutto di attirare l\u2019attenzione dei media nazionali sulla vicenda.<\/p>\n<p>Oggi la sentenza della <strong>Corte di Giustizia Europea legittima gli sradicamenti degli ulivi ritenuti infetti e di quelli anche sani presenti nel raggio di cento metri<\/strong>, aprendo a scenari apocalittici che, se realizzati, segnerebbero irreversibilmente il territorio. Il Salento vuole verit\u00e0 e giustizia, il Salento \u00e8 chiamato a prendere coscienza di ci\u00f2 che dovr\u00e0 affrontare, il Salento deve proteggersi da chi vuole annientare il suo territorio.<\/p>\n<p><strong>Sabato 11 giugno Lecce sar\u00e0 teatro di un messaggio di vita, amore e speranza<\/strong>: in marcia contro la devastazione del paesaggio, il Salento potr\u00e0 dire Io C\u2019ero, dimostrando di essere un popolo capace di alzare la testa e difendersi da chi intende svenderlo al miglior offerente o peggio, farne deserto.<\/p>\n<p>Interverranno agricoltori ed agronomi, associazioni e comitati, attivisti del Popolo degli Ulivi che risponderanno alle domande e daranno chiarimenti. Invitate tutti i cittadini, le associazioni ed i gruppi che difendono il territorio.<\/p>\n<p><strong><br \/>\n<\/strong><\/p>\n<fb:like href='https:\/\/www.leccecronaca.it\/index.php\/2016\/06\/09\/il-salento-scende-in-piazza-per-dire-no-alla-devastazione-del-suo-territorio\/' send='true' layout='button_count' show_faces='true' width='450' height='65' action='recommend' colorscheme='light' font='lucida grande'><\/fb:like><span class=\"fb_share\"><fb:like href=\"https:\/\/www.leccecronaca.it\/index.php\/2016\/06\/09\/il-salento-scende-in-piazza-per-dire-no-alla-devastazione-del-suo-territorio\/\" layout=\"button_count\"><\/fb:like><\/span>","protected":false},"excerpt":{"rendered":"<p>Riceviamo e volentieri pubblichiamo______ Verit\u00e0, giustizia, resistenza e solidariet\u00e0:\u00a0saranno questi i fili conduttori di un corteo che\u00a0sabato 11 giugno, partir\u00e0 alle\u00a018 da Porta Napoli raggiungendo Piazza Sant\u2019Oronzo. La piazza si trasformer\u00e0, sino a mezzanotte, in un luogo di incontro e scambio di informazioni, uno spazio in cui il Salento incontrer\u00e0 s\u00e9 stesso, scoprendo quali verit\u00e0 [&hellip;]<\/p>\n","protected":false},"author":1,"featured_media":0,"comment_status":"open","ping_status":"closed","sticky":false,"template":"","format":"standard","meta":[],"categories":[1,69,75],"tags":[],"_links":{"self":[{"href":"https:\/\/www.leccecronaca.it\/index.php\/wp-json\/wp\/v2\/posts\/87132"}],"collection":[{"href":"https:\/\/www.leccecronaca.it\/index.php\/wp-json\/wp\/v2\/posts"}],"about":[{"href":"https:\/\/www.leccecronaca.it\/index.php\/wp-json\/wp\/v2\/types\/post"}],"author":[{"embeddable":true,"href":"https:\/\/www.leccecronaca.it\/index.php\/wp-json\/wp\/v2\/users\/1"}],"replies":[{"embeddable":true,"href":"https:\/\/www.leccecronaca.it\/index.php\/wp-json\/wp\/v2\/comments?post=87132"}],"version-history":[{"count":9,"href":"https:\/\/www.leccecronaca.it\/index.php\/wp-json\/wp\/v2\/posts\/87132\/revisions"}],"predecessor-version":[{"id":87455,"href":"https:\/\/www.leccecronaca.it\/index.php\/wp-json\/wp\/v2\/posts\/87132\/revisions\/87455"}],"wp:attachment":[{"href":"https:\/\/www.leccecronaca.it\/index.php\/wp-json\/wp\/v2\/media?parent=87132"}],"wp:term":[{"taxonomy":"category","embeddable":true,"href":"https:\/\/www.leccecronaca.it\/index.php\/wp-json\/wp\/v2\/categories?post=87132"},{"taxonomy":"post_tag","embeddable":true,"href":"https:\/\/www.leccecronaca.it\/index.php\/wp-json\/wp\/v2\/tags?post=87132"}],"curies":[{"name":"wp","href":"https:\/\/api.w.org\/{rel}","templated":true}]}}