{"id":88633,"date":"2016-06-23T00:07:58","date_gmt":"2016-06-22T22:07:58","guid":{"rendered":"http:\/\/www.leccecronaca.it\/?p=88633"},"modified":"2016-06-22T11:03:26","modified_gmt":"2016-06-22T09:03:26","slug":"diario-del-giorno-prima-il-tam-tam-di-annibale-108","status":"publish","type":"post","link":"https:\/\/www.leccecronaca.it\/index.php\/2016\/06\/23\/diario-del-giorno-prima-il-tam-tam-di-annibale-108\/","title":{"rendered":"DIARIO DEL GIORNO PRIMA \/ IL TAM TAM DI ANNIBALE"},"content":{"rendered":"<p><img decoding=\"async\" loading=\"lazy\" src=\"https:\/\/www.leccecronaca.it\/wordpress\/wp-content\/uploads\/2016\/06\/310x0_1466584044427.rainews_20160622102602814.jpg\" alt=\"\" title=\"310x0_1466584044427.rainews_20160622102602814\" class=\"alignleft size-full wp-image-88634\" height=\"207\" width=\"310\" srcset=\"https:\/\/www.leccecronaca.it\/wordpress\/wp-content\/uploads\/2016\/06\/310x0_1466584044427.rainews_20160622102602814.jpg 310w, https:\/\/www.leccecronaca.it\/wordpress\/wp-content\/uploads\/2016\/06\/310x0_1466584044427.rainews_20160622102602814-300x200.jpg 300w\" sizes=\"(max-width: 310px) 100vw, 310px\" \/>ITALIA______<\/p>\n<p><strong>Tutta Italia &#8211;<\/strong> Cominciava alle otto e trenta la prima prova dell&#8217;esame di maturit\u00e0, sei ore il tempo a disposizione degli studenti per completare la prova. Sono cinquecento-mila gli studenti impegnati nella maturit\u00e0, dodicimila-cinquecento circa le commissioni d&#8217;esame che esamineranno venticinque-mila classi per un totale di cinquecentomila candidati. La seconda prova scritta \u00e8 in calendario gioved\u00ec 23 giugno, mentre la terza prova scritta, diversa per ciascuna scuola, si svolger\u00e0 luned\u00ec 27 giugno. Il ministro dell&#8217;Istruzione, Stefania Giannini, ha dato in diretta a Unomattina, su Raiuno, il codice numerico per sbloccare i plichi delle tracce della prima prova di oggi e poi ha fatto gli auguri agli studenti : <em>&#8220;In bocca al lupo a tutti quanti. Spero che gli studenti abbiano rispettato i miei consigli e abbiano dormito bene stanotte. Ora concentrati ragazzi!&#8221;<\/em>. Auguri anche dal Presidente del Senato, Pietro Grasso che su Twitter ha scritto: <em>&#8220;Date il meglio di voi e andr\u00e0 bene. In bocca al lupo a tutte le ragazze e i ragazzi che oggi iniziano gli esami di #maturita2016&#8221;.<\/em><\/p>\n<p>&nbsp;<\/p>\n<p>ITALIA______<\/p>\n<div><strong>Roma &#8211; <\/strong>Secondo quanto riportava ieri la Gazzetta dello Sport, il marciatore Alex Schwazer \u00e8 stato trovato nuovamente positivo al doping. Gi\u00e0 squalificato per uso di eritropoietina (epo) prima delle Olimpiadi di Londra 2012 e tornato a gareggiare l&#8217;8 maggio scorso, l&#8217;atleta 31enne di origine altotesina non avrebbe superato un controllo fatto a inizio anno durante la sua preparazione per il rientro. Era appena rientrato da squalifica. La notizia (se confermata) sarebbe davvero clamorosa. Come detto Schwazer \u00e8 reduce da tre anni e nove mesi di squalifica per doping e solo lo scorso 8 maggio ha trionfato nella 50km di marcia del Mondiale a squadre di Roma in 3h39&#8217;00. Un tempo e un piazzamento che per il campione olimpico di Pechino 2008 sono valsi la qualificazione ai Giochi carioca dell&#8217;agosto prossimo.<\/div>\n<div><\/div>\n<div>MONDO______<\/div>\n<div><strong><strong>Parigi &#8211;<\/strong><\/strong> La Prefettura di Parigi ha definitivamente vietato la manifestazione di domani (la decima puntata di protesta negli ultimi tre mesi) convocata dai sindacati contro il jobs act del governo. Dopo i gravi incidenti delle ultime dimostrazioni, Hollande aveva comunicato che avrebbe permesso solo un raduno statico, nel tentativo di contenere le violenze, ma i sindacati hanno fatto sapere che un divieto della marcia sarebbe stato inaccettabile e che avrebbero comunque tentato di sfilare per la capitale. La tensione resta altissima in pieno Campionato Europeo.<\/div>\n<fb:like href='https:\/\/www.leccecronaca.it\/index.php\/2016\/06\/23\/diario-del-giorno-prima-il-tam-tam-di-annibale-108\/' send='true' layout='button_count' show_faces='true' width='450' height='65' action='recommend' colorscheme='light' font='lucida grande'><\/fb:like><span class=\"fb_share\"><fb:like href=\"https:\/\/www.leccecronaca.it\/index.php\/2016\/06\/23\/diario-del-giorno-prima-il-tam-tam-di-annibale-108\/\" layout=\"button_count\"><\/fb:like><\/span>","protected":false},"excerpt":{"rendered":"<p>ITALIA______ Tutta Italia &#8211; Cominciava alle otto e trenta la prima prova dell&#8217;esame di maturit\u00e0, sei ore il tempo a disposizione degli studenti per completare la prova. Sono cinquecento-mila gli studenti impegnati nella maturit\u00e0, dodicimila-cinquecento circa le commissioni d&#8217;esame che esamineranno venticinque-mila classi per un totale di cinquecentomila candidati. La seconda prova scritta \u00e8 in [&hellip;]<\/p>\n","protected":false},"author":4,"featured_media":88634,"comment_status":"open","ping_status":"closed","sticky":false,"template":"","format":"standard","meta":[],"categories":[1,69,76],"tags":[],"_links":{"self":[{"href":"https:\/\/www.leccecronaca.it\/index.php\/wp-json\/wp\/v2\/posts\/88633"}],"collection":[{"href":"https:\/\/www.leccecronaca.it\/index.php\/wp-json\/wp\/v2\/posts"}],"about":[{"href":"https:\/\/www.leccecronaca.it\/index.php\/wp-json\/wp\/v2\/types\/post"}],"author":[{"embeddable":true,"href":"https:\/\/www.leccecronaca.it\/index.php\/wp-json\/wp\/v2\/users\/4"}],"replies":[{"embeddable":true,"href":"https:\/\/www.leccecronaca.it\/index.php\/wp-json\/wp\/v2\/comments?post=88633"}],"version-history":[{"count":1,"href":"https:\/\/www.leccecronaca.it\/index.php\/wp-json\/wp\/v2\/posts\/88633\/revisions"}],"predecessor-version":[{"id":88635,"href":"https:\/\/www.leccecronaca.it\/index.php\/wp-json\/wp\/v2\/posts\/88633\/revisions\/88635"}],"wp:featuredmedia":[{"embeddable":true,"href":"https:\/\/www.leccecronaca.it\/index.php\/wp-json\/wp\/v2\/media\/88634"}],"wp:attachment":[{"href":"https:\/\/www.leccecronaca.it\/index.php\/wp-json\/wp\/v2\/media?parent=88633"}],"wp:term":[{"taxonomy":"category","embeddable":true,"href":"https:\/\/www.leccecronaca.it\/index.php\/wp-json\/wp\/v2\/categories?post=88633"},{"taxonomy":"post_tag","embeddable":true,"href":"https:\/\/www.leccecronaca.it\/index.php\/wp-json\/wp\/v2\/tags?post=88633"}],"curies":[{"name":"wp","href":"https:\/\/api.w.org\/{rel}","templated":true}]}}