{"id":89751,"date":"2016-07-03T00:07:58","date_gmt":"2016-07-02T22:07:58","guid":{"rendered":"http:\/\/www.leccecronaca.it\/?p=89751"},"modified":"2016-07-02T11:58:17","modified_gmt":"2016-07-02T09:58:17","slug":"diario-del-giorno-prima-il-tam-tam-di-annibale-117","status":"publish","type":"post","link":"https:\/\/www.leccecronaca.it\/index.php\/2016\/07\/03\/diario-del-giorno-prima-il-tam-tam-di-annibale-117\/","title":{"rendered":"DIARIO DEL GIORNO PRIMA \/ IL TAM TAM DI ANNIBALE"},"content":{"rendered":"<p>ITALIA______<br \/>\nMILANO &#8211; Della necessit\u00e0 di uscire dall&#8217;Euro &#8220;abbiamo iniziato a sostenerlo sei mesi fa, io vado oltre. Non serve un referendum perch\u00e9 sarebbe un massacro per l&#8217;economia. Io dico che, se la Lega va al governo, noi usciamo. Altrimenti se fai tre mesi di campagna sul referendum sull&#8217;Euro, c&#8217;\u00e8 gente come Soros che ti massacra&#8221;. Lo afferma il leader della Lega Nord Matteo Salvini, a margine del Festival del Lavoro all&#8217;Angelicum. &#8220;La parabola di Renzi \u00e8 finita, se ne \u00e8 accorto anche lui, se ne sono accorti gli italiani, noi ci stiamo preparando al dopo-Renzi con una proposta seria. Io penso che il referendum non passer\u00e0, gli italiani hanno capito che \u00e8 una bufala&#8221;, ha concluso Salvini.<\/p>\n<p><img decoding=\"async\" loading=\"lazy\" src=\"https:\/\/www.leccecronaca.it\/wordpress\/wp-content\/uploads\/2016\/07\/310x0_1467446809838.assalto_portavalori_ansa.jpg\" alt=\"\" title=\"310x0_1467446809838.assalto_portavalori_ansa\" width=\"310\" height=\"233\" class=\"alignleft size-full wp-image-89752\" srcset=\"https:\/\/www.leccecronaca.it\/wordpress\/wp-content\/uploads\/2016\/07\/310x0_1467446809838.assalto_portavalori_ansa.jpg 310w, https:\/\/www.leccecronaca.it\/wordpress\/wp-content\/uploads\/2016\/07\/310x0_1467446809838.assalto_portavalori_ansa-300x225.jpg 300w\" sizes=\"(max-width: 310px) 100vw, 310px\" \/>ITALIA______<br \/>\nCAGLIARI &#8211; Assalto armato a un portavalori ieri mattina sulla Statale 130, al km 40, nei pressi del bivio per Domusnovas, lungo la trafficata arteria che collega Cagliari a Iglesias e Carbonia. Verso le 8 un commando armato ha bloccato la strada e tentato di rapinare un furgone portavalori, ma proprio in quel momento transitava una pattuglia della Polizia Stradale di Carbonia. C&#8217;\u00e8 stato un conflitto a fuoco, ma non ci sarebbero feriti. I malviventi avrebbero preso con loro anche un ostaggio, subito per\u00f2 rilasciato. I banditi sono fuggiti e il colpo \u00e8 fallito. La banda che ha tentato l&#8217;assalto era composta da almeno quattro persone, armate con fucili semiautomatici. Oltre alla Polizia di Stato, che sta seguendo il caso, sul posto indagano anche i Carabinieri.<\/p>\n<p>MONDO______<br \/>\nVIENNA &#8211; Con la Turchia nell&#8217;Ue, o con nuove modifiche dei trattati comunitari tese a ridurre le competenze degli Stati membri, dopo la Brexit l&#8217;Europa dovrebbe affrontare la &#8216;Austrexit&#8217;. Lo afferma, in un&#8217;intervista al Corriere della Sera, il leader ultranazionalista Norbert Hofer, vincitore del ricorso alla Corte costituzionale austriaca per irregolarit\u00e0 nel ballottaggio che, il 22 maggio scorso, lo aveva visto sconfitto per poco pi\u00f9 di 30mila voti contro il verde Alexander Van der Bellen. &#8220;Ogni cittadino austriaco deve essere certo che la sua voce sia tenuta in giusta considerazione. Io ritengo che denunciare un&#8217;infrazione delle regole sia innanzitutto un dovere democratico&#8221;, dice Hofer. Ora che la partita per la presidenza \u00e8 riaperta, &#8220;per me, per noi, non cambier\u00e0 nulla. Come ho sempre detto, non finger\u00f2 di essere qualcun altro&#8221;.<\/p>\n<fb:like href='https:\/\/www.leccecronaca.it\/index.php\/2016\/07\/03\/diario-del-giorno-prima-il-tam-tam-di-annibale-117\/' send='true' layout='button_count' show_faces='true' width='450' height='65' action='recommend' colorscheme='light' font='lucida grande'><\/fb:like><span class=\"fb_share\"><fb:like href=\"https:\/\/www.leccecronaca.it\/index.php\/2016\/07\/03\/diario-del-giorno-prima-il-tam-tam-di-annibale-117\/\" layout=\"button_count\"><\/fb:like><\/span>","protected":false},"excerpt":{"rendered":"<p>ITALIA______ MILANO &#8211; Della necessit\u00e0 di uscire dall&#8217;Euro &#8220;abbiamo iniziato a sostenerlo sei mesi fa, io vado oltre. Non serve un referendum perch\u00e9 sarebbe un massacro per l&#8217;economia. Io dico che, se la Lega va al governo, noi usciamo. Altrimenti se fai tre mesi di campagna sul referendum sull&#8217;Euro, c&#8217;\u00e8 gente come Soros che ti [&hellip;]<\/p>\n","protected":false},"author":4,"featured_media":89752,"comment_status":"open","ping_status":"closed","sticky":false,"template":"","format":"standard","meta":[],"categories":[1,69,76],"tags":[],"_links":{"self":[{"href":"https:\/\/www.leccecronaca.it\/index.php\/wp-json\/wp\/v2\/posts\/89751"}],"collection":[{"href":"https:\/\/www.leccecronaca.it\/index.php\/wp-json\/wp\/v2\/posts"}],"about":[{"href":"https:\/\/www.leccecronaca.it\/index.php\/wp-json\/wp\/v2\/types\/post"}],"author":[{"embeddable":true,"href":"https:\/\/www.leccecronaca.it\/index.php\/wp-json\/wp\/v2\/users\/4"}],"replies":[{"embeddable":true,"href":"https:\/\/www.leccecronaca.it\/index.php\/wp-json\/wp\/v2\/comments?post=89751"}],"version-history":[{"count":1,"href":"https:\/\/www.leccecronaca.it\/index.php\/wp-json\/wp\/v2\/posts\/89751\/revisions"}],"predecessor-version":[{"id":89753,"href":"https:\/\/www.leccecronaca.it\/index.php\/wp-json\/wp\/v2\/posts\/89751\/revisions\/89753"}],"wp:featuredmedia":[{"embeddable":true,"href":"https:\/\/www.leccecronaca.it\/index.php\/wp-json\/wp\/v2\/media\/89752"}],"wp:attachment":[{"href":"https:\/\/www.leccecronaca.it\/index.php\/wp-json\/wp\/v2\/media?parent=89751"}],"wp:term":[{"taxonomy":"category","embeddable":true,"href":"https:\/\/www.leccecronaca.it\/index.php\/wp-json\/wp\/v2\/categories?post=89751"},{"taxonomy":"post_tag","embeddable":true,"href":"https:\/\/www.leccecronaca.it\/index.php\/wp-json\/wp\/v2\/tags?post=89751"}],"curies":[{"name":"wp","href":"https:\/\/api.w.org\/{rel}","templated":true}]}}