{"id":90141,"date":"2016-07-11T12:59:58","date_gmt":"2016-07-11T10:59:58","guid":{"rendered":"http:\/\/www.leccecronaca.it\/?p=90141"},"modified":"2016-07-18T15:49:07","modified_gmt":"2016-07-18T13:49:07","slug":"ogm-e-svendita-della-terra-la-puglia-come-lafrica","status":"publish","type":"post","link":"https:\/\/www.leccecronaca.it\/index.php\/2016\/07\/11\/ogm-e-svendita-della-terra-la-puglia-come-lafrica\/","title":{"rendered":"OGM E SVENDITA DELLA TERRA: LA PUGLIA COME L&#8217;AFRICA?"},"content":{"rendered":"<p><em><strong><img decoding=\"async\" loading=\"lazy\" width=\"500\" height=\"309\" title=\"ulivovendesi\" class=\"alignleft size-full wp-image-90571\" alt=\"\" src=\"https:\/\/www.leccecronaca.it\/wordpress\/wp-content\/uploads\/2016\/07\/ulivovendesi.jpg\" srcset=\"https:\/\/www.leccecronaca.it\/wordpress\/wp-content\/uploads\/2016\/07\/ulivovendesi.jpg 500w, https:\/\/www.leccecronaca.it\/wordpress\/wp-content\/uploads\/2016\/07\/ulivovendesi-300x185.jpg 300w\" sizes=\"(max-width: 500px) 100vw, 500px\" \/><\/strong><\/em><\/p>\n<p>di <strong>Eleonora Ciminiello<\/strong><em><strong>______<\/strong>\u00abSono tanti quelli disposti a sborsare miliardi per garantirsi grandi superfici coltivabili, spesso solo nominalmente vergini, marginali o spopolate, e c&#8217;\u00e8 chi \u00e8 ben propenso a concederle. L&#8217;affare del secolo? \u00c8 la terra\u00bb.<\/em><\/p>\n<p>Abbiamo deciso di aprire il nostro discorso con la quarta di copertina del libro <strong>&#8220;Corsa alla terra&#8221;<\/strong> del coordinatore dell&#8217;Alleanza Progressista dei Socialisti e Democratici alla Commissione Agricoltura del Parlamento Europeo <strong>Paolo de Castro,<\/strong> nominato, fra l&#8217;altro, relatore permanente per il negoziato di libero scambio fra l&#8217;Unione Europea e gli Stati Uniti, noto come TTIP.<\/p>\n<p>Abbiamo scelto queste parole e vorremmo che i nostri lettori\u00a0le tengano bene a mente, perch\u00e9 riteniamo possano spiegare l&#8217;assalto alla Terra, e ai suoi abitanti,\u00a0che si sta verificando in Puglia ed in particolar modo in Salento.<\/p>\n<p>Il 19 ottobre del 2000 a Firenze l&#8217;<strong>Accademia dei Georgofili<\/strong>, assieme ad altre accademie italiane, fonda l&#8217;Unione Nazionale delle Accademie italiane per le scienze applicate allo sviluppo dell&#8217;agricoltura, alla sicurezza alimentare e alla tutela ambientale: si chiama <strong>UNASA<\/strong> e la sua presidenza \u00e8 affidata al professor <strong>Scaramuzzi<\/strong>, attualmente presidente onorario dell&#8217;Accademia dei Georgofili.<\/p>\n<p>Ricordiamo che dell&#8217;accademia fanno parte l&#8217;europarlamentare <strong>Paolo de Castro<\/strong>, il professore dell&#8217;Universit\u00e0 di Bari <strong>Giovanni Martelli<\/strong>, il ricercatore del CNR di Bari <strong>Donato Boscia<\/strong>, il dirigente del MIPAAF <strong>Bruno Faraglia<\/strong>, e i docenti (o ex) dell&#8217;Universit\u00e0 di Bari <strong>Francesco Faretra<\/strong>, <strong>Angelo Godini<\/strong> e <strong>Pasquale Montemurro<\/strong>, ai quali si aggiunge <strong>Vito Nicola Savino<\/strong>, direttore del Centro Ricerche e Sperimentazione per la Formazione in Agricoltura &#8220;Basile-Caramia&#8221;.<\/p>\n<p>A questi nomi, ormai <span style=\"text-decoration: underline;\">noti per il caso &#8220;Disseccamento Rapido degli Ulivi&#8221;<\/span>, se ne aggiungono altri, impensabili, di accademici onorari come <strong>Romano Prodi<\/strong>, <strong>Giorgio Napolitano<\/strong>, <strong>Cesare Romiti<\/strong> e <strong>Adriana Poli Bortone<\/strong>, tanto per citarne alcuni. Ebbene nel 2000, i Georgofili assieme ad altre accademie, d\u00e0 vita a UNASA.<\/p>\n<p>L&#8217;associazione ha lo scopo di <strong>fungere da aggregante fra tutte le accademie coinvolte per presentarsi al mondo istituzionale a tutti i livelli come unico referente con cui confrontarsi<\/strong>. \u00c8 essenziale ricordare che\u00a0l&#8217;accademia dei Georgofili ha pi\u00f9 e pi\u00f9 volte ribadito il suo sostegno alle innovazioni OGM, cos\u00ec come l&#8217;ha fatto Paolo de Castro nel suo scritto. Secondo l&#8217;europarlamentare il settore ricerca e agricoltura necessita di maggior protagonismo da parte delle strutture pubbliche, che <strong>dovrebbero portare avanti delle ricerche sugli OGM per motivi &#8220;etici&#8221;,<\/strong> evitando che i benefici ottenuti dai privati siano inaccessibili ai &#8220;poveri contadini&#8221;.<\/p>\n<p>Beh, dal lontano 2011, quando il libro di De Castro viene pubblicato ci sembra che qualcuno l&#8217;abbia ascoltato: certamente l&#8217;Italia ed il ministro delle Politiche Agricole <strong>Maurizio Martina<\/strong>, il quale recentemente ha stanziato <strong>21 milioni di euro<\/strong> alla ricerca attraverso il <strong><a href=\"https:\/\/www.leccecronaca.it\/index.php\/2016\/03\/02\/ttip-ogm-e-puglia-bruxelles-roma-lecce-lautostrada-degli-interessi\/\" target=\"_blank\">genome editing e la cisgenesi<\/a><\/strong>\u00a0da applicare all&#8217;olivo, al pomodoro, agli agrumi e alla vite, per citare solo alcune fra le specie prescelte. Secondo il Ministero, queste tecnologie sono <strong>sostenibili<\/strong>.<\/p>\n<p>Ma di certo sta cominciando ad ascoltarlo anche l&#8217;Europa, se <strong>la Commissione lo scorso 8 giugno ha approvato la commercializzazione di prodotti OGM pur senza avere il sostegno della maggioranza degli Stati Membri.<\/strong> La Commissione ha deciso quindi che sul territorio Europeo possono essere venduti quattro tipi di mais OGM e i loro prodotti derivati, dei quali uno, di propriet\u00e0 della Monsanto, possiede un gene dimostratosi resistente al glifosate.<\/p>\n<p>Insomma, una rivoluzione verde, partita negli anni Settanta, poi interrotta da un pizzico di buon senso ed ora ripresa in nome del Denaro, ma non \u00e8 tutto.<\/p>\n<p>La necessit\u00e0 di produrre di pi\u00f9 non \u00e8 la sola a farsi spazio in questa nuova <em>&#8220;rivoluzione verde ingegnerizzata&#8221;<\/em>: \u00e8 necessario accaparrarsi la terra senza apparire degli speculatori.<\/p>\n<p>Le terre del Salento, cos\u00ec come la maggior parte di quelle dell&#8217;intera Puglia, hanno una propriet\u00e0 molto frammentata: esistono migliaia di piccoli proprietari che producono il loro olio per l&#8217;autoconsumo, tuttalpi\u00f9 ne desinano una piccola percentuale alla vendita, della quale non si occupano, lasciandolo fare alla cooperativa di appartenenza.<\/p>\n<p>Pensando ai proprietari terrieri non possono non balzarci alla mente i nostri nonni: <span style=\"text-decoration: underline;\">il legame culturale che stringe questi uomini all&#8217;ulivo \u00e8 talmente grande che in nessun caso hanno mai pensato di venderli, disfarsene, n\u00e9 tanto meno decidere di coltivare altro, nemmeno se pi\u00f9 redditizio.<\/span><\/p>\n<p>La terra \u00e8 il sangue dei loro padri, dei loro nonni, dei loro avi: come convincerli a venderlo per pochi spicci? Una fortunata coincidenza quella della comparsa di xylella fastidiosa sul territorio salentino? Forse, di certo <strong>un evento che concorre ad aggiustare tanti &#8220;piani&#8221;.<\/strong><\/p>\n<p>\u00c8 un caso ad esempio che l&#8217;europarlamentare <strong>Paolo De Castro<\/strong>, assieme a <strong>Raffaele Fitto<\/strong> e <strong>Pantaleo Piccinno<\/strong> di Coldiretti Lecce, chiedono la <strong>SOSTITUZIONE<\/strong> di ulivi secolari con piante di leccino? <strong>La richiesta di cambiare in nome di una produttivit\u00e0 innovativa \u00e8 casuale?<\/strong><\/p>\n<p>Aprire al leccino non significa solo appoggiare una teoria che si fa strada sempre e solo sui giornali, e ultimamente anche su una rivista scientifica accreditata (dove \u00e8 stata presentata peraltro lasciando inalterati errori grossolani), ma significa aprire a colture che vanno a modificare irrimediabilmente il paesaggio, significa accettare una produzione di massa che fa capo a colture da superintensivo.<\/p>\n<p><strong>Ci si aspettava forse che Coldiretti difendesse la terra?<\/strong> Forse i contadini del Salento non se lo aspettavano, visto ci\u00f2 che ha fatto in passato: svendere le quote di vigneti e tabacco al Veneto, favorendo l&#8217;indebolimento del reddito agricolo al Sud, e quindi considerando il Sud e i suoi contadini l&#8217;Africa d&#8217;Italia.<\/p>\n<p>La domanda che abbiamo posto all&#8217;inizio del nostro discorso <em>&#8220;La Puglia come l&#8217;Africa?&#8221;<\/em> \u00e8 reale, e vuole spingere alla riflessione, soprattutto in virt\u00f9 di alcuni dati.<\/p>\n<p>Il Sud del mondo, e ci riferiamo all&#8217;Africa, \u00e8 da sempre colpito dalla corsa alla terra, l&#8217;accaparramento, il cosiddetto <strong>grab landing<\/strong>. Per grab landing si \u00e8 solitamente intesa l&#8217;acquisizione sfrenata delle terra, la speculazione sui terreni; oggi per\u00f2 ci troviamo di fronte ad accaparramenti terrieri che hanno alla base <strong>accordi che apparentemente sono legali<\/strong> ed hanno come comun denominatore <span style=\"text-decoration: underline;\">pressioni da lobby commerciali che non hanno interessi solo nell&#8217;agricoltura, ma anche nel turismo, nello sfruttamento delle piante, nelle energie rinnovabili e non<\/span>.<\/p>\n<p>Partendo da questa definizione e dal convincimento che molti governi di facciata, dietro a belle parole come sostenibilit\u00e0, fanno interessi di altri, come le lobby della ricerca e dei produttori OGM, ci rendiamo conto che solo teoricamente essi vanno incontro agli interessi della collettivit\u00e0, pensando a loro volta solo ad investire e guadagnare. Un esempio molto semplice che ci sovviene alla mente \u00e8 l&#8217;ultimo investimento che conta 20 milioni di euro da parte del governo italiano per sostenere la produzione di olio pakistano: insomma l&#8217;Italia investe in OGM da produrre sul suo territorio e fornisce denaro per far produrre olio al Pakistan. Che olio sar\u00e0, con quali piante e con quale sostenibilit\u00e0, ovviamente non \u00e8 dato sapere.<\/p>\n<p>Ma l&#8217;accaparramento delle terre non \u00e8 solo cosa da Sud del mondo. Ci chiediamo:<\/p>\n<p>Se il Disseccamento Rapido degli Ulivi fosse stato presentato dai media, dalle testate giornalistiche, dalla scienza, dai referenti delle associazioni di agricoltori, Coldiretti e Cia in testa, per ci\u00f2 che \u00e8, un insieme di fattori che si sono innescati su terreni privi di materiale organico, gli agricoltori come avrebbero reagito? La risposta \u00e8 immediata, nutrendo il terreno e facendo di tutto per riavere ci\u00f2 che i propri avi hanno affidato loro.<\/p>\n<p>Perch\u00e9 allora \u00e8 stata presentata xylella, senza alcuna prova scientifica, come unica causa, come madre del disseccamento, come la &#8220;peste&#8221;, il &#8220;killer&#8221; degli ulivi? Forse per eliminare in ciascun piccolo proprietario terriero la speranza ed insieme la voglia di curarli?<\/p>\n<p>Si apre anche in <strong>Salento<\/strong> quindi, la questione dell&#8217;accaparramento della terra, dell&#8217;<strong>acquisto di terre a bassissimo costo da parte di privati.<\/strong> Ricordiamo l&#8217;incontro tenutosi a Martano il 24 aprile 2015 che legava il tema &#8220;Xylella&#8221; a quello della &#8220;Banca della Terra&#8221;: perch\u00e9 mettere assieme due cose cos\u00ec diverse?<\/p>\n<p>Con le sue parole il vice presidente di Legacoop <strong>Angelo Petruzzella<\/strong> ce lo spiega: <em>&#8220;La Banca della Terra, gi\u00e0 positivamente avviate da Legacoop Agroalimentare, in altre Regioni, rappresenta uno strumento per <span style=\"text-decoration: underline;\">far incontrare l\u2019 offerta di superfici agricole da parte di\u00a0 proprietari che non vogliono o non possono pi\u00f9 condurre, per vari motivi, i loro terreni e la domanda da parte di agricoltori , singoli o in forma cooperativa, soprattutto giovani, che invece hanno bisogno di superfici agricole per ampliare o avviare nuove aziende agricole di adeguate dimensioni .<\/span><\/em><\/p>\n<p><em>\u00c8 una forma semplice con la quale affrontare il fenomeno ormai vasto di superfici non adeguatamente coltivate o addirittura abbandonate da proprietari che non sono pi\u00f9 nelle condizioni di gestirle, ma \u00e8 anche <strong>lo strumento per\u00a0aumentare la dimensione aziendale per raggiungere un livello di efficienza in grado di fornire un reddito adeguato al conduttore e affrontare la sfida dell\u2019innovazione.&#8221;<\/strong><\/em><\/p>\n<p>La Banca della Terra in Puglia \u00e8 stata affidata in via sperimentale alla cooperativa agricola Nuova Generazione, presieduta da <strong>Emilio Saracino<\/strong>, nella quale convergono circa 300 aziende agricole del territorio: chi acquister\u00e0 i terreni che <strong><em>&#8220;i contadini convinti che non ci sia pi\u00f9 niente da fare&#8221;<\/em><\/strong> stanno vendendo per pochi spiccioli? Vorremmo tanto saperlo, e soprattutto vorremmo sapere quali innovazioni vi saranno applicate.<\/p>\n<p>Anche il governo d\u00e0 il beneplacito all&#8217;uso delle Banche della Terra dovunque in Italia: l&#8217;ultimo collegato agricoltura dispone che siano istituite le Banche della Terra presso ISMEA.<\/p>\n<p>Nel frattempo il 6 luglio 2016 il comune di Valenzano ha affidato le terre sottratte alla mafia all&#8217;Universit\u00e0 di Bari, allo IAM di Bari, AGI, Confcooperative e Legacoop. Dal comunicato si legge: che la finalit\u00e0 \u00e8 &#8220;Costruire un\u00a0<strong>distretto locale della innovazione sociale, un sistema integrato tra ricerca e sperimentazione, imprese e cittadini\u00a0per<\/strong> un nuovo modo di concepire il bene comune, gli spazi della comunit\u00e0, la citt\u00e0 metropolitana di Bari.&#8221;<\/p>\n<p>La Puglia svende il suo patrimonio senza accorgersene. Il miglior modo per aggirare l&#8217;accaparramento? Costituire lobby che includono tante piccole e grandi aziende, fornendo loro l&#8217;aspetto di distretti in cui vengono portati avanti i principi di qualit\u00e0 ed eccellenza, spingere i piccoli agricoltori e le organizzazioni agricole a livello locale a partecipare dei processi innovativi, &#8220;aiutarli&#8221; ad apprezzare gli OGM e il superintensivo.<\/p>\n<p>E come si fa con chi resta legato al suo patrimonio? Per loro c&#8217;\u00e8 xylella, e i piani imposti da Regione, Governo &amp; Co.<\/p>\n<fb:like href='https:\/\/www.leccecronaca.it\/index.php\/2016\/07\/11\/ogm-e-svendita-della-terra-la-puglia-come-lafrica\/' send='true' layout='button_count' show_faces='true' width='450' height='65' action='recommend' colorscheme='light' font='lucida grande'><\/fb:like><span class=\"fb_share\"><fb:like href=\"https:\/\/www.leccecronaca.it\/index.php\/2016\/07\/11\/ogm-e-svendita-della-terra-la-puglia-come-lafrica\/\" layout=\"button_count\"><\/fb:like><\/span>","protected":false},"excerpt":{"rendered":"<p>di Eleonora Ciminiello______\u00abSono tanti quelli disposti a sborsare miliardi per garantirsi grandi superfici coltivabili, spesso solo nominalmente vergini, marginali o spopolate, e c&#8217;\u00e8 chi \u00e8 ben propenso a concederle. L&#8217;affare del secolo? \u00c8 la terra\u00bb. Abbiamo deciso di aprire il nostro discorso con la quarta di copertina del libro &#8220;Corsa alla terra&#8221; del coordinatore dell&#8217;Alleanza [&hellip;]<\/p>\n","protected":false},"author":1,"featured_media":90571,"comment_status":"open","ping_status":"closed","sticky":false,"template":"","format":"standard","meta":[],"categories":[1,69,76],"tags":[],"_links":{"self":[{"href":"https:\/\/www.leccecronaca.it\/index.php\/wp-json\/wp\/v2\/posts\/90141"}],"collection":[{"href":"https:\/\/www.leccecronaca.it\/index.php\/wp-json\/wp\/v2\/posts"}],"about":[{"href":"https:\/\/www.leccecronaca.it\/index.php\/wp-json\/wp\/v2\/types\/post"}],"author":[{"embeddable":true,"href":"https:\/\/www.leccecronaca.it\/index.php\/wp-json\/wp\/v2\/users\/1"}],"replies":[{"embeddable":true,"href":"https:\/\/www.leccecronaca.it\/index.php\/wp-json\/wp\/v2\/comments?post=90141"}],"version-history":[{"count":14,"href":"https:\/\/www.leccecronaca.it\/index.php\/wp-json\/wp\/v2\/posts\/90141\/revisions"}],"predecessor-version":[{"id":91430,"href":"https:\/\/www.leccecronaca.it\/index.php\/wp-json\/wp\/v2\/posts\/90141\/revisions\/91430"}],"wp:featuredmedia":[{"embeddable":true,"href":"https:\/\/www.leccecronaca.it\/index.php\/wp-json\/wp\/v2\/media\/90571"}],"wp:attachment":[{"href":"https:\/\/www.leccecronaca.it\/index.php\/wp-json\/wp\/v2\/media?parent=90141"}],"wp:term":[{"taxonomy":"category","embeddable":true,"href":"https:\/\/www.leccecronaca.it\/index.php\/wp-json\/wp\/v2\/categories?post=90141"},{"taxonomy":"post_tag","embeddable":true,"href":"https:\/\/www.leccecronaca.it\/index.php\/wp-json\/wp\/v2\/tags?post=90141"}],"curies":[{"name":"wp","href":"https:\/\/api.w.org\/{rel}","templated":true}]}}