{"id":90271,"date":"2016-07-08T11:13:46","date_gmt":"2016-07-08T09:13:46","guid":{"rendered":"http:\/\/www.leccecronaca.it\/?p=90271"},"modified":"2016-07-08T12:17:54","modified_gmt":"2016-07-08T10:17:54","slug":"castiglione-dotranto-9-luglio-franco-arminio-a-il-pane-e-le-rose","status":"publish","type":"post","link":"https:\/\/www.leccecronaca.it\/index.php\/2016\/07\/08\/castiglione-dotranto-9-luglio-franco-arminio-a-il-pane-e-le-rose\/","title":{"rendered":"CASTIGLIONE D&#8217;OTRANTO: SABATO 9 SERATA CON FRANCO ARMINIO PER LA RIQUALIFICAZIONE DEI NOSTRI PAESI"},"content":{"rendered":"<p><em><img decoding=\"async\" loading=\"lazy\" width=\"700\" height=\"291\" title=\"ARMINIO\" class=\"aligncenter size-full wp-image-90272\" alt=\"\" src=\"https:\/\/www.leccecronaca.it\/wordpress\/wp-content\/uploads\/2016\/07\/ARMINIO.jpg\" srcset=\"https:\/\/www.leccecronaca.it\/wordpress\/wp-content\/uploads\/2016\/07\/ARMINIO.jpg 700w, https:\/\/www.leccecronaca.it\/wordpress\/wp-content\/uploads\/2016\/07\/ARMINIO-300x125.jpg 300w\" sizes=\"(max-width: 700px) 100vw, 700px\" \/><\/em><\/p>\n<p>(Rdl)_____\u201c<em>Conta quello che accade nelle urne, ma anche quello che accade tra le zolle<\/em>\u201d.<\/p>\n<p>La comunit\u00e0 come architrave del futuro, i vincoli di solidariet\u00e0 come leva di ripensamento del territorio, l\u2019intimit\u00e0 dei borghi e la passione dei campi come tempi del riscatto e di nuove politiche: sar\u00e0 un dialogo intenso quello con il poeta paesologo Franco Arminio, in apertura de <em>\u201cIl pane e le rose\u201d<\/em>, l\u2019elogio della condivisione, che per il secondo anno <strong>Casa delle Agriculture Tullia e Gino<\/strong> ha ideato, con il sostegno del <strong>Centro Servizi Volontariato Salento<\/strong> e il patrocinio del <strong>Comune di Andrano<\/strong>.<\/p>\n<p>L\u2019appuntamento \u00e8 in <strong>Piazza della Libert\u00e0, a Castiglione d\u2019Otranto, sabato 9 luglio, a partire dalle ore 20<\/strong>.<br \/>\nLa riflessione parte dalla fotografia della realt\u00e0. C\u2019\u00e8 un fenomeno che non si arresta nel Salento e in una buona fetta dell\u2019Italia rurale: lo spopolamento dei centri pi\u00f9 lontani dalla citt\u00e0. Chiudono le scuole, chiudono le fabbriche, vengono smantellati i servizi.<\/p>\n<p>La provincia di Lecce sta rischiando di rimetterci completamente il Capo di Leuca. Sono bastati due decenni per avere paesi svuotati: due, tre nuovi nati ogni anno; altissimi tassi di emigrazione dei giovani; centri storici in semi abbandono. C\u2019\u00e8 poi il rovescio della medaglia: il boom senza freni dei comuni intorno al capoluogo, con annesse speculazioni edilizie e mancanza di politiche di integrazione. Cos\u00ec si perdono storie e avvenire. <strong><em>\u201cInevitabile\u201d<\/em><\/strong>, secondo qualcuno. Oppure no,<strong> la tendenza pu\u00f2 non essere inarrestabile e i piccoli paesi possono essere terre di ritorni senza tradimento<\/strong>. Per capirlo, bisogna, per\u00f2, entrare dentro i luoghi, viverli, vedere il tutto che pu\u00f2 esserci nel loro solito niente.<\/p>\n<p>Ecco perch\u00e9 la presenza di <strong>Franco Arminio<\/strong> (nella foto), maestro elementare, poeta, scrittore, documentarista e fondatore della \u201cpaesologia\u201d, <em>\u201cuna scienza che studia i paesi, partendo dall&#8217;idea che ogni paese \u00e8 diverso dall&#8217;altro\u201d<\/em>. Tantissimi i suoi scritti che danno parola allo sguardo lungo su queste realt\u00e0. Arminio \u00e8 anche animatore di battaglie civili, punto di riferimento per le discussioni sulle problematiche dei territori, ideatore delle scuole di paesologia, una decina in ogni parte d\u2019Italia.<br \/>\n<strong><\/strong><\/p>\n<p><strong>Si inizier\u00e0, dunque, con lui, con il dialogo alle ore 20.<\/strong> Poi, si lascer\u00e0 il posto al rito della cena di comunit\u00e0, con le lunghe tavolate in piazza. Il convivio \u00e8 il frutto di una rete di mutuo soccorso nata nella frazione di Andrano e basata sul concetto di <em>\u201cdono\u201d<\/em> e di <em>\u201cscambio\u201d<\/em>. Il cibo per gli ospiti, infatti, \u00e8 cucinato con quanto proviene dagli orti del paese ed \u00e8 stato donato dai cittadini: ortaggi e cereali coltivati nei campi dove da cinque anni si porta avanti la riconversione con metodi naturali dei terreni incolti, concessi in comodato d\u2019uso gratuito da privati ai giovani di Casa delle Agriculture.<br \/>\nDurante la serata, il presidente onorario della Notte Verde 2016, <strong>Francesco Minonne<\/strong> (direttore del Parco regionale Otranto-S.M.di Leuca), presenter\u00e0 in anteprima le novit\u00e0 della quinta edizione del 31 agosto. Infine, ci sar\u00e0 la musica live, con il concerto del maestro <strong>Angelo Urso<\/strong>.<br \/>\nPer la cena, che servir\u00e0 a finanziare dal basso la Notte Verde, \u00e8 gradita prenotazione ai numeri 320\/2956454 e 328\/1714373.<\/p>\n<fb:like href='https:\/\/www.leccecronaca.it\/index.php\/2016\/07\/08\/castiglione-dotranto-9-luglio-franco-arminio-a-il-pane-e-le-rose\/' send='true' layout='button_count' show_faces='true' width='450' height='65' action='recommend' colorscheme='light' font='lucida grande'><\/fb:like><span class=\"fb_share\"><fb:like href=\"https:\/\/www.leccecronaca.it\/index.php\/2016\/07\/08\/castiglione-dotranto-9-luglio-franco-arminio-a-il-pane-e-le-rose\/\" layout=\"button_count\"><\/fb:like><\/span>","protected":false},"excerpt":{"rendered":"<p>(Rdl)_____\u201cConta quello che accade nelle urne, ma anche quello che accade tra le zolle\u201d. La comunit\u00e0 come architrave del futuro, i vincoli di solidariet\u00e0 come leva di ripensamento del territorio, l\u2019intimit\u00e0 dei borghi e la passione dei campi come tempi del riscatto e di nuove politiche: sar\u00e0 un dialogo intenso quello con il poeta paesologo [&hellip;]<\/p>\n","protected":false},"author":1,"featured_media":0,"comment_status":"open","ping_status":"closed","sticky":false,"template":"","format":"standard","meta":[],"categories":[1,75],"tags":[],"_links":{"self":[{"href":"https:\/\/www.leccecronaca.it\/index.php\/wp-json\/wp\/v2\/posts\/90271"}],"collection":[{"href":"https:\/\/www.leccecronaca.it\/index.php\/wp-json\/wp\/v2\/posts"}],"about":[{"href":"https:\/\/www.leccecronaca.it\/index.php\/wp-json\/wp\/v2\/types\/post"}],"author":[{"embeddable":true,"href":"https:\/\/www.leccecronaca.it\/index.php\/wp-json\/wp\/v2\/users\/1"}],"replies":[{"embeddable":true,"href":"https:\/\/www.leccecronaca.it\/index.php\/wp-json\/wp\/v2\/comments?post=90271"}],"version-history":[{"count":8,"href":"https:\/\/www.leccecronaca.it\/index.php\/wp-json\/wp\/v2\/posts\/90271\/revisions"}],"predecessor-version":[{"id":90296,"href":"https:\/\/www.leccecronaca.it\/index.php\/wp-json\/wp\/v2\/posts\/90271\/revisions\/90296"}],"wp:attachment":[{"href":"https:\/\/www.leccecronaca.it\/index.php\/wp-json\/wp\/v2\/media?parent=90271"}],"wp:term":[{"taxonomy":"category","embeddable":true,"href":"https:\/\/www.leccecronaca.it\/index.php\/wp-json\/wp\/v2\/categories?post=90271"},{"taxonomy":"post_tag","embeddable":true,"href":"https:\/\/www.leccecronaca.it\/index.php\/wp-json\/wp\/v2\/tags?post=90271"}],"curies":[{"name":"wp","href":"https:\/\/api.w.org\/{rel}","templated":true}]}}