{"id":90498,"date":"2016-07-11T00:07:21","date_gmt":"2016-07-10T22:07:21","guid":{"rendered":"http:\/\/www.leccecronaca.it\/?p=90498"},"modified":"2016-07-10T12:00:13","modified_gmt":"2016-07-10T10:00:13","slug":"diario-del-giorno-prima-il-tam-tam-di-annibale-125","status":"publish","type":"post","link":"https:\/\/www.leccecronaca.it\/index.php\/2016\/07\/11\/diario-del-giorno-prima-il-tam-tam-di-annibale-125\/","title":{"rendered":"DIARIO DEL GIORNO PRIMA \/ IL TAM TAM DI ANNIBALE"},"content":{"rendered":"<p>ITALIA______<\/p>\n<p><strong>BOLZANO &#8211;<\/strong> <em>&#8220;Eravamo convinti della provenienza esterna di questa positivit\u00e0, l&#8217;urina \u00e8 stata manomessa. Siamo confortati da ulteriori pareri che ci confermano che tutti i profili ematici e non solo, precedenti e successivi, di Schwazer sono perfetti. Quindi siamo convinti che la prova relativa al rilievo di gennaio sia stata manomessa&#8221;<\/em>. Cos\u00ec Gerhard Brandstaetter, legale di Alex Schwazer, \u00e8 intervenuto a Radio Sportiva per commentare l&#8217;esito delle controanalisi cui si \u00e8 sottoposto il marciatore. <em>&#8220;Noi abbiamo le prove: se ci fosse stata attivit\u00e0 dopante ci sarebbero stati ulteriori riscontri. Quella storia della bistecca era un&#8217;interpretazione di un giornalista che aveva capito male&#8230;<\/em> &#8211; continua l&#8217;avvocato &#8211; <em>Un atleta che ha fatto 60 test in un anno, che negligenza ha? Il suo tecnico Donati \u00e8 il pi\u00f9 grande oppositore del doping. Tutti i test &#8216;puliti&#8217; fatti prima e dopo quello incriminato dimostrano indirettamente che c&#8217;\u00e8 stata manomissione. Questa vicenda \u00e8 un attentato allo sport italiano&#8221;<\/em>.<\/p>\n<p>&nbsp;<\/p>\n<p>ITALIA______<\/p>\n<p><strong>ROMA &#8211;<\/strong> <em>&#8220;Le priorit\u00e0 per il Paese sono altre. La mia paura \u00e8 che per salvarsi le poltrone bloccheranno i lavori parlamentari. Una follia&#8221;.<\/em> Cos\u00ec in un&#8217;intervista al Corriere della Sera il vicepresidente della Camera e membro del direttorio M5s, Luigi Di Maio. <em>&#8220;Per noi l&#8217;Italicum va abolito, non modificato&#8221;<\/em>, sottolinea. E al suo posto <em>&#8220;vorremmo il Democratellum. Noi faremmo la migliore legge che si ispiri alla stabilit\u00e0 della maggioranza. Il paradosso \u00e8 che chi ha votato l&#8217;Italicum ora vuole cambiarlo. Delle due l&#8217;una, o prima erano solo slogan di partito o ora hanno paura del M5s. L&#8217;auspicio \u00e8 che si vada a votare nel 2017 e noi presenteremo i nostri candidati in prossimit\u00e0 delle elezioni. De Benedetti ha detto che \u00e8 diffidente verso di me come potenziale premier? Detto da uno che ha promosso Letta e Renzi negli ultimi tre anni lo prendo come un complimento&#8221;.<\/em><\/p>\n<p>&nbsp;<\/p>\n<p><img decoding=\"async\" loading=\"lazy\" src=\"https:\/\/www.leccecronaca.it\/wordpress\/wp-content\/uploads\/2016\/07\/475x255_1468137750134.rainews_201607100954512691-300x161.jpg\" alt=\"\" title=\"475x255_1468137750134.rainews_20160710095451269\" class=\"alignleft size-medium wp-image-90499\" height=\"161\" width=\"300\" srcset=\"https:\/\/www.leccecronaca.it\/wordpress\/wp-content\/uploads\/2016\/07\/475x255_1468137750134.rainews_201607100954512691-300x161.jpg 300w, https:\/\/www.leccecronaca.it\/wordpress\/wp-content\/uploads\/2016\/07\/475x255_1468137750134.rainews_201607100954512691.jpg 475w\" sizes=\"(max-width: 300px) 100vw, 300px\" \/>MONDO______<\/p>\n<p><strong>ARAGONA (SPAGNA) &#8211;<\/strong> Victor Barrio, torero 29enne di Segovia \u00e8 morto ieri pomeriggio dopo essere stato incornato nell&#8217;arena di Teruel, da un toro di 529 kg e di nome Lorenzo. Il toro ha colpito il torero sotto l&#8217;ascella e al torace, raggiungendo cuore e polmoni. Il torero, come riportano i media spagnoli, \u00e8 stato subito trasferito in ospedale ma i medici non hanno potuto fare niente per salvare la sua vita, mentre la manifestazione \u00e8 stata sospesa. Un&#8217;altra tragedia si \u00e8 verificata vicino a Valencia dove un ragazzo di 28 anni ha perso la vita durante una corsa con i giovani tori, nella quale \u00e8 tradizione che gli uomini dimostrino il loro coraggio sfidando le corna degli animali. Altre due persone sono rimaste ferite nella festa di San Firmin, a Pamplona. Nuovo sangue che fa gonfiare ulteriormente le polemiche sempre pi\u00f9 forti attorno alla corrida ed alle feste con i tori, da secoli nei geni della cultura spagnola, oggi sempre pi\u00f9 contestate da animalisti, sinistre e indipendentisti, che le identificano con \u00abl&#8217;imperialismo spagnolo\u00bb. Nel 2015 un altro grave incidente si \u00e8 verificato durante una corrida a Coira, in Spagna. Un uomo di 43 anni, M.C.B le iniziali del nome, \u00e8 morto dopo essere stato colpito al torace e all\u2019addome da un toro durante una delle tradizionali manifestazioni estive nelle quali centinaia di persone corrono con i tori a Coria. Sempre nel 2015, altre tre persone hanno perso la vita nelle corse con i tori. Per far fronte a questa drammatica sequenza di morti le nuove giunte comunali targate Podemos a Madrid, Saragozza, Valencia, La Coruna, annunciarono il taglio di fondi pubblici e divieti contro la Fiesta Nacional, provocando la rivolta dei toreri che invitarorno gli aficionados a scendere in piazza.<\/p>\n<p>&nbsp;<\/p>\n<fb:like href='https:\/\/www.leccecronaca.it\/index.php\/2016\/07\/11\/diario-del-giorno-prima-il-tam-tam-di-annibale-125\/' send='true' layout='button_count' show_faces='true' width='450' height='65' action='recommend' colorscheme='light' font='lucida grande'><\/fb:like><span class=\"fb_share\"><fb:like href=\"https:\/\/www.leccecronaca.it\/index.php\/2016\/07\/11\/diario-del-giorno-prima-il-tam-tam-di-annibale-125\/\" layout=\"button_count\"><\/fb:like><\/span>","protected":false},"excerpt":{"rendered":"<p>ITALIA______ BOLZANO &#8211; &#8220;Eravamo convinti della provenienza esterna di questa positivit\u00e0, l&#8217;urina \u00e8 stata manomessa. Siamo confortati da ulteriori pareri che ci confermano che tutti i profili ematici e non solo, precedenti e successivi, di Schwazer sono perfetti. Quindi siamo convinti che la prova relativa al rilievo di gennaio sia stata manomessa&#8221;. Cos\u00ec Gerhard Brandstaetter, [&hellip;]<\/p>\n","protected":false},"author":4,"featured_media":90499,"comment_status":"open","ping_status":"closed","sticky":false,"template":"","format":"standard","meta":[],"categories":[1,69,76],"tags":[],"_links":{"self":[{"href":"https:\/\/www.leccecronaca.it\/index.php\/wp-json\/wp\/v2\/posts\/90498"}],"collection":[{"href":"https:\/\/www.leccecronaca.it\/index.php\/wp-json\/wp\/v2\/posts"}],"about":[{"href":"https:\/\/www.leccecronaca.it\/index.php\/wp-json\/wp\/v2\/types\/post"}],"author":[{"embeddable":true,"href":"https:\/\/www.leccecronaca.it\/index.php\/wp-json\/wp\/v2\/users\/4"}],"replies":[{"embeddable":true,"href":"https:\/\/www.leccecronaca.it\/index.php\/wp-json\/wp\/v2\/comments?post=90498"}],"version-history":[{"count":1,"href":"https:\/\/www.leccecronaca.it\/index.php\/wp-json\/wp\/v2\/posts\/90498\/revisions"}],"predecessor-version":[{"id":90500,"href":"https:\/\/www.leccecronaca.it\/index.php\/wp-json\/wp\/v2\/posts\/90498\/revisions\/90500"}],"wp:featuredmedia":[{"embeddable":true,"href":"https:\/\/www.leccecronaca.it\/index.php\/wp-json\/wp\/v2\/media\/90499"}],"wp:attachment":[{"href":"https:\/\/www.leccecronaca.it\/index.php\/wp-json\/wp\/v2\/media?parent=90498"}],"wp:term":[{"taxonomy":"category","embeddable":true,"href":"https:\/\/www.leccecronaca.it\/index.php\/wp-json\/wp\/v2\/categories?post=90498"},{"taxonomy":"post_tag","embeddable":true,"href":"https:\/\/www.leccecronaca.it\/index.php\/wp-json\/wp\/v2\/tags?post=90498"}],"curies":[{"name":"wp","href":"https:\/\/api.w.org\/{rel}","templated":true}]}}