{"id":90684,"date":"2016-07-11T17:12:17","date_gmt":"2016-07-11T15:12:17","guid":{"rendered":"http:\/\/www.leccecronaca.it\/?p=90684"},"modified":"2016-07-11T20:52:40","modified_gmt":"2016-07-11T18:52:40","slug":"si-accorge-che-gli-stanno-bruciando-il-fugone-reagisce-e-gli-sparano-addosso-alba-di-paura-al-mercato","status":"publish","type":"post","link":"https:\/\/www.leccecronaca.it\/index.php\/2016\/07\/11\/si-accorge-che-gli-stanno-bruciando-il-fugone-reagisce-e-gli-sparano-addosso-alba-di-paura-al-mercato\/","title":{"rendered":"SI ACCORGE CHE GLI STANNO BRUCIANDO IL FUGONE, REAGISCE E GLI SPARANO ADDOSSO. ALBA DI PAURA AL MERCATO DI VIA DEL MARE A LECCE CITTA&#8217;"},"content":{"rendered":"<p><img decoding=\"async\" loading=\"lazy\" width=\"572\" height=\"429\" title=\"mercato\" class=\"alignleft size-full wp-image-90685\" alt=\"\" src=\"https:\/\/www.leccecronaca.it\/wordpress\/wp-content\/uploads\/2016\/07\/mercato.jpg\" srcset=\"https:\/\/www.leccecronaca.it\/wordpress\/wp-content\/uploads\/2016\/07\/mercato.jpg 572w, https:\/\/www.leccecronaca.it\/wordpress\/wp-content\/uploads\/2016\/07\/mercato-300x225.jpg 300w, https:\/\/www.leccecronaca.it\/wordpress\/wp-content\/uploads\/2016\/07\/mercato-400x300.jpg 400w\" sizes=\"(max-width: 572px) 100vw, 572px\" \/>(g.a.)______&#8230;E poi ci sono le intimidazioni, le vendette, gli avvertimenti del racket, e chiss\u00e0 che altro, a base di auto incendiate. Ogni giorno, uno stillicidio, un lungo rosario di violenze quotidiane. Queste sono le postille, le note a margine, i post scriptum del nostro romanzo quotidiano.<\/p>\n<p>&#8216;Stamattina all&#8217; alba, un altro episodio, che, se non avesse avuto sviluppi, sarebbe passato nel silenzio, nell&#8217; indifferenza, nella rassegnazione, come tutti gli altri. Al mercato, quello del luned\u00ec e del venerd\u00ec,\u00a0nella zona\u00a0della via\u00a0del Mare di Lecce (nella foto), contro un commerciante, e il suo furgone.<\/p>\n<p>Questa volta per\u00f2 l&#8217; esito \u00e8 stato diverso, perch\u00e9 la vittima si \u00e8 accorta di quanto stava avvenendo, e si \u00e8 messo a gridare, a rincorrere i tre giovani che stavano dando fuoco al suo mezzo.<\/p>\n<p>Peggio. Gli hanno sparato addosso. Per miracolo non \u00e8 stato colpito dalle pallottole di una pistola, mal funzionante.<\/p>\n<p>Quando \u00e8 arrivata la Polizia, erano gi\u00e0 scappati. Difficile capire nella precisione e nella concretezza\u00a0necessarie alle indagini chi siano, e perch\u00e9 fan cos\u00ec. Per terra, per fortuna, sull&#8217; asfalto, e non nel corpo della vittima designata, un proiettile inesploso.<\/p>\n<p>Sulla fiancata del furgone, i danneggiamenti. Nell&#8217; anima, invece, le ferite pi\u00f9 profonde.<\/p>\n<p>&nbsp;<\/p>\n<p>&nbsp;<\/p>\n<p>&nbsp;<\/p>\n<p>&nbsp;<\/p>\n<fb:like href='https:\/\/www.leccecronaca.it\/index.php\/2016\/07\/11\/si-accorge-che-gli-stanno-bruciando-il-fugone-reagisce-e-gli-sparano-addosso-alba-di-paura-al-mercato\/' send='true' layout='button_count' show_faces='true' width='450' height='65' action='recommend' colorscheme='light' font='lucida grande'><\/fb:like><span class=\"fb_share\"><fb:like href=\"https:\/\/www.leccecronaca.it\/index.php\/2016\/07\/11\/si-accorge-che-gli-stanno-bruciando-il-fugone-reagisce-e-gli-sparano-addosso-alba-di-paura-al-mercato\/\" layout=\"button_count\"><\/fb:like><\/span>","protected":false},"excerpt":{"rendered":"<p>(g.a.)______&#8230;E poi ci sono le intimidazioni, le vendette, gli avvertimenti del racket, e chiss\u00e0 che altro, a base di auto incendiate. Ogni giorno, uno stillicidio, un lungo rosario di violenze quotidiane. Queste sono le postille, le note a margine, i post scriptum del nostro romanzo quotidiano. &#8216;Stamattina all&#8217; alba, un altro episodio, che, se non [&hellip;]<\/p>\n","protected":false},"author":4,"featured_media":90685,"comment_status":"open","ping_status":"closed","sticky":false,"template":"","format":"standard","meta":[],"categories":[69],"tags":[],"_links":{"self":[{"href":"https:\/\/www.leccecronaca.it\/index.php\/wp-json\/wp\/v2\/posts\/90684"}],"collection":[{"href":"https:\/\/www.leccecronaca.it\/index.php\/wp-json\/wp\/v2\/posts"}],"about":[{"href":"https:\/\/www.leccecronaca.it\/index.php\/wp-json\/wp\/v2\/types\/post"}],"author":[{"embeddable":true,"href":"https:\/\/www.leccecronaca.it\/index.php\/wp-json\/wp\/v2\/users\/4"}],"replies":[{"embeddable":true,"href":"https:\/\/www.leccecronaca.it\/index.php\/wp-json\/wp\/v2\/comments?post=90684"}],"version-history":[{"count":3,"href":"https:\/\/www.leccecronaca.it\/index.php\/wp-json\/wp\/v2\/posts\/90684\/revisions"}],"predecessor-version":[{"id":90687,"href":"https:\/\/www.leccecronaca.it\/index.php\/wp-json\/wp\/v2\/posts\/90684\/revisions\/90687"}],"wp:featuredmedia":[{"embeddable":true,"href":"https:\/\/www.leccecronaca.it\/index.php\/wp-json\/wp\/v2\/media\/90685"}],"wp:attachment":[{"href":"https:\/\/www.leccecronaca.it\/index.php\/wp-json\/wp\/v2\/media?parent=90684"}],"wp:term":[{"taxonomy":"category","embeddable":true,"href":"https:\/\/www.leccecronaca.it\/index.php\/wp-json\/wp\/v2\/categories?post=90684"},{"taxonomy":"post_tag","embeddable":true,"href":"https:\/\/www.leccecronaca.it\/index.php\/wp-json\/wp\/v2\/tags?post=90684"}],"curies":[{"name":"wp","href":"https:\/\/api.w.org\/{rel}","templated":true}]}}