{"id":90965,"date":"2016-07-14T13:15:45","date_gmt":"2016-07-14T11:15:45","guid":{"rendered":"http:\/\/www.leccecronaca.it\/?p=90965"},"modified":"2016-07-18T15:47:40","modified_gmt":"2016-07-18T13:47:40","slug":"firmamento-erasmus-erasmusland-lecce-promossa-a-pieni-voti-inchiesta-sullesperienza-piu-emozionante-delleuro-universitario","status":"publish","type":"post","link":"https:\/\/www.leccecronaca.it\/index.php\/2016\/07\/14\/firmamento-erasmus-erasmusland-lecce-promossa-a-pieni-voti-inchiesta-sullesperienza-piu-emozionante-delleuro-universitario\/","title":{"rendered":"FIRMAMENTO ERASMUS \/ ERASMUSLAND LECCE PROMOSSA A PIENI VOTI! INCHIESTA SULL&#8217;ESPERIENZA PIU&#8217; EMOZIONANTE DELL&#8217;EURO-UNIVERSITARIO&#8230;"},"content":{"rendered":"<p><strong>di Annibale Gagliani______<\/strong><\/p>\n<p>&nbsp;<\/p>\n<p><img decoding=\"async\" loading=\"lazy\" width=\"212\" height=\"300\" title=\"800px-Holbein-erasmus\" class=\"alignleft size-medium wp-image-90970\" alt=\"\" src=\"https:\/\/www.leccecronaca.it\/wordpress\/wp-content\/uploads\/2016\/07\/800px-Holbein-erasmus-212x300.jpg\" srcset=\"https:\/\/www.leccecronaca.it\/wordpress\/wp-content\/uploads\/2016\/07\/800px-Holbein-erasmus-212x300.jpg 212w, https:\/\/www.leccecronaca.it\/wordpress\/wp-content\/uploads\/2016\/07\/800px-Holbein-erasmus-724x1024.jpg 724w, https:\/\/www.leccecronaca.it\/wordpress\/wp-content\/uploads\/2016\/07\/800px-Holbein-erasmus-768x1087.jpg 768w, https:\/\/www.leccecronaca.it\/wordpress\/wp-content\/uploads\/2016\/07\/800px-Holbein-erasmus.jpg 800w\" sizes=\"(max-width: 212px) 100vw, 212px\" \/>Un abbraccio mutliculturale che canta a squarcia gola l&#8217;Inno alla Gioia, diventato pienamente maturo nelle ultime decadi e perci\u00f2 sempre pi\u00f9 indispensabile per i jeunes r\u00eaveurs. Un intensive project ispirato con arguzia all&#8217;opera del giramondo olandese Erasmo da Rotterdam, conosciuto altres\u00ec come <em>&#8220;Desiderius Erasmus&#8221;<\/em>, uno dei teologi-filosofi umanisti pi\u00f9 leggendari del quindicesimo secolo. Il suo scritto pi\u00f9 interessante \u00e8 indubitabilmente l&#8217;<em>Elogio della follia<\/em>, che lo consacr\u00f2 come il maggiore esponente dell&#8217;Umanesimo cristiano, rivoluzionario modo di concepire l&#8217;uomo in rapporto all&#8217;arte e alla cultura sociale dell&#8217;epoca (illuminando le tenebre del Medioevo).<\/p>\n<p>Noi abbiamo toccato con mano la ricchezza che regala questa esperienza totale, che non punta solo alla formazione accademica dello studente, bens\u00ec a quella umana della persona che decide di immergersi nel voyage gialloblu.<\/p>\n<p>Nel nostro Ateneo leccese siamo fortunati, poich\u00e9 esiste una realt\u00e0 che accoglie amorevolmente gli studenti stranieri arrivati con tutti i dubbi del caso in un Salento non sempre amichevole: parlo di <em>Erasmusland Lecce. <\/em><\/p>\n<p><em><\/em>La squadra di studenti-volontari che toujours si fa in quattro per regalare soggiorni indimenticabili ai compagni europei merita un encomio condiviso. Lavorano nel back stage a scanso di gloria, nutrendosi delle impagabili soddisfazioni che affiorano dal sorriso di un ospite, inizialmente smarrito, ma che alla fine dell&#8217;avventura non vorrebbe mai lasciare il Tacco dell&#8217;Italia.<\/p>\n<p>Tra feste esaltanti, escursioni strepitose per gli angoli pi\u00f9 belli della costa salentina e incontri di scambio artistico in location armoniose, sono volati anche quest&#8217;anno i giorni in cui l&#8217;Obelisco e l&#8217;Ecotekne fervevano grazie ai diversi linguaggi che volteggiavano nell&#8217;aria.<\/p>\n<p>Ecco la formazione che pu\u00f2 far gonfiare il petto d&#8217;orgoglio a tutti coloro che credono nell&#8217;Unile, difendendola dai bacchettoni di turno, esperti nel rintracciare il cavillo pi\u00f9 impercettibile (da sinistra a destra nella foto abbiamo):<\/p>\n<p><img decoding=\"async\" loading=\"lazy\" width=\"200\" height=\"300\" title=\"13705262_265995500447651_1112913012_n\" class=\"alignleft size-medium wp-image-90976\" alt=\"\" src=\"https:\/\/www.leccecronaca.it\/wordpress\/wp-content\/uploads\/2016\/07\/13705262_265995500447651_1112913012_n-200x300.jpg\" srcset=\"https:\/\/www.leccecronaca.it\/wordpress\/wp-content\/uploads\/2016\/07\/13705262_265995500447651_1112913012_n-200x300.jpg 200w, https:\/\/www.leccecronaca.it\/wordpress\/wp-content\/uploads\/2016\/07\/13705262_265995500447651_1112913012_n.jpg 427w\" sizes=\"(max-width: 200px) 100vw, 200px\" \/><strong><\/strong><\/p>\n<p><strong>Simone Branca<\/strong>\u00a0 e <strong>Andrea Colonna<\/strong>, i due fondatori di <em>Erasmusland Lecce;<\/em><\/p>\n<p>E poi tutti i volontari del team,<strong> Antonio Stasi<\/strong>,<\/p>\n<p>&nbsp;<\/p>\n<p><strong>Eleonora Rielli, Anna Francavilla<\/strong>, <strong>Dalila Caggia,<\/strong><\/p>\n<p>&nbsp;<\/p>\n<p>&nbsp;<\/p>\n<p><strong>Pamela Lezzi, Laura Frassanito, Maria Sofia Rossetti,<\/strong><\/p>\n<p>&nbsp;<\/p>\n<p><strong>Davide Fasiello, Alessandro Sicuro e Ernesto Gigante.<\/strong><\/p>\n<p>&nbsp;<\/p>\n<p>Abbiamo avuto la fortuna di chiacchierare con un gruppo di ragazzi Erasmus che \u00e8 arrivato all&#8217;epilogo dell&#8217;esperience 2015\/2016, ottime risorse che si sono ambientate benissimo all&#8217;interno del tessuto cittadino. Ovvimente l&#8217;impatto all&#8217;inizio non \u00e8 stato ottimale, soprattutto per gli studenti nordici, per il semplice fatto che non tutti i colleghi italiani parlano un preciso inglese e a volte non hanno la capacit\u00e0 di comunicare con accuratezza (me compreso). Ma col passare del tempo gli Erasmus, attraverso incontri distensivi nei party universitari, gite fuori porta, frequenza in palestre e altri centri sportivi, si sono subito ambientati a dovere, instaurando un rapporto di amicizia con gli italiani a loro vicini.<\/p>\n<p><img decoding=\"async\" loading=\"lazy\" width=\"300\" height=\"225\" title=\"13645335_1378188068874294_7022645452178010776_n\" class=\"alignleft size-medium wp-image-90980\" alt=\"\" src=\"https:\/\/www.leccecronaca.it\/wordpress\/wp-content\/uploads\/2016\/07\/13645335_1378188068874294_7022645452178010776_n-300x225.jpg\" srcset=\"https:\/\/www.leccecronaca.it\/wordpress\/wp-content\/uploads\/2016\/07\/13645335_1378188068874294_7022645452178010776_n-300x225.jpg 300w, https:\/\/www.leccecronaca.it\/wordpress\/wp-content\/uploads\/2016\/07\/13645335_1378188068874294_7022645452178010776_n-768x576.jpg 768w, https:\/\/www.leccecronaca.it\/wordpress\/wp-content\/uploads\/2016\/07\/13645335_1378188068874294_7022645452178010776_n-400x300.jpg 400w, https:\/\/www.leccecronaca.it\/wordpress\/wp-content\/uploads\/2016\/07\/13645335_1378188068874294_7022645452178010776_n.jpg 960w\" sizes=\"(max-width: 300px) 100vw, 300px\" \/>Abbiamo conosciuto Philip per esempio, un brother inglese dal cuore grande, che a dire il vero nei suoi mesi di permaneza in Italia non ha imparato tantissimo della lingua, ma che si \u00e8 integrato perfettamente con gli studenti di Ingegneria e di altri indirizzi. Ci raccontava della sua tristezza per la questione Brexit, che lo rende a tutti gli effetti un privilegiato, visto che sar\u00e0 probabilmente uno degli ultimi ragazzi ad usufruire del progetto europeo. Lui ama l&#8217;Arsenal, la musica Black e le ragazze italiane, e attraverso questi linguaggi universali si \u00e8 avvicinato alla nostra cultura, discutendo dei vizi e delle virt\u00f9 rispetto alla sua.<\/p>\n<p>Abbiamo fatto amicizia anche con Ruben e Jos\u00e9, studenti di Ingegneria e Giurisprudenza, provenienti dalla corona spagnola. Loro si sono ambientati in un amen nel Salento anche grazie alla vicinanza sostanziale tra life style ispanico e quello italico.<\/p>\n<p>&nbsp;<\/p>\n<p>Tra latini ci si capisce al volo. Nelle partite universitarie di calcetto Ruben e Jos\u00e9 battagliavano portando i vessilli del Real il primo e del Bar\u00e7a il secondo, regalandoci giocate di pregevole fattura. Nelle feste infrasettimanali i due baldi giovani, assieme alle studentesse spagnole, erano l&#8217;anima delle serate. Stesso discorso vale per Tiago, studente portoghese a cui piacciono tanto gli sport estremi, esercitati nel mare luccicante del Tacco tra un macht e l&#8217;altro del suo Portogallo (dominatore d&#8217;Europa nel football).<\/p>\n<p>Le pi\u00f9 festaiole e piene di vita sono per\u00f2 senza alcuna ombra di dubbio Juliette, Jasmine e Cl\u00e9mence, ragazze Erasmus francesi che si sono letteralmente innamorate della nostra terra e hanno goduto a pieno di ogni sua potenzialit\u00e0, partecipando a ogni tipo di evento culturale e giovanile. Nelle mattinate pi\u00f9 torride partivano con tanta gioia verso la bellezza cristallina di Porto Cesario, tra un esame umanistico e una canzone italiana intonata per via Taranto.<\/p>\n<p><img decoding=\"async\" loading=\"lazy\" width=\"497\" height=\"280\" title=\"13615314_1222807434398349_1885512619794967619_n\" class=\"aligncenter size-full wp-image-90982\" alt=\"\" src=\"https:\/\/www.leccecronaca.it\/wordpress\/wp-content\/uploads\/2016\/07\/13615314_1222807434398349_1885512619794967619_n.jpg\" srcset=\"https:\/\/www.leccecronaca.it\/wordpress\/wp-content\/uploads\/2016\/07\/13615314_1222807434398349_1885512619794967619_n.jpg 497w, https:\/\/www.leccecronaca.it\/wordpress\/wp-content\/uploads\/2016\/07\/13615314_1222807434398349_1885512619794967619_n-300x169.jpg 300w\" sizes=\"(max-width: 497px) 100vw, 497px\" \/><\/p>\n<p>E gli studenti italiani (o di origine straniera) che salpando dal nostro Ateneo hanno sposato questa strepitosa avventura internazionale, come si sono trovati all&#8217;estero?<\/p>\n<p>Rebbecca di Lingue e Letterature ci ha raccontato le sue giornate francesi in quel di Nancy tra baguettes e croissants deliziosi:<\/p>\n<p><em>&#8220;Sono stata a Nancy l&#8217;anno scorso, per 5 mesi, da gennaio e giugno. Inutile dire che \u00e8 stata un&#8217;esperienza meravigliosa, sono cresciuta tantissimo, ma certo, ci sono gli aspetti positivi e quelli negativi. Per quanto riguarda l&#8217;Universit\u00e0, pretendevano davvero tanto, il solo fatto per esempio di chiedere di usare un dizionario ad un esame di storia (si trattava di un saggio, quindi esame scritto) era inconcepibile per loro perch\u00e9 davano per scontato che essendo l\u00e0 dovevi sapere per forza benissimo la loro lingua&#8230; questo mi ha un po&#8217; scoraggiata la verit\u00e0. Per quanto riguarda i compagni di corso, certo ci sono persone e persone, ma la maggior parte di loro si rifiutavano anche semplicemente di aiutarti, erano abbastanza chiusi, infatti, sono pochi i francesi con i quali abbiamo legato, per non dire quasi nessuno. Ho legato invece con persone da tutte le parti del mondo, rumeni (sono rumena anch&#8217;io), spagnoli, brasiliani, marocchini, portoghesi, polacchi&#8230; comunque \u00e8 un&#8217;esperienza che rifarei altre mille volte, era il mio piccolo mondo e la citt\u00e0 mi manca tantissimo, ci devo ritornare, probabilmente per la Laurea Specialistica&#8221;.<\/em><\/p>\n<p>Giulia di Lingue e Letterature invece si \u00e8 misurata con la realt\u00e0 Portoghese nell&#8217;Ateneo di Coimbra:<\/p>\n<p><em>&#8220;Io sono stata solo un mese, perch\u00e9 sono dovuta tornare per dei problemi personali, comunque per il tempo che ho trascorso l\u00ec mi sono trovata benissimo&#8230; all&#8217;Universit\u00e0 di Coimbra, nell&#8217;Ateno di Lettere, i professori erano bravissimi e anche le persone in generale mi hanno trattato benissimo&#8221;.<\/em><\/p>\n<p>Abbiamo registrato anche l&#8217;esperienza di Virginia (sempre studentessa di Lingue), che nella piccola Saarbr\u00fccken, tra i boschi di una Germania romantica, ha potuto appurare come l&#8217;organizzazione maniacale dei tedeschi non abbia eguali, ma sicuramente in quei mesi le tocc\u00f2 tralasciare tutta la movida latina, purtroppo assente nel citato centro universitario. Le amicizie coi colleghi tedeschi sono vivide ancora oggi e il suo parlato germanico, maturato nella Merkel&#8217;s home, \u00e8 adesso eccellente.<\/p>\n<p><img decoding=\"async\" loading=\"lazy\" width=\"300\" height=\"200\" title=\"13599928_10207421061468089_4888612192262533391_n\" class=\"alignleft size-medium wp-image-90981\" alt=\"\" src=\"https:\/\/www.leccecronaca.it\/wordpress\/wp-content\/uploads\/2016\/07\/13599928_10207421061468089_4888612192262533391_n-300x200.jpg\" srcset=\"https:\/\/www.leccecronaca.it\/wordpress\/wp-content\/uploads\/2016\/07\/13599928_10207421061468089_4888612192262533391_n-300x200.jpg 300w, https:\/\/www.leccecronaca.it\/wordpress\/wp-content\/uploads\/2016\/07\/13599928_10207421061468089_4888612192262533391_n-768x512.jpg 768w, https:\/\/www.leccecronaca.it\/wordpress\/wp-content\/uploads\/2016\/07\/13599928_10207421061468089_4888612192262533391_n.jpg 960w\" sizes=\"(max-width: 300px) 100vw, 300px\" \/>Infine ci siamo ritrovati ad osservare il percorso meraviglioso di Roberta e Lorenzo, una giovane coppia (ingegnere lui e laureanda in giurisprudenza lei) che ha portato a termine un programma Erasmus a Huelva, in Spagna, di quasi un anno, traformandosi rapidamente in dei ottimi praticanti della cultura roja. Al loro ritorno hanno lasciato tantissimi nuovi amici, un grumo di malinconie e voglia di ritornare presto, perch\u00e9 questo progetto \u00e8 in primis emozione indelebile e piacere della scoperta. Eccoli qua (da sinistra a destra nella foto) Lorenzo e Roberta con i loro compagneros aitanti per uno degli innumerevoli eventi sorprendenti a cui hanno partecipato nel cuore dell&#8217;Andalusia. <em><br \/>\n<\/em><\/p>\n<p>Che dire, una serie entusiasmante di storie che si intrecciano e danno forma a un romanzo dalle sensazioni irripetibili, chiamato Erasmus Experience.<\/p>\n<p>Un momento angolare per il sentiero (a volte confuso) di uno studente universitario, che pu\u00f2 aprire la mente, accrescere la propria sensibilit\u00e0 e ampliare gli orizzonti che giammai sono perduti.<\/p>\n<p>Diceva un signore incommensurabile chiamato Martin Luther King <em><strong>&#8220;La vera misura di un uomo non si vede nei suoi momenti di comodit\u00e0 e convenienza, bens\u00ec tutte quelle volte in cui affronta le controversie e le sfide&#8221;&#8230;<\/strong><\/em><\/p>\n<p>L&#8217;avventura Erasmus \u00e8 un&#8217;occasione di miglioramento interiore da non perdere, per il semplice fatto che migliorare la propria essenza \u00e8 il primo determinante passo per migliorare l&#8217;altro, e di conseguenza il posto in cui si vive.<\/p>\n<p><strong>Erasmusland Lecce <\/strong>\u00e8 promossa a pieni voti, assieme a tutti gli ospiti stranieri che hanno arricchito il nostro territorio con il loro intense impronte.<\/p>\n<p><strong><em><span style=\"color: #00ff00;\">Grazie Amici!<\/span> <span style=\"color: #ff0000;\">Muchas Gracias Amigos!<\/span> <span style=\"color: #0000ff;\">Merc\u00ec Beaucoup amis!<\/span> <span style=\"color: #ffff00;\">Dank Freunde!<\/span> <span style=\"color: #800000;\">Obrigado Amigos!<\/span> <span style=\"color: #00ccff;\">Thanks Friends! <\/span><\/em><\/strong><\/p>\n<p>&nbsp;<\/p>\n<p>&nbsp;<\/p>\n<p>&nbsp;<\/p>\n<fb:like href='https:\/\/www.leccecronaca.it\/index.php\/2016\/07\/14\/firmamento-erasmus-erasmusland-lecce-promossa-a-pieni-voti-inchiesta-sullesperienza-piu-emozionante-delleuro-universitario\/' send='true' layout='button_count' show_faces='true' width='450' height='65' action='recommend' colorscheme='light' font='lucida grande'><\/fb:like><span class=\"fb_share\"><fb:like href=\"https:\/\/www.leccecronaca.it\/index.php\/2016\/07\/14\/firmamento-erasmus-erasmusland-lecce-promossa-a-pieni-voti-inchiesta-sullesperienza-piu-emozionante-delleuro-universitario\/\" layout=\"button_count\"><\/fb:like><\/span>","protected":false},"excerpt":{"rendered":"<p>di Annibale Gagliani______ &nbsp; Un abbraccio mutliculturale che canta a squarcia gola l&#8217;Inno alla Gioia, diventato pienamente maturo nelle ultime decadi e perci\u00f2 sempre pi\u00f9 indispensabile per i jeunes r\u00eaveurs. Un intensive project ispirato con arguzia all&#8217;opera del giramondo olandese Erasmo da Rotterdam, conosciuto altres\u00ec come &#8220;Desiderius Erasmus&#8221;, uno dei teologi-filosofi umanisti pi\u00f9 leggendari del [&hellip;]<\/p>\n","protected":false},"author":4,"featured_media":90976,"comment_status":"open","ping_status":"closed","sticky":false,"template":"","format":"standard","meta":[],"categories":[1,31,77],"tags":[],"_links":{"self":[{"href":"https:\/\/www.leccecronaca.it\/index.php\/wp-json\/wp\/v2\/posts\/90965"}],"collection":[{"href":"https:\/\/www.leccecronaca.it\/index.php\/wp-json\/wp\/v2\/posts"}],"about":[{"href":"https:\/\/www.leccecronaca.it\/index.php\/wp-json\/wp\/v2\/types\/post"}],"author":[{"embeddable":true,"href":"https:\/\/www.leccecronaca.it\/index.php\/wp-json\/wp\/v2\/users\/4"}],"replies":[{"embeddable":true,"href":"https:\/\/www.leccecronaca.it\/index.php\/wp-json\/wp\/v2\/comments?post=90965"}],"version-history":[{"count":7,"href":"https:\/\/www.leccecronaca.it\/index.php\/wp-json\/wp\/v2\/posts\/90965\/revisions"}],"predecessor-version":[{"id":91429,"href":"https:\/\/www.leccecronaca.it\/index.php\/wp-json\/wp\/v2\/posts\/90965\/revisions\/91429"}],"wp:featuredmedia":[{"embeddable":true,"href":"https:\/\/www.leccecronaca.it\/index.php\/wp-json\/wp\/v2\/media\/90976"}],"wp:attachment":[{"href":"https:\/\/www.leccecronaca.it\/index.php\/wp-json\/wp\/v2\/media?parent=90965"}],"wp:term":[{"taxonomy":"category","embeddable":true,"href":"https:\/\/www.leccecronaca.it\/index.php\/wp-json\/wp\/v2\/categories?post=90965"},{"taxonomy":"post_tag","embeddable":true,"href":"https:\/\/www.leccecronaca.it\/index.php\/wp-json\/wp\/v2\/tags?post=90965"}],"curies":[{"name":"wp","href":"https:\/\/api.w.org\/{rel}","templated":true}]}}