{"id":91097,"date":"2016-07-15T16:38:12","date_gmt":"2016-07-15T14:38:12","guid":{"rendered":"http:\/\/www.leccecronaca.it\/?p=91097"},"modified":"2016-07-15T16:39:00","modified_gmt":"2016-07-15T14:39:00","slug":"strage-di-nizza-aggiornamento-alta-tensione-in-italia-per-le-notizie-provenienti-dalla-farnesina-e-per-le-misure-cautelari-prese-alle-frontiere","status":"publish","type":"post","link":"https:\/\/www.leccecronaca.it\/index.php\/2016\/07\/15\/strage-di-nizza-aggiornamento-alta-tensione-in-italia-per-le-notizie-provenienti-dalla-farnesina-e-per-le-misure-cautelari-prese-alle-frontiere\/","title":{"rendered":"STRAGE DI NIZZA \/ AGGIORNAMENTO \/ ALTA TENSIONE IN ITALIA PER LE NOTIZIE PROVENIENTI DALLA FARNESINA, E PER LE MISURE CAUTELARI PRESE ALLE FRONTIERE"},"content":{"rendered":"<p><strong>(G.A.)______<\/strong><\/p>\n<p><strong>ROMA &#8211; <\/strong>Il Ministro dell&#8217;Interno Angelino Alfano parla della tragedia Isis a Nizza:\u00a0&#8220;Il nostro console ha detto che c&#8217;erano molti italiani su quel viale. Noi non abbiamo ancora nessuna notizia.<\/p>\n<p><img decoding=\"async\" loading=\"lazy\" class=\"aligncenter\" kasperskylab_antibanner=\"on\" src=\"https:\/\/www.leccecronaca.it\/wordpress\/wp-content\/uploads\/2016\/07\/310x0_1468539395662.Nizza_11.jpg\" alt=\"\" title=\"310x0_1468539395662.Nizza_1\" height=\"206\" width=\"310\" \/>Non abbiamo dati ufficiali. Serve prudenza massima per gestire questo tipo di informazione&#8221;. In Tweet del 15 luglio 2016 il Ministro scrisse: &#8220;Abbiamo deciso di rafforzare ulteriormente i nostri sistemi di vigilanza e di presidio degli obiettivi sensibili e costituito una forma di riunione permanente del Casa, il Comitato di analisi strategica antiterrorismo&#8221;.<\/p>\n<p>Durante la riunione del Casa si \u00e8 fatto fatto il punto sulle misure di sicurezza nel Paese, ha spiegato Alfano. &#8220;Il nostro livello di allerta \u00e8 gi\u00e0 allo stato precedente a quello dell&#8217;evento terroristico in corso e non si pu\u00f2 innalzare. Nonostante ci\u00f2 abbiamo ulteriormente deciso di inviare una nota a prefetti e questori per sollecitare ulteriori valutazioni dei rischi sul territorio e per rafforzare ogni forma di controllo sugli obiettivi sensibili&#8221;.<\/p>\n<p>Monitorate carceri, l\u00ec nessun sostegno &#8220;Abbiamo monitorato le carceri nelle ore immediatamente successive ai fatti di Nizza perch\u00e9 sappiamo che diventano luogo di radicalizzazione. A differenza di altre circostanze, non abbiamo avuto segnali di sostegno o a solidariet\u00e0 per quanto accaduto da parte di soggetti di fede islamica o di altre fedi&#8221;. Car jihad gi\u00e0 teorizzata e attuata &#8220;Il meccanismo della &#8216;car jihad&#8217;, cio\u00e8 lo sforzo criminale di avvicinarsi a Dio attraverso l&#8217;uso di veicoli&#8221; per uccidere le persone, &#8220;era gi\u00e0 stato realizzato e attuato in passato&#8221; ha aggiunto il ministro Per diciassette aeroporti piano di impiego forze armate\u00a0 &#8220;Abbiamo per diciassette aeroporti un piano ben preciso di impiego elle forze armate e abbiamo una vigilanza che si giova dell&#8217;uso di pi\u00f9 di settemila uomini delle forze armate&#8221;.<\/p>\n<p><img decoding=\"async\" loading=\"lazy\" kasperskylab_antibanner=\"on\" title=\"Bodies are seen on the ground after at least 30 people were killed in the southern French town of Nice when a truck ran into a crowd celebrating the Bastille Day national holiday\" alt=\"\" src=\"https:\/\/www.leccecronaca.it\/wordpress\/wp-content\/uploads\/2016\/07\/1857551_21.1999223-300x103.jpg\" height=\"103\" width=\"300\" \/>Prevenzione difficile ma funziona\u00a0 &#8220;La prevenzione \u00e8 quanto di pi\u00f9 grigio esista&#8221;, ma &#8220;se nulla \u00e8 successo fin qui&#8221; in Italia \u00e8 merito del lavoro svolto dalle forze dell&#8217;ordine. Alfano, che ricordato l&#8217;esistenza di &#8220;un protocollo operativo sempre pronto a dispiegarsi&#8221;, ha fatto un bilancio delle attivit\u00e0 di prevenzione: controllate centocinquanta persone, oltre duemila cinquecento perquisizioni, controllati trentaduemila veicoli in particolare quelle provenienti via nave dai paesi dove pi\u00f9 forte \u00e8 la presenza dei jihadisti, cinquecentotrenta persone arrestate, pi\u00f9 di ottocento persone indagate, quasi un centinaio di espulsioni, tra cui anche sette imam.<\/p>\n<p>&nbsp;<\/p>\n<p>In un decennio, ha aggiunto sono stati venticinque i predicatori allontanati. Aumentati controlli su web e flussi denaro &#8220;Prosegue il nostro lavoro e l&#8217;attivit\u00e0 di monitoraggio per rendere sempre pi\u00f9 sicuro il nostro Paese&#8221;. Alfano ha sottolineato gli sforzi fatti dalle forze dell&#8217;ordine e dall&#8217;intelligence, cos\u00ec come i controlli, che sono stati &#8220;implementati&#8221;, da parte della Gdf per quanto riguarda i trasferimenti di denaro e da parte della polizia delle telecomunicazioni, &#8220;Sempre nel rispetto delle regole&#8221; per quanto riguarda il web.<\/p>\n<p><img decoding=\"async\" loading=\"lazy\" kasperskylab_antibanner=\"on\" src=\"https:\/\/www.leccecronaca.it\/wordpress\/wp-content\/uploads\/2016\/07\/nizza-attentato-14-luglio003-1000x6003.jpg\" alt=\"\" title=\"nizza-attentato-14-luglio003-1000x600\" class=\"aligncenter size-full wp-image-91098\" height=\"600\" width=\"1000\" srcset=\"https:\/\/www.leccecronaca.it\/wordpress\/wp-content\/uploads\/2016\/07\/nizza-attentato-14-luglio003-1000x6003.jpg 1000w, https:\/\/www.leccecronaca.it\/wordpress\/wp-content\/uploads\/2016\/07\/nizza-attentato-14-luglio003-1000x6003-300x180.jpg 300w, https:\/\/www.leccecronaca.it\/wordpress\/wp-content\/uploads\/2016\/07\/nizza-attentato-14-luglio003-1000x6003-768x461.jpg 768w\" sizes=\"(max-width: 1000px) 100vw, 1000px\" \/><\/p>\n<p>Prefetti valuteranno cosa fare su territorio &#8220;Sar\u00e0 ciascun prefetto e ciascun questore a decidere in base al proprio territorio cosa fare e dove farlo&#8221;. Lo ha detto, a proposito delle misure di prevenzione che si possono adottare soprattutto per i luoghi di grande aggregazione, il ministro Angelino Alfano in una conferenza stampa convocata dopo la riunione del Comitato antiterrorismo al Viminale.<\/p>\n<p>Su italiani non abbiamo dati ufficiali &#8220;Il nostro console ha detto che c&#8217;erano molti italiani su quel viale. Noi non abbiamo ancora nessuna notizia. Non abbiamo dati ufficiali. Serve prudenza massima per gestire questo tipo di informazione&#8221;.<\/p>\n<fb:like href='https:\/\/www.leccecronaca.it\/index.php\/2016\/07\/15\/strage-di-nizza-aggiornamento-alta-tensione-in-italia-per-le-notizie-provenienti-dalla-farnesina-e-per-le-misure-cautelari-prese-alle-frontiere\/' send='true' layout='button_count' show_faces='true' width='450' height='65' action='recommend' colorscheme='light' font='lucida grande'><\/fb:like><span class=\"fb_share\"><fb:like href=\"https:\/\/www.leccecronaca.it\/index.php\/2016\/07\/15\/strage-di-nizza-aggiornamento-alta-tensione-in-italia-per-le-notizie-provenienti-dalla-farnesina-e-per-le-misure-cautelari-prese-alle-frontiere\/\" layout=\"button_count\"><\/fb:like><\/span>","protected":false},"excerpt":{"rendered":"<p>(G.A.)______ ROMA &#8211; Il Ministro dell&#8217;Interno Angelino Alfano parla della tragedia Isis a Nizza:\u00a0&#8220;Il nostro console ha detto che c&#8217;erano molti italiani su quel viale. Noi non abbiamo ancora nessuna notizia. Non abbiamo dati ufficiali. Serve prudenza massima per gestire questo tipo di informazione&#8221;. In Tweet del 15 luglio 2016 il Ministro scrisse: &#8220;Abbiamo deciso [&hellip;]<\/p>\n","protected":false},"author":4,"featured_media":91098,"comment_status":"open","ping_status":"closed","sticky":false,"template":"","format":"standard","meta":[],"categories":[69,76],"tags":[],"_links":{"self":[{"href":"https:\/\/www.leccecronaca.it\/index.php\/wp-json\/wp\/v2\/posts\/91097"}],"collection":[{"href":"https:\/\/www.leccecronaca.it\/index.php\/wp-json\/wp\/v2\/posts"}],"about":[{"href":"https:\/\/www.leccecronaca.it\/index.php\/wp-json\/wp\/v2\/types\/post"}],"author":[{"embeddable":true,"href":"https:\/\/www.leccecronaca.it\/index.php\/wp-json\/wp\/v2\/users\/4"}],"replies":[{"embeddable":true,"href":"https:\/\/www.leccecronaca.it\/index.php\/wp-json\/wp\/v2\/comments?post=91097"}],"version-history":[{"count":2,"href":"https:\/\/www.leccecronaca.it\/index.php\/wp-json\/wp\/v2\/posts\/91097\/revisions"}],"predecessor-version":[{"id":91100,"href":"https:\/\/www.leccecronaca.it\/index.php\/wp-json\/wp\/v2\/posts\/91097\/revisions\/91100"}],"wp:featuredmedia":[{"embeddable":true,"href":"https:\/\/www.leccecronaca.it\/index.php\/wp-json\/wp\/v2\/media\/91098"}],"wp:attachment":[{"href":"https:\/\/www.leccecronaca.it\/index.php\/wp-json\/wp\/v2\/media?parent=91097"}],"wp:term":[{"taxonomy":"category","embeddable":true,"href":"https:\/\/www.leccecronaca.it\/index.php\/wp-json\/wp\/v2\/categories?post=91097"},{"taxonomy":"post_tag","embeddable":true,"href":"https:\/\/www.leccecronaca.it\/index.php\/wp-json\/wp\/v2\/tags?post=91097"}],"curies":[{"name":"wp","href":"https:\/\/api.w.org\/{rel}","templated":true}]}}