{"id":91169,"date":"2016-07-15T18:42:07","date_gmt":"2016-07-15T16:42:07","guid":{"rendered":"http:\/\/www.leccecronaca.it\/?p=91169"},"modified":"2016-07-15T21:31:04","modified_gmt":"2016-07-15T19:31:04","slug":"i-due-giorni-di-ordinaria-follia-di-zacaria","status":"publish","type":"post","link":"https:\/\/www.leccecronaca.it\/index.php\/2016\/07\/15\/i-due-giorni-di-ordinaria-follia-di-zacaria\/","title":{"rendered":"I DUE GIORNI DI ORDINARIA FOLLIA DI ZACARIA"},"content":{"rendered":"<p><img decoding=\"async\" loading=\"lazy\" width=\"223\" height=\"300\" title=\"ZA\" class=\"alignleft size-medium wp-image-91170\" alt=\"\" src=\"https:\/\/www.leccecronaca.it\/wordpress\/wp-content\/uploads\/2016\/07\/ZA-223x300.jpg\" \/>(g.m.)______\u00a0Certo, che si ci \u00e8 messo d&#8217; impegno, a dare il peggio, Zacaria Danouni (nella foto), 24 anni, marocchino, residente a Matino.<\/p>\n<p>Ieri, si era impossessato di una Fiat Multipla, lasciata con le chiavi nel cruscotto, e si era dato alla fuga, nonostante le urla del proprietario, che nel frattempo stava ritornando. Fuga rovinosa: tamponamenti, lunghi inseguimenti, poi, a Collepasso, veniva bloccato dai Carabinieri. L&#8217; arresto, e la decisione del pubblico ministero di turno Massimiliano Carducci di concedergli i domiciliari.<\/p>\n<p>Ma questa notte Zacaria Danoumi \u00e8 uscito tranquillamente di casa, come se nulla fosse successo, e tranquillamente, ha rubato un&#8217; altra auto, si \u00e8 messo a correre, e ha provocato un altro incidente, a Sannicola, guidando per di pi\u00f9, come \u00e8 risultato subito dopo dalle verifiche, ubriaco, e senza patente.<\/p>\n<p>Insomma, ce n&#8217;era che la met\u00e0 bastava, e il magistrato di turno oggi, Paola Gugliemi, ha ordinato il trasferimento nel carcere di Borgo San Nicola.<\/p>\n<p>&nbsp;<\/p>\n<p>&nbsp;<\/p>\n<fb:like href='https:\/\/www.leccecronaca.it\/index.php\/2016\/07\/15\/i-due-giorni-di-ordinaria-follia-di-zacaria\/' send='true' layout='button_count' show_faces='true' width='450' height='65' action='recommend' colorscheme='light' font='lucida grande'><\/fb:like><span class=\"fb_share\"><fb:like href=\"https:\/\/www.leccecronaca.it\/index.php\/2016\/07\/15\/i-due-giorni-di-ordinaria-follia-di-zacaria\/\" layout=\"button_count\"><\/fb:like><\/span>","protected":false},"excerpt":{"rendered":"<p>(g.m.)______\u00a0Certo, che si ci \u00e8 messo d&#8217; impegno, a dare il peggio, Zacaria Danouni (nella foto), 24 anni, marocchino, residente a Matino. Ieri, si era impossessato di una Fiat Multipla, lasciata con le chiavi nel cruscotto, e si era dato alla fuga, nonostante le urla del proprietario, che nel frattempo stava ritornando. Fuga rovinosa: tamponamenti, [&hellip;]<\/p>\n","protected":false},"author":4,"featured_media":91170,"comment_status":"open","ping_status":"closed","sticky":false,"template":"","format":"standard","meta":[],"categories":[69],"tags":[],"_links":{"self":[{"href":"https:\/\/www.leccecronaca.it\/index.php\/wp-json\/wp\/v2\/posts\/91169"}],"collection":[{"href":"https:\/\/www.leccecronaca.it\/index.php\/wp-json\/wp\/v2\/posts"}],"about":[{"href":"https:\/\/www.leccecronaca.it\/index.php\/wp-json\/wp\/v2\/types\/post"}],"author":[{"embeddable":true,"href":"https:\/\/www.leccecronaca.it\/index.php\/wp-json\/wp\/v2\/users\/4"}],"replies":[{"embeddable":true,"href":"https:\/\/www.leccecronaca.it\/index.php\/wp-json\/wp\/v2\/comments?post=91169"}],"version-history":[{"count":2,"href":"https:\/\/www.leccecronaca.it\/index.php\/wp-json\/wp\/v2\/posts\/91169\/revisions"}],"predecessor-version":[{"id":91172,"href":"https:\/\/www.leccecronaca.it\/index.php\/wp-json\/wp\/v2\/posts\/91169\/revisions\/91172"}],"wp:featuredmedia":[{"embeddable":true,"href":"https:\/\/www.leccecronaca.it\/index.php\/wp-json\/wp\/v2\/media\/91170"}],"wp:attachment":[{"href":"https:\/\/www.leccecronaca.it\/index.php\/wp-json\/wp\/v2\/media?parent=91169"}],"wp:term":[{"taxonomy":"category","embeddable":true,"href":"https:\/\/www.leccecronaca.it\/index.php\/wp-json\/wp\/v2\/categories?post=91169"},{"taxonomy":"post_tag","embeddable":true,"href":"https:\/\/www.leccecronaca.it\/index.php\/wp-json\/wp\/v2\/tags?post=91169"}],"curies":[{"name":"wp","href":"https:\/\/api.w.org\/{rel}","templated":true}]}}