{"id":91216,"date":"2016-07-16T17:13:13","date_gmt":"2016-07-16T15:13:13","guid":{"rendered":"http:\/\/www.leccecronaca.it\/?p=91216"},"modified":"2016-07-16T17:13:13","modified_gmt":"2016-07-16T15:13:13","slug":"locali-asl-nel-degrado-a-nardo","status":"publish","type":"post","link":"https:\/\/www.leccecronaca.it\/index.php\/2016\/07\/16\/locali-asl-nel-degrado-a-nardo\/","title":{"rendered":"LOCALI ASL NEL DEGRADO A NARDO&#8217;"},"content":{"rendered":"<p><img decoding=\"async\" loading=\"lazy\" width=\"1024\" height=\"682\" title=\"IMG_5794\" class=\"alignleft size-large wp-image-91217\" alt=\"\" src=\"https:\/\/www.leccecronaca.it\/wordpress\/wp-content\/uploads\/2016\/07\/IMG_5794-1024x682.jpg\" \/>Riceviamo e volentieri pubblichiamo. &#8216;Casa Pound Lecce&#8217; ci scrive______<\/p>\n<p>\u201cE&#8217; grottesco che una struttura che ospita uffici dell\u2019Asl si presenti in condizioni malsane ed anti-igieniche&#8221;, afferma in una nota Pierpaolo Giuri referente locale di CasaPound Italia . \u201cUna struttura che riceve quotidianamente decine di mamme con neonati per la somministrazione delle vaccinazioni, non pu\u00f2 versare nel degrado e in condizioni talmente fatiscenti\u201d.<\/p>\n<p>\u201cDopo aver ricevuto in merito diverse segnalazioni e foto da parte di cittadini che documentano lo stato di degrado dell\u2019immobile che ospita gli uffici del Servizio Igiene e Sanit\u00e0 Pubblica \u2013 continua la nota &#8211; ci siamo recati in via XXV Luglio per poter parlare anche con gli operatori Asl. La situazione riscontrata \u00e8 stata molto pi\u00f9 grave di quella paventata ed abbiamo potuto constatare le reali difficolt\u00e0 vissute dagli operatori nello svolgimento delle loro funzioni\u201d.<\/p>\n<p>\u201cSiamo stati inoltre informati \u2013 spiega il referente di Cpi &#8211; dell\u2019ipotesi di un trasferimento del Dipartimento di prevenzione nei locali ubicati in Piazza Croce Rossa e ci sono state segnalate da parte degli operatori alcune perplessit\u00e0 riguardo a questa soluzione dovute ad alcuni problemi strutturali dei locali in questione, ed in particolare relative all&#8217;inadeguatezza dell&#8217;impianto di condizionamento\u201d.<\/p>\n<p>\u201cViste le concrete carenze strutturali degli immobili di Piazza Croce Rossa, chiediamo che vengano vagliate altre possibilit\u00e0, tra le quali la possibilit\u00e0 di trasferire questo importante dipartimento sanitario presso l&#8217; ex Ospedale San Giuseppe Sambiasi, che permetterebbe di usufruire di una struttura efficiente per ogni tipo di criticit\u00e0 .Porteremo queste istanze al vaglio del sindaco Mellone \u2013 conclude Giuri \u2013 affinch\u00e9 possa farsi portavoce di queste importanti richieste nei confronti delle autorit\u00e0 sanitarie\u201d.<\/p>\n<p>&nbsp;<\/p>\n<p>&nbsp;<\/p>\n<fb:like href='https:\/\/www.leccecronaca.it\/index.php\/2016\/07\/16\/locali-asl-nel-degrado-a-nardo\/' send='true' layout='button_count' show_faces='true' width='450' height='65' action='recommend' colorscheme='light' font='lucida grande'><\/fb:like><span class=\"fb_share\"><fb:like href=\"https:\/\/www.leccecronaca.it\/index.php\/2016\/07\/16\/locali-asl-nel-degrado-a-nardo\/\" layout=\"button_count\"><\/fb:like><\/span>","protected":false},"excerpt":{"rendered":"<p>Riceviamo e volentieri pubblichiamo. &#8216;Casa Pound Lecce&#8217; ci scrive______ \u201cE&#8217; grottesco che una struttura che ospita uffici dell\u2019Asl si presenti in condizioni malsane ed anti-igieniche&#8221;, afferma in una nota Pierpaolo Giuri referente locale di CasaPound Italia . \u201cUna struttura che riceve quotidianamente decine di mamme con neonati per la somministrazione delle vaccinazioni, non pu\u00f2 versare [&hellip;]<\/p>\n","protected":false},"author":4,"featured_media":91217,"comment_status":"open","ping_status":"closed","sticky":false,"template":"","format":"standard","meta":[],"categories":[36],"tags":[],"_links":{"self":[{"href":"https:\/\/www.leccecronaca.it\/index.php\/wp-json\/wp\/v2\/posts\/91216"}],"collection":[{"href":"https:\/\/www.leccecronaca.it\/index.php\/wp-json\/wp\/v2\/posts"}],"about":[{"href":"https:\/\/www.leccecronaca.it\/index.php\/wp-json\/wp\/v2\/types\/post"}],"author":[{"embeddable":true,"href":"https:\/\/www.leccecronaca.it\/index.php\/wp-json\/wp\/v2\/users\/4"}],"replies":[{"embeddable":true,"href":"https:\/\/www.leccecronaca.it\/index.php\/wp-json\/wp\/v2\/comments?post=91216"}],"version-history":[{"count":1,"href":"https:\/\/www.leccecronaca.it\/index.php\/wp-json\/wp\/v2\/posts\/91216\/revisions"}],"predecessor-version":[{"id":91218,"href":"https:\/\/www.leccecronaca.it\/index.php\/wp-json\/wp\/v2\/posts\/91216\/revisions\/91218"}],"wp:featuredmedia":[{"embeddable":true,"href":"https:\/\/www.leccecronaca.it\/index.php\/wp-json\/wp\/v2\/media\/91217"}],"wp:attachment":[{"href":"https:\/\/www.leccecronaca.it\/index.php\/wp-json\/wp\/v2\/media?parent=91216"}],"wp:term":[{"taxonomy":"category","embeddable":true,"href":"https:\/\/www.leccecronaca.it\/index.php\/wp-json\/wp\/v2\/categories?post=91216"},{"taxonomy":"post_tag","embeddable":true,"href":"https:\/\/www.leccecronaca.it\/index.php\/wp-json\/wp\/v2\/tags?post=91216"}],"curies":[{"name":"wp","href":"https:\/\/api.w.org\/{rel}","templated":true}]}}