{"id":91304,"date":"2016-07-18T00:07:12","date_gmt":"2016-07-17T22:07:12","guid":{"rendered":"http:\/\/www.leccecronaca.it\/?p=91304"},"modified":"2016-07-17T15:37:22","modified_gmt":"2016-07-17T13:37:22","slug":"diario-del-giorno-prima-il-tam-tam-di-annibale-132","status":"publish","type":"post","link":"https:\/\/www.leccecronaca.it\/index.php\/2016\/07\/18\/diario-del-giorno-prima-il-tam-tam-di-annibale-132\/","title":{"rendered":"DIARIO DEL GIORNO PRIMA \/ IL TAM TAM DI ANNIBALE"},"content":{"rendered":"<p><img decoding=\"async\" loading=\"lazy\" src=\"https:\/\/www.leccecronaca.it\/wordpress\/wp-content\/uploads\/2016\/07\/310x0_1468151451740.Vatican_Pope_rain__1_-200x300.jpg\" alt=\"\" title=\"310x0_1468151451740.Vatican_Pope_rain__1_\" class=\"alignleft size-medium wp-image-91305\" height=\"300\" width=\"200\" srcset=\"https:\/\/www.leccecronaca.it\/wordpress\/wp-content\/uploads\/2016\/07\/310x0_1468151451740.Vatican_Pope_rain__1_-200x300.jpg 200w, https:\/\/www.leccecronaca.it\/wordpress\/wp-content\/uploads\/2016\/07\/310x0_1468151451740.Vatican_Pope_rain__1_.jpg 310w\" sizes=\"(max-width: 200px) 100vw, 200px\" \/>ITALIA______<\/p>\n<p><strong>ROMA &#8211;<\/strong> <em>&#8220;Nessun uomo osi pi\u00f9 versare il sangue del fratello&#8221;. Papa Francesco, all&#8217;Angelus in piazza San Pietro, esprime nuovamente il dolore per le tante vittime dell&#8217;attacco terroristico a Nizza. Il pressante appello affinch\u00e9 desistano &#8220;progetti di terrore e morte&#8221;. &#8220;Cari fratelli e sorelle, nei nostri cuori \u00e8 vivo il dolore per la strage che, la sera di gioved\u00ec scorso, a Nizza, ha falciato tante vite innocenti. Persino tanti bambini. Sono vicino ad ogni famiglia e all&#8217;intera nazione francese in lutto. Dio, Padre buono,<\/em> &#8211; \u00e8 l&#8217;appello di papa Francesco &#8211; <em>accolga tutte le vittime nella sua pace, sostenga i feriti e conforti i familiari; Egli disperda ogni progetto di terrore e di morte, perch\u00e9 nessun uomo osi pi\u00f9 versare il sangue del fratello. Un abbraccio paterno e fraterno a tutti gli abitanti di Nizza e a tutta la nazione francese&#8221;. <\/em><\/p>\n<p>&nbsp;<\/p>\n<p>ITALIA______<\/p>\n<p><strong>OLBIA &#8211;<\/strong> E&#8217; stato picchiato selvaggiamente appena fuori da una discoteca, sotto gli occhi di decine di persone, aggredito e ferito davanti alla telecamera di un telefonino di uno degli amici dell&#8217;aggressore che ha ripreso ogni cosa per poi pubblicare il video su Youtube e postarlo su Facebook, probabilmente per vantarsi della bravata. I fatti Luca Isoni, 37 anni, disabile residente a Olbia, \u00e8 stato vittima di un brutale pestaggio domenica mattina davanti alla discoteca &#8220;La Luna&#8221; di San Teodoro. L&#8217;uomo aveva raccontato di essere caduto dalla moto, ma quattro giorni dopo i familiari e le forze dell&#8217;ordine hanno scoperto la verit\u00e0: un video che riprendeva tutte le fasi dell&#8217;aggressione era stato pubblicato sui social. &#8220;Mi hanno chiamato polizia e carabinieri dicendomi che Luca era stato picchiato &#8211; racconta il fratello &#8211; Lui mi aveva detto di essere caduto dalla moto. Poi ho visto il video, solo una volta e mi \u00e8 bastato. Ho subito riconosciuto Luca. C&#8217;\u00e8 una persona, sedicente amico suo, che lo colpisce e lo lascia a terra privo di sensi. Vicino a lui ci sono altre persone, si sentono delle voci, ma nessuno fa niente. Luca ha riportato la frattura del ginocchio e diverse ferite&#8221;. Quindi la ricostruzione di fatto e antefatto.<\/p>\n<p>&nbsp;<\/p>\n<p>MONDO______<\/p>\n<div><strong>NIZZA &#8211; <\/strong>Alcuni italiani &#8211; che erano nella lista dei dispersi dopo l&#8217;attentato di Nizza, in Francia &#8211; sarebbero stati rintracciati. Lo riferisce la Farnesina, che per\u00f2 specifica che in questo momento &#8220;gli accertamenti sono molto delicati, l&#8217;attenzione \u00e8 altissima e l&#8217;unit\u00e0 di crisi pienamente al lavoro&#8221;. Non sono stati aggiunti altri dettagli. La polizia francese ha arrestato questa mattina un uomo e una donna ritenuti legati all&#8217;attentatore di Nizza, che ieri lo Stato islamico aveva definito in una rivendicazione un proprio &#8220;soldato&#8221;. Altre quattro persone sono in stato di fermo per il massacro sulla promenade della citt\u00e0 francese, l&#8217;ex moglie di Mohamed Lahouaiej-Bouhlel, l&#8217;uomo che ha ucciso 84 persone travolgendole con un camion e sparando all&#8217;impazzata, \u00e8 stata rilasciata in queste ore.<\/div>\n<p>&nbsp;<\/p>\n<fb:like href='https:\/\/www.leccecronaca.it\/index.php\/2016\/07\/18\/diario-del-giorno-prima-il-tam-tam-di-annibale-132\/' send='true' layout='button_count' show_faces='true' width='450' height='65' action='recommend' colorscheme='light' font='lucida grande'><\/fb:like><span class=\"fb_share\"><fb:like href=\"https:\/\/www.leccecronaca.it\/index.php\/2016\/07\/18\/diario-del-giorno-prima-il-tam-tam-di-annibale-132\/\" layout=\"button_count\"><\/fb:like><\/span>","protected":false},"excerpt":{"rendered":"<p>ITALIA______ ROMA &#8211; &#8220;Nessun uomo osi pi\u00f9 versare il sangue del fratello&#8221;. Papa Francesco, all&#8217;Angelus in piazza San Pietro, esprime nuovamente il dolore per le tante vittime dell&#8217;attacco terroristico a Nizza. Il pressante appello affinch\u00e9 desistano &#8220;progetti di terrore e morte&#8221;. &#8220;Cari fratelli e sorelle, nei nostri cuori \u00e8 vivo il dolore per la strage [&hellip;]<\/p>\n","protected":false},"author":4,"featured_media":91305,"comment_status":"open","ping_status":"closed","sticky":false,"template":"","format":"standard","meta":[],"categories":[1,69,76],"tags":[],"_links":{"self":[{"href":"https:\/\/www.leccecronaca.it\/index.php\/wp-json\/wp\/v2\/posts\/91304"}],"collection":[{"href":"https:\/\/www.leccecronaca.it\/index.php\/wp-json\/wp\/v2\/posts"}],"about":[{"href":"https:\/\/www.leccecronaca.it\/index.php\/wp-json\/wp\/v2\/types\/post"}],"author":[{"embeddable":true,"href":"https:\/\/www.leccecronaca.it\/index.php\/wp-json\/wp\/v2\/users\/4"}],"replies":[{"embeddable":true,"href":"https:\/\/www.leccecronaca.it\/index.php\/wp-json\/wp\/v2\/comments?post=91304"}],"version-history":[{"count":1,"href":"https:\/\/www.leccecronaca.it\/index.php\/wp-json\/wp\/v2\/posts\/91304\/revisions"}],"predecessor-version":[{"id":91306,"href":"https:\/\/www.leccecronaca.it\/index.php\/wp-json\/wp\/v2\/posts\/91304\/revisions\/91306"}],"wp:featuredmedia":[{"embeddable":true,"href":"https:\/\/www.leccecronaca.it\/index.php\/wp-json\/wp\/v2\/media\/91305"}],"wp:attachment":[{"href":"https:\/\/www.leccecronaca.it\/index.php\/wp-json\/wp\/v2\/media?parent=91304"}],"wp:term":[{"taxonomy":"category","embeddable":true,"href":"https:\/\/www.leccecronaca.it\/index.php\/wp-json\/wp\/v2\/categories?post=91304"},{"taxonomy":"post_tag","embeddable":true,"href":"https:\/\/www.leccecronaca.it\/index.php\/wp-json\/wp\/v2\/tags?post=91304"}],"curies":[{"name":"wp","href":"https:\/\/api.w.org\/{rel}","templated":true}]}}