{"id":91422,"date":"2016-07-18T15:35:15","date_gmt":"2016-07-18T13:35:15","guid":{"rendered":"http:\/\/www.leccecronaca.it\/?p=91422"},"modified":"2016-07-18T15:35:15","modified_gmt":"2016-07-18T13:35:15","slug":"un-presidio-dell-asl-nelle-campagne-di-nardo","status":"publish","type":"post","link":"https:\/\/www.leccecronaca.it\/index.php\/2016\/07\/18\/un-presidio-dell-asl-nelle-campagne-di-nardo\/","title":{"rendered":"UN PRESIDIO DELL&#8217; ASL NELLE CAMPAGNE DI NARDO&#8217;"},"content":{"rendered":"<p><img decoding=\"async\" loading=\"lazy\" width=\"600\" height=\"300\" title=\"angurie\" class=\"aligncenter size-full wp-image-91425\" alt=\"\" src=\"https:\/\/www.leccecronaca.it\/wordpress\/wp-content\/uploads\/2016\/07\/angurie.jpg\" srcset=\"https:\/\/www.leccecronaca.it\/wordpress\/wp-content\/uploads\/2016\/07\/angurie.jpg 600w, https:\/\/www.leccecronaca.it\/wordpress\/wp-content\/uploads\/2016\/07\/angurie-300x150.jpg 300w\" sizes=\"(max-width: 600px) 100vw, 600px\" \/>Riceviamo e volentieri pubblichiamo. L&#8217; ufficio-stampa della Provincia di Lecce ci scrive______<\/p>\n<p>Un Protocollo d\u2019intesa Sperimentale contro il caporalato e lo sfruttamento lavorativo in agricoltura: \u00e8 quello siglato nei giorni scorsi da Asl Lecce, Istituto di Culture Mediterranee della Provincia di Lecce, Comune di Nard\u00f2, Cooperativa Sociale Rinascita, Consiglio Italiano per i Rifugiati e Caritas.<\/p>\n<p>L\u2019accordo nasce da quello sottoscritto a livello nazionale dai \u00a0Ministeri dell\u2019Interno, del Lavoro, delle Politiche agricole alimentari e forestali, siglato anche dall\u2019Ispettorato Nazionale del Lavoro, dalle Regione Basilicata, Calabria, Campania, Piemonte, Puglia e Sicilia, che ha l\u2019obiettivo di sostenere e rafforzare gli interventi di contrasto al caporalato e allo sfruttamento su tutto il territorio nazionale, in particolare a partire dai territori di Bari, Caserta, Foggia, Lecce, Potenza, Ragusa e Reggio Calabria.<\/p>\n<p>Il protocollo siglato presso la Asl di Lecce riguarda, in particolare, la parte sanitaria e la sicurezza sul lavoro, e mira all\u2019attivazione di un presidio medico-sanitario della Asl predisposto sul terreno preso in locazione dal Comune di Nard\u00f2 in localit\u00e0 \u201cArene Serrazze\u201d, con la collaborazione attiva dei soggetti del terzo settore, che si occuperanno di garantire un servizio di mediazione linguistico-interculturale, oltre ad un\u2019attivit\u00e0 di supporto al personale medico e ad un servizio di consulenza dei diritti socio-assistenziali e di supporto al personale medico con attivit\u00e0 di front-office, registrazione dati e gestione dell\u2019afflusso alle prestazioni sanitarie.<\/p>\n<p>Si tratta di un passo importante per garantire ai lavoratori migranti presenti nelle campagne di Nard\u00f2 le prestazioni sanitarie assimilabili a quelle erogate da un ambulatorio di medicina convenzionata mediante il presidio in loco. Esso sar\u00e0 aperto ogni giorno dal luned\u00ec al venerd\u00ec dalle 17 alle 20. Inoltre, la Asl fornir\u00e0 i ricettari, lo strumentario, i farmaci e il materiale di consumo, allestendo un apposito armadio farmaci.<\/p>\n<p>Il protocollo si presenta sperimentale e innovativo poich\u00e9 consentir\u00e0 l\u2019attivazione delle procedure di attribuzione e rilascio del codice STP (Stranieri Temporaneamente Presenti), consentendo ai migranti privi di permesso di accedere in ogni caso alle cure necessarie ed urgenti, nonch\u00e9 per ci\u00f2 che attiene gli interventi di prevenzione sull\u2019igiene e sicurezza del lavoro.<\/p>\n<p>A tale scopo l\u2019unit\u00e0 mobile per migranti e rifugiati, organizzata da Cooperativa Sociale Rinascita, Istituto di Culture Mediterranee e Consiglio Italiano per i Rifugiati, con i propri mediatori e consulenti supporter\u00e0 i medici del lavoro e i tecnici della prevenzione del Dipartimento di Prevenzione &#8211; Spesal della Asl.<\/p>\n<p>Gli interventi effettuati a bordo del camper saranno mirati all\u2019informazione dei lavoratori sulla sicurezza in agricoltura e sui controlli sanitari preventivi per i migranti da avviare al lavoro in tale settore.<\/p>\n<p>&nbsp;<\/p>\n<p>&nbsp;<\/p>\n<p>&nbsp;<\/p>\n<p>&nbsp;<\/p>\n<p>&nbsp;<\/p>\n<p>&nbsp;<\/p>\n<fb:like href='https:\/\/www.leccecronaca.it\/index.php\/2016\/07\/18\/un-presidio-dell-asl-nelle-campagne-di-nardo\/' send='true' layout='button_count' show_faces='true' width='450' height='65' action='recommend' colorscheme='light' font='lucida grande'><\/fb:like><span class=\"fb_share\"><fb:like href=\"https:\/\/www.leccecronaca.it\/index.php\/2016\/07\/18\/un-presidio-dell-asl-nelle-campagne-di-nardo\/\" layout=\"button_count\"><\/fb:like><\/span>","protected":false},"excerpt":{"rendered":"<p>Riceviamo e volentieri pubblichiamo. L&#8217; ufficio-stampa della Provincia di Lecce ci scrive______ Un Protocollo d\u2019intesa Sperimentale contro il caporalato e lo sfruttamento lavorativo in agricoltura: \u00e8 quello siglato nei giorni scorsi da Asl Lecce, Istituto di Culture Mediterranee della Provincia di Lecce, Comune di Nard\u00f2, Cooperativa Sociale Rinascita, Consiglio Italiano per i Rifugiati e Caritas. [&hellip;]<\/p>\n","protected":false},"author":4,"featured_media":91425,"comment_status":"open","ping_status":"closed","sticky":false,"template":"","format":"standard","meta":[],"categories":[36],"tags":[],"_links":{"self":[{"href":"https:\/\/www.leccecronaca.it\/index.php\/wp-json\/wp\/v2\/posts\/91422"}],"collection":[{"href":"https:\/\/www.leccecronaca.it\/index.php\/wp-json\/wp\/v2\/posts"}],"about":[{"href":"https:\/\/www.leccecronaca.it\/index.php\/wp-json\/wp\/v2\/types\/post"}],"author":[{"embeddable":true,"href":"https:\/\/www.leccecronaca.it\/index.php\/wp-json\/wp\/v2\/users\/4"}],"replies":[{"embeddable":true,"href":"https:\/\/www.leccecronaca.it\/index.php\/wp-json\/wp\/v2\/comments?post=91422"}],"version-history":[{"count":2,"href":"https:\/\/www.leccecronaca.it\/index.php\/wp-json\/wp\/v2\/posts\/91422\/revisions"}],"predecessor-version":[{"id":91427,"href":"https:\/\/www.leccecronaca.it\/index.php\/wp-json\/wp\/v2\/posts\/91422\/revisions\/91427"}],"wp:featuredmedia":[{"embeddable":true,"href":"https:\/\/www.leccecronaca.it\/index.php\/wp-json\/wp\/v2\/media\/91425"}],"wp:attachment":[{"href":"https:\/\/www.leccecronaca.it\/index.php\/wp-json\/wp\/v2\/media?parent=91422"}],"wp:term":[{"taxonomy":"category","embeddable":true,"href":"https:\/\/www.leccecronaca.it\/index.php\/wp-json\/wp\/v2\/categories?post=91422"},{"taxonomy":"post_tag","embeddable":true,"href":"https:\/\/www.leccecronaca.it\/index.php\/wp-json\/wp\/v2\/tags?post=91422"}],"curies":[{"name":"wp","href":"https:\/\/api.w.org\/{rel}","templated":true}]}}