{"id":91630,"date":"2016-07-21T00:10:06","date_gmt":"2016-07-20T22:10:06","guid":{"rendered":"http:\/\/www.leccecronaca.it\/?p=91630"},"modified":"2016-07-21T14:33:09","modified_gmt":"2016-07-21T12:33:09","slug":"diario-di-crotonei-dal-ritiro-ecco-le-parole-di-vutov-lecce-e-una-piazza-che-puo-darmi-tanto","status":"publish","type":"post","link":"https:\/\/www.leccecronaca.it\/index.php\/2016\/07\/21\/diario-di-crotonei-dal-ritiro-ecco-le-parole-di-vutov-lecce-e-una-piazza-che-puo-darmi-tanto\/","title":{"rendered":"DIARIO DI COTRONEI \/ DAL RITIRO, ECCO LE PAROLE DI VUTOV: &#8220;Lecce \u00e8 una piazza che pu\u00f2 darmi tanto&#8221;"},"content":{"rendered":"<p style=\"text-align: justify;\"><img decoding=\"async\" loading=\"lazy\" width=\"300\" height=\"224\" title=\"BI3T6469\" class=\"alignleft size-medium wp-image-91633\" alt=\"\" src=\"https:\/\/www.leccecronaca.it\/wordpress\/wp-content\/uploads\/2016\/07\/BI3T6469-300x224.jpg\" \/>di <strong>Laura Ricci______<\/strong><\/p>\n<p style=\"text-align: justify;\">Prosegue la preparazione atletica in quel di <strong>Cotronei<\/strong>, con mister <strong>Padalino<\/strong> e il suo staff a lavoro per far sudare e tornare al meglio i propri ragazzi.<\/p>\n<p style=\"text-align: justify;\">Nella giornata di marted\u00ec in cui si \u00e8 svolta una singola seduta di allenamento, si sono allenati in differenziato Morello e Mancosu.<\/p>\n<p style=\"text-align: justify;\">Intanto, proprio da Crotonei giungono le parole di<strong> Vutov<\/strong>, giovane talento Bulgaro di propriet\u00e0 dell&#8217;Udinese che con la freschezza dei propri vent&#8217;anni parla cos\u00ec della nuova avventura in giallorosso che lo attente:\u00a0<em>\u201cMi sto trovando molto bene con i\u00a0 miei nuovi compagni di squadra, sono tutti dei bravi ragazzi. <\/em><\/p>\n<p style=\"text-align: justify;\"><em>Sono felice per questo mio trasferimento nel Lecce, questa \u00e8 una piazza che pu\u00f2 dare tanto per la mia crescita. Il mio cartellino \u00e8 di propriet\u00e0 dell\u2019Udinese, ma, sinceramente, in questo momento ogni mio pensiero \u00e8 rivolto al Lecce. Questo periodo di ritiro \u00e8 duro, ma stiamo lavorando per gettare le basi per preparaci al meglio a questa nuova annata.<\/em><\/p>\n<p style=\"text-align: justify;\"><em> L\u2019altro giorno siamo stati impegnati nella prima gara amichevole. Mi sono trovato molto bene negli schemi di mister Padalino. A me piace il sistema di gioco con cui abbiamo affrontato questo primo test. Sono un esterno d\u2019attacco, il mio piede \u00e8 il sinistro. <\/em><\/p>\n<p style=\"text-align: justify;\"><em>Quali sono i miei punti di forza? Sinceramente preferisco soffermarmi su altro, nel senso che rivolgo le mie attenzioni sulle cose in cui devo migliorare e un calciatore di 20 anni deve migliorare in tutti gli aspetti. Ho fatto tutta la trafila nelle Nazionali giovanili della Bulgaria e questa esperienza in giallorosso mi dar\u00e0 l\u2019opportunit\u00e0 di confermarmi nell\u2019Under 21. <\/em><\/p>\n<p style=\"text-align: justify;\"><em>Il mio obiettivo \u00e8 quello di far bene in maglia giallorossa e rendermi utile alla squadra. Se conosco Bojinov? Si ci siamo incontrati un paio di volte. So che lui \u00e8 cresciuto nel settore giovanile del Lecce e ha sempre parlato bene di Lecce e del Lecce.\u201d<\/em><\/p>\n<p style=\"text-align: justify;\">\n<fb:like href='https:\/\/www.leccecronaca.it\/index.php\/2016\/07\/21\/diario-di-crotonei-dal-ritiro-ecco-le-parole-di-vutov-lecce-e-una-piazza-che-puo-darmi-tanto\/' send='true' layout='button_count' show_faces='true' width='450' height='65' action='recommend' colorscheme='light' font='lucida grande'><\/fb:like><span class=\"fb_share\"><fb:like href=\"https:\/\/www.leccecronaca.it\/index.php\/2016\/07\/21\/diario-di-crotonei-dal-ritiro-ecco-le-parole-di-vutov-lecce-e-una-piazza-che-puo-darmi-tanto\/\" layout=\"button_count\"><\/fb:like><\/span>","protected":false},"excerpt":{"rendered":"<p>di Laura Ricci______ Prosegue la preparazione atletica in quel di Cotronei, con mister Padalino e il suo staff a lavoro per far sudare e tornare al meglio i propri ragazzi. Nella giornata di marted\u00ec in cui si \u00e8 svolta una singola seduta di allenamento, si sono allenati in differenziato Morello e Mancosu. Intanto, proprio da [&hellip;]<\/p>\n","protected":false},"author":4,"featured_media":0,"comment_status":"open","ping_status":"closed","sticky":false,"template":"","format":"standard","meta":[],"categories":[28],"tags":[],"_links":{"self":[{"href":"https:\/\/www.leccecronaca.it\/index.php\/wp-json\/wp\/v2\/posts\/91630"}],"collection":[{"href":"https:\/\/www.leccecronaca.it\/index.php\/wp-json\/wp\/v2\/posts"}],"about":[{"href":"https:\/\/www.leccecronaca.it\/index.php\/wp-json\/wp\/v2\/types\/post"}],"author":[{"embeddable":true,"href":"https:\/\/www.leccecronaca.it\/index.php\/wp-json\/wp\/v2\/users\/4"}],"replies":[{"embeddable":true,"href":"https:\/\/www.leccecronaca.it\/index.php\/wp-json\/wp\/v2\/comments?post=91630"}],"version-history":[{"count":8,"href":"https:\/\/www.leccecronaca.it\/index.php\/wp-json\/wp\/v2\/posts\/91630\/revisions"}],"predecessor-version":[{"id":91695,"href":"https:\/\/www.leccecronaca.it\/index.php\/wp-json\/wp\/v2\/posts\/91630\/revisions\/91695"}],"wp:attachment":[{"href":"https:\/\/www.leccecronaca.it\/index.php\/wp-json\/wp\/v2\/media?parent=91630"}],"wp:term":[{"taxonomy":"category","embeddable":true,"href":"https:\/\/www.leccecronaca.it\/index.php\/wp-json\/wp\/v2\/categories?post=91630"},{"taxonomy":"post_tag","embeddable":true,"href":"https:\/\/www.leccecronaca.it\/index.php\/wp-json\/wp\/v2\/tags?post=91630"}],"curies":[{"name":"wp","href":"https:\/\/api.w.org\/{rel}","templated":true}]}}