{"id":91910,"date":"2016-07-26T00:08:58","date_gmt":"2016-07-25T22:08:58","guid":{"rendered":"http:\/\/www.leccecronaca.it\/?p=91910"},"modified":"2016-07-23T13:21:12","modified_gmt":"2016-07-23T11:21:12","slug":"diario-del-giorno-dopo-feste-il-salento-holi-colors-of-festival-a-gallipoli-mercoledi-27","status":"publish","type":"post","link":"https:\/\/www.leccecronaca.it\/index.php\/2016\/07\/26\/diario-del-giorno-dopo-feste-il-salento-holi-colors-of-festival-a-gallipoli-mercoledi-27\/","title":{"rendered":"DIARIO DEL GIORNO DOPO \/ FESTE \/ IL SALENTO HOLI COLORS OF FESTIVAL A GALLIPOLI MERCOLEDI&#8217; 27"},"content":{"rendered":"<p><img decoding=\"async\" loading=\"lazy\" width=\"1024\" height=\"684\" title=\"ho\" class=\"alignleft size-large wp-image-91912\" alt=\"\" src=\"https:\/\/www.leccecronaca.it\/wordpress\/wp-content\/uploads\/2016\/07\/ho-1024x684.jpg\" \/>Mercoled\u00ec 27 luglio, alle 18.00, a Gallipoli, al Parco Gondar, in lungomare Galilei, ci sar\u00e0 una delle feste pi\u00f9 colorate e attese dell&#8217; estate salentina, il Salento Holi Colors Festival.<\/p>\n<p>Guest star d&#8217;eccezione Fabio Rovazzi con la sua &#8220;Andiamo a Comandare&#8221; e lo show di Salento Calls Italy.<\/p>\n<p>Dal pomeriggio alla notte, un countdown all&#8217;ora per una grande pioggia di colori, tanta musica e divertimento!<\/p>\n<p>La festa\u00a0in particolare \u00e8 dedicata\u00a0agli studenti degli ultimi anni di superiori che si sono\u00a0lasciati alle spalle i mitici esami di maturit\u00e0.<\/p>\n<p>Per maggiori informazioni e prenotazioni:\u00a0<a href=\"tel:327%20821%205783\" target=\"_blank\">327 821 5783<\/a> &#8211; <a href=\"http:\/\/www.parcogondar.com\/\" target=\"_blank\">http:\/\/www.parcogondar.com<\/a>\u2013<\/p>\n<p>Biglietti a 10 euro intero, 5 con prenotazione.<\/p>\n<div><\/div>\n<p>&nbsp;<\/p>\n<p>&nbsp;<\/p>\n<p>&nbsp;<\/p>\n<p>&nbsp;<\/p>\n<fb:like href='https:\/\/www.leccecronaca.it\/index.php\/2016\/07\/26\/diario-del-giorno-dopo-feste-il-salento-holi-colors-of-festival-a-gallipoli-mercoledi-27\/' send='true' layout='button_count' show_faces='true' width='450' height='65' action='recommend' colorscheme='light' font='lucida grande'><\/fb:like><span class=\"fb_share\"><fb:like href=\"https:\/\/www.leccecronaca.it\/index.php\/2016\/07\/26\/diario-del-giorno-dopo-feste-il-salento-holi-colors-of-festival-a-gallipoli-mercoledi-27\/\" layout=\"button_count\"><\/fb:like><\/span>","protected":false},"excerpt":{"rendered":"<p>Mercoled\u00ec 27 luglio, alle 18.00, a Gallipoli, al Parco Gondar, in lungomare Galilei, ci sar\u00e0 una delle feste pi\u00f9 colorate e attese dell&#8217; estate salentina, il Salento Holi Colors Festival. Guest star d&#8217;eccezione Fabio Rovazzi con la sua &#8220;Andiamo a Comandare&#8221; e lo show di Salento Calls Italy. Dal pomeriggio alla notte, un countdown all&#8217;ora [&hellip;]<\/p>\n","protected":false},"author":4,"featured_media":91912,"comment_status":"open","ping_status":"closed","sticky":false,"template":"","format":"standard","meta":[],"categories":[75],"tags":[],"_links":{"self":[{"href":"https:\/\/www.leccecronaca.it\/index.php\/wp-json\/wp\/v2\/posts\/91910"}],"collection":[{"href":"https:\/\/www.leccecronaca.it\/index.php\/wp-json\/wp\/v2\/posts"}],"about":[{"href":"https:\/\/www.leccecronaca.it\/index.php\/wp-json\/wp\/v2\/types\/post"}],"author":[{"embeddable":true,"href":"https:\/\/www.leccecronaca.it\/index.php\/wp-json\/wp\/v2\/users\/4"}],"replies":[{"embeddable":true,"href":"https:\/\/www.leccecronaca.it\/index.php\/wp-json\/wp\/v2\/comments?post=91910"}],"version-history":[{"count":1,"href":"https:\/\/www.leccecronaca.it\/index.php\/wp-json\/wp\/v2\/posts\/91910\/revisions"}],"predecessor-version":[{"id":91914,"href":"https:\/\/www.leccecronaca.it\/index.php\/wp-json\/wp\/v2\/posts\/91910\/revisions\/91914"}],"wp:featuredmedia":[{"embeddable":true,"href":"https:\/\/www.leccecronaca.it\/index.php\/wp-json\/wp\/v2\/media\/91912"}],"wp:attachment":[{"href":"https:\/\/www.leccecronaca.it\/index.php\/wp-json\/wp\/v2\/media?parent=91910"}],"wp:term":[{"taxonomy":"category","embeddable":true,"href":"https:\/\/www.leccecronaca.it\/index.php\/wp-json\/wp\/v2\/categories?post=91910"},{"taxonomy":"post_tag","embeddable":true,"href":"https:\/\/www.leccecronaca.it\/index.php\/wp-json\/wp\/v2\/tags?post=91910"}],"curies":[{"name":"wp","href":"https:\/\/api.w.org\/{rel}","templated":true}]}}