{"id":91935,"date":"2016-07-23T17:29:30","date_gmt":"2016-07-23T15:29:30","guid":{"rendered":"http:\/\/www.leccecronaca.it\/?p=91935"},"modified":"2016-07-23T17:42:51","modified_gmt":"2016-07-23T15:42:51","slug":"profumo-di-serie-a-il-calendario-completo-si-parte-subito-forte-con-napoli-milan-alla-seconda-giornata-e-intanto-la-juve-sembra-inarrestabile","status":"publish","type":"post","link":"https:\/\/www.leccecronaca.it\/index.php\/2016\/07\/23\/profumo-di-serie-a-il-calendario-completo-si-parte-subito-forte-con-napoli-milan-alla-seconda-giornata-e-intanto-la-juve-sembra-inarrestabile\/","title":{"rendered":"PROFUMO DI SERIE A \/ IL CALENDARIO COMPLETO: SI PARTE SUBITO FORTE CON NAPOLI-MILAN ALLA SECONDA GIORNATA. E INTANTO LA JUVE SEMBRA INARRESTABILE"},"content":{"rendered":"<p style=\"text-align: justify;\"><img decoding=\"async\" loading=\"lazy\" width=\"300\" height=\"212\" title=\"13680347_1217810728291590_8089191941875001306_o\" class=\"alignleft size-medium wp-image-91938\" alt=\"\" src=\"https:\/\/www.leccecronaca.it\/wordpress\/wp-content\/uploads\/2016\/07\/13680347_1217810728291590_8089191941875001306_o-300x212.png\" srcset=\"https:\/\/www.leccecronaca.it\/wordpress\/wp-content\/uploads\/2016\/07\/13680347_1217810728291590_8089191941875001306_o-300x212.png 300w, https:\/\/www.leccecronaca.it\/wordpress\/wp-content\/uploads\/2016\/07\/13680347_1217810728291590_8089191941875001306_o-1024x724.png 1024w, https:\/\/www.leccecronaca.it\/wordpress\/wp-content\/uploads\/2016\/07\/13680347_1217810728291590_8089191941875001306_o-768x543.png 768w, https:\/\/www.leccecronaca.it\/wordpress\/wp-content\/uploads\/2016\/07\/13680347_1217810728291590_8089191941875001306_o.png 1124w\" sizes=\"(max-width: 300px) 100vw, 300px\" \/>di <strong>Laura Ricci<\/strong>______<\/p>\n<p style=\"text-align: justify;\">Si respira finalmente aria di Serie A: nonostante le squadre siano nel pieno della preparazione psico-atletica che precede l&#8217;avvio del campionato, i sorteggi che hanno dato forma al calendario della stagione agonistica 2016\/17 regalano ai tifosi una prospettiva di quella Serie A che avr\u00e0 il via il 21 agosto.<\/p>\n<p style=\"text-align: justify;\"><strong>La prima giornata- <\/strong>Come &#8220;primo giorno di scuola&#8221;, il <strong>Milan<\/strong> si presenta con una sorta di soggezione davanti a una squadra guidata dall&#8217;ex tecnico Mihajlovic, ovvero il <strong>Torino<\/strong>, che ha ereditato nel mercato estivo il condottiero che fino a tre quarti della scorsa stagione era al timone della barca rossonera.<\/p>\n<p style=\"text-align: justify;\">La figura dell&#8217;allenatore serbo viene ricordata dalla tifoseria milanista come positiva e carismatica, messa in difficolt\u00e0 nella sua avventura in rossonero dal &#8220;momento no&#8221; della squadra e dell&#8217;intero club, caotico nella stessa guida dirigenziale.<\/p>\n<p style=\"text-align: justify;\"><strong>Vincenzo Montella<\/strong>, allora, affronter\u00e0 la personale prova di maturit\u00e0 sulla panchina rossonera proprio al primo appuntamento; il rischio \u00e8 quello di arrivare all&#8217;avvio del campionato con una situazione ancora in subbuglio, una rosa incompleta e un club in bilico tra le mani di Berlusconi e quelle dei cinesi.<\/p>\n<p style=\"text-align: justify;\">Avvio di spessore, contro la <strong>Fiorentina<\/strong>, anche per quella che ormai viene definita la &#8220;<strong>super Juventus<\/strong>&#8220;, assoluta regina del mercato italiano che ha messo su una vera e propria macchina da guerra che, forse, monopolizzer\u00e0 l&#8217;intero campionato di Serie A che, al momento, non prospetta alcun organico in grado di opporsi alla &#8220;vecchia signora&#8221;.<\/p>\n<p style=\"text-align: justify;\">Dopo gli acquisti a dir poco di lusso di<strong> Pjanic, Dani Alves, Benatia e Pjaca<\/strong>, il club bianconero sta per ufficializzare la punta di diamante di un gioiello gi\u00e0 estremamente prezioso: <strong>Gonzalo Higuain<\/strong>, bomber dalle trentasei reti in trentacinque presenze nello scorso anno con la maglia del Napoli, andr\u00e0 a chiudere il cerchio di un giro di acquisti che mettono i brividi alle avversarie italiane e non solo.<\/p>\n<p style=\"text-align: justify;\">Per l&#8217;attaccante argentino la Juve \u00e8 disposta a pagare l&#8217;intero cartellino fissato dal Napoli, corrispondente a novantaquattro milioni di euro, in virt\u00f9 dell&#8217;ormai prossima cessione di <strong>Pogba<\/strong> che permetter\u00e0 di incassare un somma vicina ai cento milioni di euro.<\/p>\n<p style=\"text-align: justify;\">Inizio pi\u00f9 &#8220;soft&#8221; invece per\u00a0il <strong>Napoli<\/strong> di <strong>Sarri<\/strong>, alla prima di campionato impegnato contro il <strong>Pescara<\/strong> e in fase di turbolenza proprio per lo scossone provocato da <strong>Higuain<\/strong>, dal quale non ci si aspettava l&#8217;addio o, almeno, non ci si aspettava potesse scegliere la rivale numero uno come destinazione.<\/p>\n<p style=\"text-align: justify;\">Il presidente De Laurentis rassicura i propri tifosi, delusi ma coscienti del fatto di aver gi\u00e0 detto addio a campioni del passato come, per citarne uno, Maradona, e dunque in grado di sopravvivere al divorzio con l&#8217;attaccante.<\/p>\n<p style=\"text-align: justify;\">Il tecnico degli azzurri potr\u00e0 contare sulla grinta che caratterizza da sempre la propria squadra e sull&#8217;alto tasso tecnico e qualitativo che resta anche senza Higuain. Occhi puntati sul gioiellino <strong>Lorenzo Insigne<\/strong>, idolo ormai dei suoi tifosi e conterranei e reduce da un ottimo europeo in cui \u00e8 stato impiegato poco, ma ha sempre dato dimostrazione di splendida forma.<\/p>\n<p style=\"text-align: justify;\">La stessa sorte spetta all<strong>&#8216;Inter<\/strong>\u00a0dei cinesi che incontrer\u00e0 il <strong>Chievo<\/strong> e avr\u00e0 dunque la possibilit\u00e0 di testare il grado di forma e affiatamento del gruppo che, ultimamente, pare stia perdendo la propria coesione a causa del &#8220;caso <strong>Icardi<\/strong>&#8220;, o meglio, del &#8220;caso <strong>Wanda<\/strong>&#8220;, la moglie, che pare stia allontanando il capitano nerazzurro da Milano.<\/p>\n<p style=\"text-align: justify;\">Le tensioni arrivano anche dalla panchina, l\u00ec dove l&#8217;anno scorso si era partiti come punto cardine del progetto, e dove ora <strong>Roberto Mancini<\/strong> non sembra essere in completa sincronia con la dirigenza.<\/p>\n<p style=\"text-align: justify;\">La <strong>Roma<\/strong> di <strong>Spalletti<\/strong> incontrer\u00e0 l&#8217;<strong>Udinese<\/strong> e lo far\u00e0 orfana di Pjanic, ma forte della volutissima conferma di <strong>El Shaarawy<\/strong> in squadra, riscattato dal Milan e al centro del progetto giallorosso, in attesa di ulteriori mosse di mercato che sembrano incombere.<\/p>\n<p style=\"text-align: justify;\"><strong>I big-match- <\/strong>A infiammare particolarmente questa Serie A saranno i classici grandi scontri: gi\u00e0 alla <strong>seconda giornata<\/strong> assisteremo a <strong>Napoli-Milan<\/strong>. Nella q<strong>uarta giornata<\/strong> sar\u00e0 derby tra I<strong>nter e Juve<\/strong>, mentre <strong>Roma e Inter<\/strong> si affronteranno nel corso del <strong>settimo turno<\/strong>. Si susseguiranno poi <strong>Napoli &#8211; Roma all&#8217;ottava giornata<\/strong>, <strong>Milan &#8211; Juve alla nona, Juve &#8211; Napoli all&#8217;undicesima, Milan &#8211; Inter alla tredicesima, Napoli &#8211; Inter alla quindicesima, Roma &#8211; Milan alla sedicesima,<\/strong> per poi chiudere la <strong>diciassettesima giornata<\/strong> con <strong>Juve &#8211; Roma<\/strong>.<\/p>\n<p style=\"text-align: justify;\">\n<fb:like href='https:\/\/www.leccecronaca.it\/index.php\/2016\/07\/23\/profumo-di-serie-a-il-calendario-completo-si-parte-subito-forte-con-napoli-milan-alla-seconda-giornata-e-intanto-la-juve-sembra-inarrestabile\/' send='true' layout='button_count' show_faces='true' width='450' height='65' action='recommend' colorscheme='light' font='lucida grande'><\/fb:like><span class=\"fb_share\"><fb:like href=\"https:\/\/www.leccecronaca.it\/index.php\/2016\/07\/23\/profumo-di-serie-a-il-calendario-completo-si-parte-subito-forte-con-napoli-milan-alla-seconda-giornata-e-intanto-la-juve-sembra-inarrestabile\/\" layout=\"button_count\"><\/fb:like><\/span>","protected":false},"excerpt":{"rendered":"<p>di Laura Ricci______ Si respira finalmente aria di Serie A: nonostante le squadre siano nel pieno della preparazione psico-atletica che precede l&#8217;avvio del campionato, i sorteggi che hanno dato forma al calendario della stagione agonistica 2016\/17 regalano ai tifosi una prospettiva di quella Serie A che avr\u00e0 il via il 21 agosto. La prima giornata- [&hellip;]<\/p>\n","protected":false},"author":4,"featured_media":0,"comment_status":"open","ping_status":"closed","sticky":false,"template":"","format":"standard","meta":[],"categories":[28],"tags":[],"_links":{"self":[{"href":"https:\/\/www.leccecronaca.it\/index.php\/wp-json\/wp\/v2\/posts\/91935"}],"collection":[{"href":"https:\/\/www.leccecronaca.it\/index.php\/wp-json\/wp\/v2\/posts"}],"about":[{"href":"https:\/\/www.leccecronaca.it\/index.php\/wp-json\/wp\/v2\/types\/post"}],"author":[{"embeddable":true,"href":"https:\/\/www.leccecronaca.it\/index.php\/wp-json\/wp\/v2\/users\/4"}],"replies":[{"embeddable":true,"href":"https:\/\/www.leccecronaca.it\/index.php\/wp-json\/wp\/v2\/comments?post=91935"}],"version-history":[{"count":8,"href":"https:\/\/www.leccecronaca.it\/index.php\/wp-json\/wp\/v2\/posts\/91935\/revisions"}],"predecessor-version":[{"id":91953,"href":"https:\/\/www.leccecronaca.it\/index.php\/wp-json\/wp\/v2\/posts\/91935\/revisions\/91953"}],"wp:attachment":[{"href":"https:\/\/www.leccecronaca.it\/index.php\/wp-json\/wp\/v2\/media?parent=91935"}],"wp:term":[{"taxonomy":"category","embeddable":true,"href":"https:\/\/www.leccecronaca.it\/index.php\/wp-json\/wp\/v2\/categories?post=91935"},{"taxonomy":"post_tag","embeddable":true,"href":"https:\/\/www.leccecronaca.it\/index.php\/wp-json\/wp\/v2\/tags?post=91935"}],"curies":[{"name":"wp","href":"https:\/\/api.w.org\/{rel}","templated":true}]}}