{"id":91979,"date":"2016-07-24T00:06:28","date_gmt":"2016-07-23T22:06:28","guid":{"rendered":"http:\/\/www.leccecronaca.it\/?p=91979"},"modified":"2016-07-23T20:23:52","modified_gmt":"2016-07-23T18:23:52","slug":"grazie-per-la-foto-225","status":"publish","type":"post","link":"https:\/\/www.leccecronaca.it\/index.php\/2016\/07\/24\/grazie-per-la-foto-225\/","title":{"rendered":"GRAZIE PER LA FOTO"},"content":{"rendered":"<p>Grazie per la foto alla nostra cara amica Antonella:<span style=\"font-size: 13px; line-height: 19px;\">\u00a0<\/span><\/p>\n<p><em>&#8220;C&#8217;\u00e8 chi pensa che la Turchia sia troppo lontana da noi e che la crisi post-colpo di Stato sar\u00e0 subito somatizzata dall&#8217;Europa: un grosso errore!<\/em><br \/>\n<em> Un governo che in poche ore restringe la libert\u00e0 di movimento, vieta il diritto di manifestare e fa uso potente della censura pu\u00f2 rompere gli equilibri occidentali, gi\u00e0 vacillanti dopo gli attentati dell&#8217;Isis. Decine di migliaia di persone (tra cui buona parte donne attive e sognatrici) vivono una repressione violenta e cruda.<\/em><br \/>\n<em> Erdogan ha congelato i diritti umani, decidendo di sospendere la convenzione continentale e ipotizzando di ripristinare la pena di morte.<\/em><br \/>\n<em> Con queste cocenti divisioni il mondo rischia di sprofondare nell&#8217;odio, aprendo la porta a un futuro invisibile&#8230;&#8221;.<\/em><br \/>\n<img decoding=\"async\" loading=\"lazy\" src=\"https:\/\/www.leccecronaca.it\/wordpress\/wp-content\/uploads\/2016\/07\/03081_2.jpg\" alt=\"\" title=\"03081_2\" width=\"439\" height=\"490\" style=\"font-size: 13px; line-height: 19px;\" \/><\/p>\n<fb:like href='https:\/\/www.leccecronaca.it\/index.php\/2016\/07\/24\/grazie-per-la-foto-225\/' send='true' layout='button_count' show_faces='true' width='450' height='65' action='recommend' colorscheme='light' font='lucida grande'><\/fb:like><span class=\"fb_share\"><fb:like href=\"https:\/\/www.leccecronaca.it\/index.php\/2016\/07\/24\/grazie-per-la-foto-225\/\" layout=\"button_count\"><\/fb:like><\/span>","protected":false},"excerpt":{"rendered":"<p>Grazie per la foto alla nostra cara amica Antonella:\u00a0 &#8220;C&#8217;\u00e8 chi pensa che la Turchia sia troppo lontana da noi e che la crisi post-colpo di Stato sar\u00e0 subito somatizzata dall&#8217;Europa: un grosso errore! Un governo che in poche ore restringe la libert\u00e0 di movimento, vieta il diritto di manifestare e fa uso potente della [&hellip;]<\/p>\n","protected":false},"author":4,"featured_media":91980,"comment_status":"open","ping_status":"closed","sticky":false,"template":"","format":"standard","meta":[],"categories":[1,76],"tags":[],"_links":{"self":[{"href":"https:\/\/www.leccecronaca.it\/index.php\/wp-json\/wp\/v2\/posts\/91979"}],"collection":[{"href":"https:\/\/www.leccecronaca.it\/index.php\/wp-json\/wp\/v2\/posts"}],"about":[{"href":"https:\/\/www.leccecronaca.it\/index.php\/wp-json\/wp\/v2\/types\/post"}],"author":[{"embeddable":true,"href":"https:\/\/www.leccecronaca.it\/index.php\/wp-json\/wp\/v2\/users\/4"}],"replies":[{"embeddable":true,"href":"https:\/\/www.leccecronaca.it\/index.php\/wp-json\/wp\/v2\/comments?post=91979"}],"version-history":[{"count":5,"href":"https:\/\/www.leccecronaca.it\/index.php\/wp-json\/wp\/v2\/posts\/91979\/revisions"}],"predecessor-version":[{"id":91982,"href":"https:\/\/www.leccecronaca.it\/index.php\/wp-json\/wp\/v2\/posts\/91979\/revisions\/91982"}],"wp:featuredmedia":[{"embeddable":true,"href":"https:\/\/www.leccecronaca.it\/index.php\/wp-json\/wp\/v2\/media\/91980"}],"wp:attachment":[{"href":"https:\/\/www.leccecronaca.it\/index.php\/wp-json\/wp\/v2\/media?parent=91979"}],"wp:term":[{"taxonomy":"category","embeddable":true,"href":"https:\/\/www.leccecronaca.it\/index.php\/wp-json\/wp\/v2\/categories?post=91979"},{"taxonomy":"post_tag","embeddable":true,"href":"https:\/\/www.leccecronaca.it\/index.php\/wp-json\/wp\/v2\/tags?post=91979"}],"curies":[{"name":"wp","href":"https:\/\/api.w.org\/{rel}","templated":true}]}}