{"id":92937,"date":"2016-08-03T00:10:43","date_gmt":"2016-08-02T22:10:43","guid":{"rendered":"http:\/\/www.leccecronaca.it\/?p=92937"},"modified":"2016-08-03T12:07:55","modified_gmt":"2016-08-03T10:07:55","slug":"lecce-al-via-la-seconda-fase-di-ritiro-a-roccaporena","status":"publish","type":"post","link":"https:\/\/www.leccecronaca.it\/index.php\/2016\/08\/03\/lecce-al-via-la-seconda-fase-di-ritiro-a-roccaporena\/","title":{"rendered":"DIARIO DI ROCCAPORENA \/ E&#8217; INIZIATA LA SECONDA FASE DEL RITIRO DEL LECCE"},"content":{"rendered":"<p>di <strong>Francesco Giannetta<\/strong> ______<\/p>\n<p><img decoding=\"async\" loading=\"lazy\" width=\"900\" height=\"650\" title=\"roccaporena6\" class=\"aligncenter size-full wp-image-92943\" alt=\"\" src=\"https:\/\/www.leccecronaca.it\/wordpress\/wp-content\/uploads\/2016\/08\/roccaporena6.jpg\" srcset=\"https:\/\/www.leccecronaca.it\/wordpress\/wp-content\/uploads\/2016\/08\/roccaporena6.jpg 900w, https:\/\/www.leccecronaca.it\/wordpress\/wp-content\/uploads\/2016\/08\/roccaporena6-300x217.jpg 300w, https:\/\/www.leccecronaca.it\/wordpress\/wp-content\/uploads\/2016\/08\/roccaporena6-768x555.jpg 768w\" sizes=\"(max-width: 900px) 100vw, 900px\" \/><\/p>\n<p>Nella mattinata di marted\u00ec il <strong>Lecce<\/strong> ha raggiunto la sede della seconda fase del ritiro estivo, <strong>Roccaporena<\/strong>, una piccola frazione del comune di Cascia, in provincia di Perugia. Il paese, situato a 707 metri sul livello del mare, conta solo 73 abitanti. Il particolare microclima del luogo, posto all&#8217;estremit\u00e0 di una piccola gola, ha spinto diverse societ\u00e0 di calcio a scegliere Roccaporena come meta per il ritiro estivo. Non solo societ\u00e0 italiane come Messina, Cagliari, Fiorentina, Bari, Benevento, Ternana, Salernitana, Reggina, Nocerina e Gubbio, ma anche club stranieri come Monaco e Chelsea, quando entrambe le squadre erano allenate dall&#8217;italiano <strong>Claudio Ranieri<\/strong> che con questi luoghi ha un rapporto particolare.<\/p>\n<p>I giallorossi alloggeranno presso l&#8217;Hotel Roccaporena e per i loro allenamenti utilizzeranno i campi da gioco presenti all&#8217;interno della struttura. Mister <strong>Padalino<\/strong> sfrutter\u00e0 questa fase di ritiro per preparare al meglio la gara con l&#8217;<strong>Ascoli<\/strong>, valevole come Secondo Turno Eliminatorio di Tim Cup. I calciatori del Lecce convocati per il ritiro a Roccaporena sono: Bleve, Vitofrancesco, Contessa, Mancosu, Cosenza, Arrigoni, De Feudis, Vutov, Lepore, Pacilli, Chironi, Giosa, Caturano, Vinetot, Maimone, Fiordilino, Gomis, Ciancio, Doumbia, Persano, Morello, Capristo,\u00a0Monaco.<\/p>\n<p><img decoding=\"async\" loading=\"lazy\" width=\"300\" height=\"185\" title=\"Vitofrancesco-Lecce-356x220\" class=\"alignleft size-medium wp-image-92944\" alt=\"\" src=\"https:\/\/www.leccecronaca.it\/wordpress\/wp-content\/uploads\/2016\/08\/Vitofrancesco-Lecce-356x220-300x185.jpg\" srcset=\"https:\/\/www.leccecronaca.it\/wordpress\/wp-content\/uploads\/2016\/08\/Vitofrancesco-Lecce-356x220-300x185.jpg 300w, https:\/\/www.leccecronaca.it\/wordpress\/wp-content\/uploads\/2016\/08\/Vitofrancesco-Lecce-356x220.jpg 356w\" sizes=\"(max-width: 300px) 100vw, 300px\" \/>Da Roccaporena arrivano le parole del terzino <strong>Vitofrancesco<\/strong>, fresco di esordio con la casacca giallorossa in Tim Cup: <em>&#8220;Sabato \u00e8 stata la prima gara ufficiale della stagione. Considerato che nell\u2019undici sceso in campo eravamo quasi tutti nuovi e che a questo punto della preparazione, certamente, non potevamo avere i novanta minuti nelle gambe, si pu\u00f2 essere soddisfatti. C\u2019\u00e8 stata qualche sbavatura, ma era la prima gara. E\u2019 normale che brillantezza e rapidit\u00e0 arriveranno nel momento in cui vai a smaltire i carichi di lavoro effettuati in preparazione. Quello che mi ha colpito \u00e8 il gruppo, che alla fine \u00e8 quello che conta. Siamo gi\u00e0 affiatati tra di noi e lottavamo su ogni pallone. L\u2019intesa tra di noi non potr\u00e0 che crescere con il passare del tempo. Ci vuole del tempo per conoscere sempre meglio i compagni, capire al volo i movimenti che fanno. Ripeto, ho avuto una bella impressione, in campo c\u2019era grinta e voglia di recuperare subito la palla. Questa sar\u00e0 la mia prima esperienza nel girone C della Lega Pro. Quello che cambia rispetto agli altri\u00a0gironi \u00e8 il fattore agonistico, si gioca sui campi caldi e bisogna mantenere la giusta freddezza. Lo scorso anno con l\u2019Alessandria sono riuscito a fornire 9 assist, possiamo dire che \u00e8 una mia caratteristica. Mi da una grande soddisfazione mettere un compagno nelle condizioni di andare a rete, ricevere il suo abbraccio e ringraziamento. Sabato scorso \u00e8 stato il primo impatto con il Via del Mare. Ci ho giocato da avversario con Perugia e Grosseto, \u00e8 uno stadio che fa una certa impressione. Quest\u2019anno sar\u00e0 un onore per me giocare al Via del Mare indossando la maglia giallorossa e speriamo che alla fine riusciremo a toglierci delle grandi soddisfazioni. La prossima gara di Tim Cup con l\u2019Ascoli? Rispettiamo tutti gli avversari, loro sono di una categoria superiore rispetto a noi. Lo scorso anno, raggiungendo la semifinale di Tim Cup con l\u2019Alessandria, mi ha insegnato che quando c\u2019\u00e8 il gruppo e voglia di vincere non ci sono limiti.\u201d<\/em><\/p>\n<p>&nbsp;<\/p>\n<fb:like href='https:\/\/www.leccecronaca.it\/index.php\/2016\/08\/03\/lecce-al-via-la-seconda-fase-di-ritiro-a-roccaporena\/' send='true' layout='button_count' show_faces='true' width='450' height='65' action='recommend' colorscheme='light' font='lucida grande'><\/fb:like><span class=\"fb_share\"><fb:like href=\"https:\/\/www.leccecronaca.it\/index.php\/2016\/08\/03\/lecce-al-via-la-seconda-fase-di-ritiro-a-roccaporena\/\" layout=\"button_count\"><\/fb:like><\/span>","protected":false},"excerpt":{"rendered":"<p>di Francesco Giannetta ______ Nella mattinata di marted\u00ec il Lecce ha raggiunto la sede della seconda fase del ritiro estivo, Roccaporena, una piccola frazione del comune di Cascia, in provincia di Perugia. Il paese, situato a 707 metri sul livello del mare, conta solo 73 abitanti. Il particolare microclima del luogo, posto all&#8217;estremit\u00e0 di una [&hellip;]<\/p>\n","protected":false},"author":4,"featured_media":92943,"comment_status":"open","ping_status":"closed","sticky":false,"template":"","format":"standard","meta":[],"categories":[28],"tags":[],"_links":{"self":[{"href":"https:\/\/www.leccecronaca.it\/index.php\/wp-json\/wp\/v2\/posts\/92937"}],"collection":[{"href":"https:\/\/www.leccecronaca.it\/index.php\/wp-json\/wp\/v2\/posts"}],"about":[{"href":"https:\/\/www.leccecronaca.it\/index.php\/wp-json\/wp\/v2\/types\/post"}],"author":[{"embeddable":true,"href":"https:\/\/www.leccecronaca.it\/index.php\/wp-json\/wp\/v2\/users\/4"}],"replies":[{"embeddable":true,"href":"https:\/\/www.leccecronaca.it\/index.php\/wp-json\/wp\/v2\/comments?post=92937"}],"version-history":[{"count":4,"href":"https:\/\/www.leccecronaca.it\/index.php\/wp-json\/wp\/v2\/posts\/92937\/revisions"}],"predecessor-version":[{"id":92947,"href":"https:\/\/www.leccecronaca.it\/index.php\/wp-json\/wp\/v2\/posts\/92937\/revisions\/92947"}],"wp:featuredmedia":[{"embeddable":true,"href":"https:\/\/www.leccecronaca.it\/index.php\/wp-json\/wp\/v2\/media\/92943"}],"wp:attachment":[{"href":"https:\/\/www.leccecronaca.it\/index.php\/wp-json\/wp\/v2\/media?parent=92937"}],"wp:term":[{"taxonomy":"category","embeddable":true,"href":"https:\/\/www.leccecronaca.it\/index.php\/wp-json\/wp\/v2\/categories?post=92937"},{"taxonomy":"post_tag","embeddable":true,"href":"https:\/\/www.leccecronaca.it\/index.php\/wp-json\/wp\/v2\/tags?post=92937"}],"curies":[{"name":"wp","href":"https:\/\/api.w.org\/{rel}","templated":true}]}}