{"id":93818,"date":"2016-08-11T00:10:32","date_gmt":"2016-08-10T22:10:32","guid":{"rendered":"http:\/\/www.leccecronaca.it\/?p=93818"},"modified":"2016-08-11T14:00:09","modified_gmt":"2016-08-11T12:00:09","slug":"lecce-tutto-pronto-per-la-partenza-destinazione-marassi-arrigoni-suona-la-carica","status":"publish","type":"post","link":"https:\/\/www.leccecronaca.it\/index.php\/2016\/08\/11\/lecce-tutto-pronto-per-la-partenza-destinazione-marassi-arrigoni-suona-la-carica\/","title":{"rendered":"LECCE \/ TUTTO PRONTO PER LA PARTENZA, DESTINAZIONE MARASSI. ARRIGONI SUONA LA CARICA"},"content":{"rendered":"<p>di <strong>Francesco Giannetta<\/strong> ______<\/p>\n<p><img decoding=\"async\" loading=\"lazy\" width=\"1024\" height=\"682\" title=\"Lega-Pro-pallone-21\" class=\"aligncenter size-large wp-image-93825\" alt=\"\" src=\"https:\/\/www.leccecronaca.it\/wordpress\/wp-content\/uploads\/2016\/08\/Lega-Pro-pallone-211-1024x682.jpg\" srcset=\"https:\/\/www.leccecronaca.it\/wordpress\/wp-content\/uploads\/2016\/08\/Lega-Pro-pallone-211-1024x682.jpg 1024w, https:\/\/www.leccecronaca.it\/wordpress\/wp-content\/uploads\/2016\/08\/Lega-Pro-pallone-211-300x200.jpg 300w, https:\/\/www.leccecronaca.it\/wordpress\/wp-content\/uploads\/2016\/08\/Lega-Pro-pallone-211-768x512.jpg 768w, https:\/\/www.leccecronaca.it\/wordpress\/wp-content\/uploads\/2016\/08\/Lega-Pro-pallone-211.jpg 1280w\" sizes=\"(max-width: 1024px) 100vw, 1024px\" \/><\/p>\n<p>Ultimo giorno di lavoro a Roma per i giocatori del <strong>Lecce<\/strong> prima della partenza per Genova, prevista per il pomeriggio di gioved\u00ec dopo l&#8217;allenamento mattutino presso le strutture d&#8217;allenamento del &#8220;Mancini Park Hotel&#8221;. I giallorossi in questi giorni romani si sono allenati regolarmente e mister Padalino ha avuto tutti gli effettivi a sua disposizione per preparare al meglio la gara di venerd\u00ec contro il Genoa valevole per il Terzo Turno Eliminatorio della Tim Cup e che, notizia della giornata, sar\u00e0 arbitrata dal Sig. Claudio Gavillucci di Latina.<\/p>\n<p><img decoding=\"async\" loading=\"lazy\" width=\"299\" height=\"448\" title=\"Arrigoni\" class=\"alignleft  wp-image-93824\" src=\"https:\/\/www.leccecronaca.it\/wordpress\/wp-content\/uploads\/2016\/08\/Arrigoni.jpg\" srcset=\"https:\/\/www.leccecronaca.it\/wordpress\/wp-content\/uploads\/2016\/08\/Arrigoni.jpg 427w, https:\/\/www.leccecronaca.it\/wordpress\/wp-content\/uploads\/2016\/08\/Arrigoni-200x300.jpg 200w\" sizes=\"(max-width: 299px) 100vw, 299px\" \/>Nel giorno del suo compleanno (il 10 agosto) il centrocampista del Lecce <strong>Andrea Arrigoni\u00a0<\/strong>ha caricato la squadra in vista dell&#8217;incontro di venerd\u00ec: <em>\u201cA mio modo di vedere sta procedendo tutto bene in questa fase di preparazione. Abbiamo conquistato due risultati positivi in queste prime due partite ufficiali della stagione. Sicuramente vincere aiuta a crescere, anche se non dobbiamo certo rilassarci troppo per queste due gare. Com\u2019\u00e8 normale che sia ci sono tanti aspetti sui quali bisogna lavorare e migliorare dopo un mese di lavoro. Anche a livello personale vale lo stesso discorso che ho fatto sulla squadra. A questo punto della preparazione nessuno pu\u00f2 essere al top e se lo fosse ci sarebbe qualcosa di sbagliato. Da un punto di vista tecnico \u2013 tattico stiamo cercando di mettere in pratica quello che mister Padalino ci sta facendo provare in allenamento. Stiamo oliando i meccanismi. In squadra siamo in tanti nuovi, piano piano ci stiamo conoscendo e il passare del tempo aiuta a conoscere sempre meglio le caratteristiche dei compagni. Venerd\u00ec ci attende la trasferta con il Genoa, affronteremo una formazione di serie A, non sar\u00e0 sicuramente facile, ma noi\u00a0andremo l\u00ec a fare la nostra gara e poi vedremo cosa dir\u00e0 il campo. Sulla carta \u00e8 un impegno proibitivo, ma poi in campo possono succedere cose strane, nel senso che se da parte nostra ci sar\u00e0 l\u2019atteggiamento giusto e riusciremo a fare la giusta gara, vedremo cosa succeder\u00e0.\u201c<\/em><\/p>\n<p>Importanti novit\u00e0 arrivano dagli uffici della sede di via Costadura, dove il presidente Saverio Sticchi Damiani e Alessandro Rucco hanno siglato un nuovo legame tra U.S. Lecce e Ottica Rucco. Il marchio dell&#8217;azienda Ottica Rucco, nuovo Top Sponsor, apparir\u00e0 sulla cartellonistica presente allo stadio Via del Mare e su tutto il materiale pubblicitario della societ\u00e0. Inoltre Ottica Rucco sar\u00e0 il Main Sponsor del settore giovanile. Mai prima d&#8217;ora il settore giovanile aveva avuto uno sponsor diverso da quello della prima squadra. Un bel segnale quello dato da Alessandro Rucco che oltre a voler scommettere sul Lecce calcio e sul territorio salentino ha dimostrato di avere a cuore anche il futuro delle giovani promesse giallorosse.<\/p>\n<p>&nbsp;<\/p>\n<fb:like href='https:\/\/www.leccecronaca.it\/index.php\/2016\/08\/11\/lecce-tutto-pronto-per-la-partenza-destinazione-marassi-arrigoni-suona-la-carica\/' send='true' layout='button_count' show_faces='true' width='450' height='65' action='recommend' colorscheme='light' font='lucida grande'><\/fb:like><span class=\"fb_share\"><fb:like href=\"https:\/\/www.leccecronaca.it\/index.php\/2016\/08\/11\/lecce-tutto-pronto-per-la-partenza-destinazione-marassi-arrigoni-suona-la-carica\/\" layout=\"button_count\"><\/fb:like><\/span>","protected":false},"excerpt":{"rendered":"<p>di Francesco Giannetta ______ Ultimo giorno di lavoro a Roma per i giocatori del Lecce prima della partenza per Genova, prevista per il pomeriggio di gioved\u00ec dopo l&#8217;allenamento mattutino presso le strutture d&#8217;allenamento del &#8220;Mancini Park Hotel&#8221;. I giallorossi in questi giorni romani si sono allenati regolarmente e mister Padalino ha avuto tutti gli effettivi [&hellip;]<\/p>\n","protected":false},"author":4,"featured_media":93825,"comment_status":"open","ping_status":"closed","sticky":false,"template":"","format":"standard","meta":[],"categories":[28],"tags":[],"_links":{"self":[{"href":"https:\/\/www.leccecronaca.it\/index.php\/wp-json\/wp\/v2\/posts\/93818"}],"collection":[{"href":"https:\/\/www.leccecronaca.it\/index.php\/wp-json\/wp\/v2\/posts"}],"about":[{"href":"https:\/\/www.leccecronaca.it\/index.php\/wp-json\/wp\/v2\/types\/post"}],"author":[{"embeddable":true,"href":"https:\/\/www.leccecronaca.it\/index.php\/wp-json\/wp\/v2\/users\/4"}],"replies":[{"embeddable":true,"href":"https:\/\/www.leccecronaca.it\/index.php\/wp-json\/wp\/v2\/comments?post=93818"}],"version-history":[{"count":3,"href":"https:\/\/www.leccecronaca.it\/index.php\/wp-json\/wp\/v2\/posts\/93818\/revisions"}],"predecessor-version":[{"id":93827,"href":"https:\/\/www.leccecronaca.it\/index.php\/wp-json\/wp\/v2\/posts\/93818\/revisions\/93827"}],"wp:featuredmedia":[{"embeddable":true,"href":"https:\/\/www.leccecronaca.it\/index.php\/wp-json\/wp\/v2\/media\/93825"}],"wp:attachment":[{"href":"https:\/\/www.leccecronaca.it\/index.php\/wp-json\/wp\/v2\/media?parent=93818"}],"wp:term":[{"taxonomy":"category","embeddable":true,"href":"https:\/\/www.leccecronaca.it\/index.php\/wp-json\/wp\/v2\/categories?post=93818"},{"taxonomy":"post_tag","embeddable":true,"href":"https:\/\/www.leccecronaca.it\/index.php\/wp-json\/wp\/v2\/tags?post=93818"}],"curies":[{"name":"wp","href":"https:\/\/api.w.org\/{rel}","templated":true}]}}