{"id":94446,"date":"2016-08-16T17:54:50","date_gmt":"2016-08-16T15:54:50","guid":{"rendered":"http:\/\/www.leccecronaca.it\/?p=94446"},"modified":"2016-08-17T13:21:47","modified_gmt":"2016-08-17T11:21:47","slug":"non-saro-con-te-antonio-conte-rifiuta-il-premio-che-alcuni-saggi-volevano-dargli-a-lecce-e-allora-signor-conversano-come-la-mettiamo-ora-e-nostro-caro-leader-caro-sindaco-perrone-ha-vist","status":"publish","type":"post","link":"https:\/\/www.leccecronaca.it\/index.php\/2016\/08\/16\/non-saro-con-te-antonio-conte-rifiuta-il-premio-che-alcuni-saggi-volevano-dargli-a-lecce-e-allora-signor-conversano-come-la-mettiamo-ora-e-nostro-caro-leader-caro-sindaco-perrone-ha-vist\/","title":{"rendered":"&#8220;Non sar\u00f2 con te!&#8221;. ANTONIO CONTE RIFIUTA IL PREMIO CHE ALCUNI SAGGI ILLUMINATI VOLEVANO DARGLI A LECCE&#8230;E ALLORA, SIGNOR CONVERSANO, COME LA METTIAMO ORA?!? E, NOSTRO CARO LEADER, CARO SINDACO PERRONE, HA VISTO ORA A CHI AFFIDA SOLDI PUBBLICI PER FARE PREMI DA GRANDE INTELLETTUALE?"},"content":{"rendered":"<p><img decoding=\"async\" loading=\"lazy\" width=\"990\" height=\"660\" title=\"antonio-conte-forza-bari\" class=\"aligncenter size-full wp-image-94451\" alt=\"\" src=\"https:\/\/www.leccecronaca.it\/wordpress\/wp-content\/uploads\/2016\/08\/antonio-conte-forza-bari.jpg\" srcset=\"https:\/\/www.leccecronaca.it\/wordpress\/wp-content\/uploads\/2016\/08\/antonio-conte-forza-bari.jpg 990w, https:\/\/www.leccecronaca.it\/wordpress\/wp-content\/uploads\/2016\/08\/antonio-conte-forza-bari-300x200.jpg 300w, https:\/\/www.leccecronaca.it\/wordpress\/wp-content\/uploads\/2016\/08\/antonio-conte-forza-bari-768x512.jpg 768w\" sizes=\"(max-width: 990px) 100vw, 990px\" \/>(g.p.)______L&#8217; allenatore del Chelsea Antonio Conte ha fatto sapere che non verr\u00e0 a Lecce in piazza Sant&#8217; Oronzo mercoled\u00ec 24 a ritirare il premio &#8220;Citt\u00e0 di Lecce&#8221;,\u00a0voluto da Giovanni Conversano e dal sindaco Paolo Perrone_____<\/p>\n<p>E allora?<\/p>\n<p>Allora, riproponiamo il nostro articolo del 1 luglio scorso, e poi, qui di seguito, le reazioni di queste ore dei tifosi leccesi.<\/p>\n<p><a href=\"https:\/\/www.leccecronaca.it\/index.php\/2016\/07\/01\/premi-barocchi-brocchi-e-tarocchi-ad-antonio-conte-un-altro-riconoscimento-officiato-da-giovanni-conversano-con-la-benedizione-di-paolo-perrone-ma-sant-oronzo-sara-daccordo\/\">https:\/\/www.leccecronaca.it\/index.php\/2016\/07\/01\/premi-barocchi-brocchi-e-tarocchi-ad-antonio-conte-un-altro-riconoscimento-officiato-da-giovanni-conversano-con-la-benedizione-di-paolo-perrone-ma-sant-oronzo-sara-daccordo\/<\/a><\/p>\n<p>______<\/p>\n<p>Qui di seguito la prima pagina dei commenti dei tifosi alla notizia, data dal sito www.sololecce.it<\/p>\n<p>(abbiamo censurato solamente le parolacce)<\/p>\n<p>A riprova delle nostre tesi, VOX POPULI, VOX DEI&#8230;<\/p>\n<p>&nbsp;<\/p>\n<div><a href=\"http:\/\/www.slyvi.com\/spectator.php?t=239527163986\" target=\"_parent\"><img decoding=\"async\" alt=\"Vito In\" src=\"https:\/\/slyvi-favatar.s3.amazonaws.com\/m268790808776_avt239527163986_373340525781_1383300700209364.jpg\" data-src=\"holder.js\/64x64\" \/><\/a><\/p>\n<div>\n<div>\n<h4><a href=\"http:\/\/www.slyvi.com\/spectator.php?t=239527163986\" target=\"_parent\"><span style=\"color: #191e2f;\">Vito In<\/span><\/a><em><span style=\"font-size: small;\">&#8211; Marted\u00ec 16 Agosto 2016, 12:56<\/span><\/em><\/h4>\n<p>Mi spiace, ma costui va in giro elemosinando poich\u00e8 \u00e8 Antonio Conte. Non posso menzionare l&#8217;episodio, ma chiu sordi tieni e chiui si tirchiu. Questo per aggiungere pepe a tutto il resto della poca leccesit\u00e0 di costiu. VIA DA LECCE!!!<\/p>\n<\/div>\n<\/div>\n<\/div>\n<div><a href=\"http:\/\/www.slyvi.com\/spectator.php?t=44989053010\" target=\"_parent\"><img decoding=\"async\" alt=\"Salentino Giallorosso\" src=\"https:\/\/slyvi-favatar.s3.amazonaws.com\/m13561118920_avt44989053010_345641342165_1471333398346682.jpg\" data-src=\"holder.js\/64x64\" \/><\/a><\/p>\n<div>\n<div>\n<h4><a href=\"http:\/\/www.slyvi.com\/spectator.php?t=44989053010\" target=\"_parent\"><span style=\"color: #191e2f;\">Salentino Giallorosso<\/span><\/a><em><span style=\"font-size: small;\">&#8211; Marted\u00ec 16 Agosto 2016, 9:45<\/span><\/em><\/h4>\n<p>abbande&#8230;meno male&#8230;avresti rivinato la serata giallorossa&#8230;perch\u00e8 conTe sarebbe diventata bianco\/rossa\/rinnegata&#8230;via da lecce&#8230;rinnegati mercenari ingrati&#8230;<\/p>\n<form id=\"ci-351610652077\"><\/form>\n<\/div>\n<\/div>\n<\/div>\n<div>\n<div>\n<div>\n<h4><a href=\"http:\/\/www.slyvi.com\/spectator.php?t=169979312210\" target=\"_parent\"><span style=\"color: #191e2f;\">Zona Calda<\/span><\/a><em><span style=\"font-size: small;\">&#8211; Marted\u00ec 16 Agosto 2016, 10:34<\/span><\/em><\/h4>\n<p><a href=\"http:\/\/www.slyvi.com\/spectator.php?t=123554658386\" target=\"_parent\"><span style=\"color: #191e2f;\">Bomber Moscardelli<\/span><\/a><em><span style=\"font-size: small;\">&#8211; Marted\u00ec 16 Agosto 2016, 11:38<\/span><\/em><\/p>\n<\/div>\n<\/div>\n<\/div>\n<div>\n<div>\n<div>\n<p>Mo Conversano a iStu c&#8217;\u00e8 bella figura a fatta???chi ti dice di premiare questa persona squallida???lu premiu cu ni lu ba dannu a Bari a dru <strong>BEEP<\/strong>&#8230;FORZA LECCE odio Bari odio Conte<\/p>\n<\/div>\n<\/div>\n<\/div>\n<div><a href=\"http:\/\/www.slyvi.com\/spectator.php?t=44989053010\" target=\"_parent\"><img decoding=\"async\" alt=\"Salentino Giallorosso\" src=\"https:\/\/slyvi-favatar.s3.amazonaws.com\/m13561118920_avt44989053010_345641342165_1471333398346682.jpg\" data-src=\"holder.js\/64x64\" \/><\/a><\/p>\n<div>\n<div>\n<h4><a href=\"http:\/\/www.slyvi.com\/spectator.php?t=44989053010\" target=\"_parent\"><span style=\"color: #191e2f;\">Salentino Giallorosso<\/span><\/a><em><span style=\"font-size: small;\">&#8211; Marted\u00ec 16 Agosto 2016, 12:01<\/span><\/em><\/h4>\n<p>mo Conversanu a diventatu espertu de comunicazione e pubblicit\u00e0&#8230;pagliacciu de maria&#8230;<strong>BEEP BEEP<\/strong> &#8230;ma per favore abbande puru tie a Londra&#8230;<\/p>\n<form id=\"ci-8013268397\"><\/form>\n<\/div>\n<\/div>\n<\/div>\n<div><a href=\"http:\/\/www.slyvi.com\/spectator.php?t=210999605330\" target=\"_parent\"><img decoding=\"async\" alt=\"Luca Salento\" src=\"https:\/\/slyvi-favatar.s3.amazonaws.com\/m242419122376_avt210999605330_417112282325_1470041210310644.jpg\" data-src=\"holder.js\/64x64\" \/><\/a><\/p>\n<div>\n<div>\n<h4><a href=\"http:\/\/www.slyvi.com\/spectator.php?t=210999605330\" target=\"_parent\"><span style=\"color: #191e2f;\">Luca Salento<\/span><\/a><em><span style=\"font-size: small;\">&#8211; Marted\u00ec 16 Agosto 2016, 12:38<\/span><\/em><\/h4>\n<p>Enzu enzu avvolte e meglio stare zitti&#8230;conte a fatta la megghiu cosa no pi nienti ca li cristiani invece di fare salsa stannu se su misi ti parte li pomodori nel caso dra capu fetente te tice cu bbieni<\/p>\n<form id=\"ci-420330128813\"><\/form>\n<\/div>\n<\/div>\n<\/div>\n<div><a href=\"http:\/\/www.slyvi.com\/spectator.php?t=210999605330\" target=\"_parent\"><img decoding=\"async\" alt=\"Luca Salento\" src=\"https:\/\/slyvi-favatar.s3.amazonaws.com\/m242419122376_avt210999605330_417112282325_1470041210310644.jpg\" data-src=\"holder.js\/64x64\" \/><\/a><\/p>\n<div>\n<div>\n<h4><a href=\"http:\/\/www.slyvi.com\/spectator.php?t=210999605330\" target=\"_parent\"><span style=\"color: #191e2f;\">Luca Salento<\/span><\/a><em><span style=\"font-size: small;\">&#8211; Marted\u00ec 16 Agosto 2016, 12:39<\/span><\/em><\/h4>\n<p>E mo tocca a tie conversano no curante de quiddru ca pensa la tifoseria a fatte le cose per il tuo show e lo avrai<\/p>\n<form id=\"ci-145452221869\"><\/form>\n<\/div>\n<\/div>\n<\/div>\n<div><a href=\"http:\/\/www.slyvi.com\/spectator.php?t=44989053010\" target=\"_parent\"><img decoding=\"async\" alt=\"Salentino Giallorosso\" src=\"https:\/\/slyvi-favatar.s3.amazonaws.com\/m13561118920_avt44989053010_345641342165_1471333398346682.jpg\" data-src=\"holder.js\/64x64\" \/><\/a><\/p>\n<div>\n<div>\n<h4><a href=\"http:\/\/www.slyvi.com\/spectator.php?t=44989053010\" target=\"_parent\"><span style=\"color: #191e2f;\">Salentino Giallorosso<\/span><\/a><em><span style=\"font-size: small;\">&#8211; Marted\u00ec 16 Agosto 2016, 13:25<\/span><\/em><\/h4>\n<p>purtroppo nn basta essere solo belli per diventare famosi&#8230;o imprenditori di successo&#8230;<\/p>\n<form id=\"ci-128272352685\"><\/form>\n<\/div>\n<\/div>\n<\/div>\n<div><a href=\"http:\/\/www.slyvi.com\/spectator.php?t=57989298258\" target=\"_parent\"><img decoding=\"async\" alt=\"Beto 92\" src=\"http:\/\/www.slyvi.com\/images\/noface_m.jpg\" data-src=\"holder.js\/64x64\" \/><\/a><\/p>\n<div>\n<div>\n<h4><a href=\"http:\/\/www.slyvi.com\/spectator.php?t=57989298258\" target=\"_parent\"><span style=\"color: #191e2f;\">Beto 92<\/span><\/a><em><span style=\"font-size: small;\">&#8211; Marted\u00ec 16 Agosto 2016, 17:14<\/span><\/em><\/h4>\n<p>Daniele Capone io non metterei mai a paragone la mia tifoseria con quella barese che, bench\u00e9 numerosi, restano sempre na tifoseria da Snai! Nui nu ni le indimu le partite comu a ddhri lurdi, e se sta perdimu 3-0 a casa nu ne sciamu de li spalti perc\u00e8 tocca cu facimu contestazione<\/p>\n<div><\/div>\n<div>\n<div>\n<div>\n<div>\n<div>\n<div><a dir=\"ltr\" href=\"https:\/\/www.facebook.com\/mamel13\" target=\"_blank\" data-hovercard=\"\/ajax\/hovercard\/hovercard.php?id=1570667899&amp;extragetparams=%7B%22is_public%22%3Afalse%2C%22hc_location%22%3A%22ufi%22%7D\"><!-- react-text: 53 -->Mauro Mele<!-- \/react-text --><\/a><!-- react-text: 54 --> \u00b7 <!-- \/react-text --><\/p>\n<div><\/div>\n<div>\n<div>Giusta decisione di non partecipare.<br \/>\nAlto il rischio di incappare in contestazioni che avrebbero sporcato l&#8217;immagine della citt\u00e0 e della maggioranza degli sportivi Leccesi.<\/div>\n<\/div>\n<div><\/div>\n<\/div>\n<\/div>\n<\/div>\n<\/div>\n<\/div>\n<div>\n<div>\n<div>\n<div>\n<div>\n<div><a dir=\"ltr\" href=\"https:\/\/www.facebook.com\/andrea.sonio.98\" target=\"_blank\" data-hovercard=\"\/ajax\/hovercard\/hovercard.php?id=100006469691618&amp;extragetparams=%7B%22is_public%22%3Afalse%2C%22hc_location%22%3A%22ufi%22%7D\">Andrea Sonio<!-- \/react-text --><\/a><\/div>\n<\/div>\n<\/div>\n<\/div>\n<\/div>\n<\/div>\n<div>\n<div>\n<div>\n<div>\n<div>\n<div>\n<div>x Enzo Iannaccone<br \/>\nA prescindere, a prescindere, a prescindere&#8230; ma non si pu\u00f2 prescindere dalle motivazioni.<br \/>\nA me non frega nulla se ha esultato in Juve-Lecce, e perfino sul suo tesseramento nel Bari un tifoso mediamente caldo e non fanatico potrebbe sorvolare dicendosi &#8220;in fondo \u00e8 un professionista e va dove lo fanno lavorare&#8221;.<br \/>\nMa l&#8217;ho visto con i miei occhi saltare come un grillo al coro &#8220;ci no zomb i\u00e8 nu leccis&#8221;&#8230; e allora no, mi dispiace. Perfino il tifoso pi\u00f9 &#8220;senza sangu&#8221; della Lecce-bene non te la pu\u00f2 lasciar passare una cosa simile.<br \/>\nQuindi Enzo, nu te ne curare, ma &#8220;a prescindere, a prescindere, a prescindere&#8221; nu paru te pampasciuli! Che se ne stia a Londra che \u00e8 meglio, e se proprio qualcuno deve &#8220;finire&#8221; questa storia, che sia lui per una volta a spiegarsi, e non noi a dover comprendere sempre tutto.<\/div>\n<\/div>\n<div><\/div>\n<div>\n<div>\n<div>\n<div>\n<div>\n<div><a dir=\"ltr\" href=\"https:\/\/www.facebook.com\/antonio.stranieri.54\" target=\"_blank\" data-hovercard=\"\/ajax\/hovercard\/hovercard.php?id=1139563197&amp;extragetparams=%7B%22is_public%22%3Afalse%2C%22hc_location%22%3A%22ufi%22%7D\"><!-- react-text: 170 -->Antonio Stranieri<!-- \/react-text --><\/a><!-- react-text: 171 --> \u00b7 <!-- \/react-text --><\/p>\n<div><a href=\"https:\/\/www.facebook.com\/pages\/ITCG-Luigi-Einaudi-Manduria\/106557552715316\" target=\"_blank\">ITCG Luigi Einaudi Manduria<\/a><\/div>\n<div>\n<div>Questa non la sapevo&#8230;..allora nemmeno per sbaglio deve venire nel Salento<\/div>\n<\/div>\n<div><\/div>\n<p>&nbsp;<\/p>\n<\/div>\n<\/div>\n<\/div>\n<\/div>\n<\/div>\n<div>\n<div><a href=\"https:\/\/www.facebook.com\/andrea.sonio.98\" target=\"_blank\"><img decoding=\"async\" alt=\"\" src=\"https:\/\/scontent-mxp1-1.xx.fbcdn.net\/v\/t1.0-1\/p48x48\/13043777_2005997002959270_2729784389616502577_n.jpg?oh=033e12ebe1cdb061e777707149312f93&amp;oe=585C8B6B\" \/><\/a><\/div>\n<div>\n<div>\n<div>\n<div>\n<div>\n<div><a><em data-tooltip-content=\"Menu\" data-hover=\"tooltip\"><\/em><\/a><\/div>\n<\/div>\n<\/div>\n<\/div>\n<div>\n<div><a dir=\"ltr\" href=\"https:\/\/www.facebook.com\/andrea.sonio.98\" target=\"_blank\" data-hovercard=\"\/ajax\/hovercard\/hovercard.php?id=100006469691618&amp;extragetparams=%7B%22is_public%22%3Afalse%2C%22hc_location%22%3A%22ufi%22%7D\"><!-- react-text: 204 -->Andrea Sonio<!-- \/react-text --><\/a><\/p>\n<div>\n<div>Antonio Stranieri<br \/>\nInfatti non tutti lo sanno, anzi forse davvero in pochi. Quasi tutti pensano che il problema siano l&#8217;esultanza con la Juve e il fatto di aver allenato il Bari, e allora ecco perch\u00e8 ci sono tante persone (i pi\u00f9 intransigenti) che lo odiano gi\u00e0 solo per questo, ma anche tante altre che dicono &#8220;che volete che sia&#8221;. Se invece tutti avessero visto quelle scene, anche i pi\u00f9 &#8220;miti&#8221; capirebbero che O si fa avanti lui a spiegare per una volta, O non tocca certo a noi ricucire lo strappo.<br \/>\nLa partita in questione mi pare sia Piacenza-Bari, decisiva per la promozione in A. Ho cercato dei video di quei saltelli, ma purtroppo ho trovato solo sintesi della partita e qualche video amatoriale girato dalla curva barese ma che non riprendeva il momento esatto. Ma io lo ricordo perfettamente perch\u00e8 quando vidi la scena mi alzai in piedi a casa mia e cominciai a bestemmiargli contro.<\/div>\n<\/div>\n<div><\/div>\n<\/div>\n<\/div>\n<\/div>\n<\/div>\n<\/div>\n<div>\n<div>\n<div>\n<div>\n<div><a dir=\"ltr\" href=\"https:\/\/www.facebook.com\/emanuele76\" target=\"_blank\" data-hovercard=\"\/ajax\/hovercard\/hovercard.php?id=1012832925&amp;extragetparams=%7B%22is_public%22%3Afalse%2C%22hc_location%22%3A%22ufi%22%7D\"><!-- react-text: 239 -->Emanuele Del Coco<!-- \/react-text --><\/a><!-- react-text: 240 --> \u00b7 <!-- \/react-text --><\/p>\n<div><!-- react-text: 243 --><!-- \/react-text --><a href=\"https:\/\/www.facebook.com\/pages\/CommessoMagazziniere\/164043800279047\" target=\"_blank\">Commesso\/Magazziniere<\/a><!-- react-text: 245 --> presso <!-- \/react-text --><a href=\"https:\/\/www.facebook.com\/pages\/sicam-srl\/193108527535603\" target=\"_blank\">Sicam srl<\/a><!-- react-text: 247 --><!-- \/react-text --><\/div>\n<div>\n<div>Questa non la sapevo!!! <strong>BEEP BEEP BEEP<\/strong><\/div>\n<\/div>\n<div><\/div>\n<\/div>\n<\/div>\n<\/div>\n<\/div>\n<\/div>\n<\/div>\n<\/div>\n<\/div>\n<\/div>\n<\/div>\n<\/div>\n<div>\n<div>\n<div>\n<div><\/div>\n<div>\n<div><a dir=\"ltr\" href=\"https:\/\/www.facebook.com\/mino.spedicato\" target=\"_blank\" data-hovercard=\"\/ajax\/hovercard\/hovercard.php?id=732509144&amp;extragetparams=%7B%22is_public%22%3Afalse%2C%22hc_location%22%3A%22ufi%22%7D\"><!-- react-text: 282 -->Mino Spedicato<!-- \/react-text --><\/a><!-- react-text: 283 --> \u00b7 <!-- \/react-text --><\/p>\n<div><\/div>\n<div>\n<div><strong>BEEP BEEP<\/strong> lecce ti odia!<\/div>\n<\/div>\n<div><\/div>\n<\/div>\n<\/div>\n<\/div>\n<\/div>\n<\/div>\n<div>\n<div><a href=\"https:\/\/www.facebook.com\/dario.petrarca.3\" target=\"_blank\"><img decoding=\"async\" alt=\"\" src=\"https:\/\/scontent-mxp1-1.xx.fbcdn.net\/v\/t1.0-1\/p48x48\/12274539_10206897164920746_7265992271510874016_n.jpg?oh=b80c6495a66f3a8b343712a50a33803f&amp;oe=585CBEDC\" \/><\/a><\/div>\n<div>\n<div>\n<div><\/div>\n<div>\n<div><a dir=\"ltr\" href=\"https:\/\/www.facebook.com\/dario.petrarca.3\" target=\"_blank\" data-hovercard=\"\/ajax\/hovercard\/hovercard.php?id=1026222567&amp;extragetparams=%7B%22is_public%22%3Afalse%2C%22hc_location%22%3A%22ufi%22%7D\"><!-- react-text: 317 -->Dario Petrarca<!-- \/react-text --><\/a><\/p>\n<div>\n<div><strong>BEEP BEEP BEEP<\/strong><\/div>\n<\/div>\n<\/div>\n<\/div>\n<\/div>\n<\/div>\n<\/div>\n<\/div>\n<p>&nbsp;<\/p>\n<\/div>\n<\/div>\n<\/div>\n<fb:like href='https:\/\/www.leccecronaca.it\/index.php\/2016\/08\/16\/non-saro-con-te-antonio-conte-rifiuta-il-premio-che-alcuni-saggi-volevano-dargli-a-lecce-e-allora-signor-conversano-come-la-mettiamo-ora-e-nostro-caro-leader-caro-sindaco-perrone-ha-vist\/' send='true' layout='button_count' show_faces='true' width='450' height='65' action='recommend' colorscheme='light' font='lucida grande'><\/fb:like><span class=\"fb_share\"><fb:like href=\"https:\/\/www.leccecronaca.it\/index.php\/2016\/08\/16\/non-saro-con-te-antonio-conte-rifiuta-il-premio-che-alcuni-saggi-volevano-dargli-a-lecce-e-allora-signor-conversano-come-la-mettiamo-ora-e-nostro-caro-leader-caro-sindaco-perrone-ha-vist\/\" layout=\"button_count\"><\/fb:like><\/span>","protected":false},"excerpt":{"rendered":"<p>(g.p.)______L&#8217; allenatore del Chelsea Antonio Conte ha fatto sapere che non verr\u00e0 a Lecce in piazza Sant&#8217; Oronzo mercoled\u00ec 24 a ritirare il premio &#8220;Citt\u00e0 di Lecce&#8221;,\u00a0voluto da Giovanni Conversano e dal sindaco Paolo Perrone_____ E allora? Allora, riproponiamo il nostro articolo del 1 luglio scorso, e poi, qui di seguito, le reazioni di queste [&hellip;]<\/p>\n","protected":false},"author":4,"featured_media":94451,"comment_status":"open","ping_status":"closed","sticky":false,"template":"","format":"standard","meta":[],"categories":[69,28],"tags":[44],"_links":{"self":[{"href":"https:\/\/www.leccecronaca.it\/index.php\/wp-json\/wp\/v2\/posts\/94446"}],"collection":[{"href":"https:\/\/www.leccecronaca.it\/index.php\/wp-json\/wp\/v2\/posts"}],"about":[{"href":"https:\/\/www.leccecronaca.it\/index.php\/wp-json\/wp\/v2\/types\/post"}],"author":[{"embeddable":true,"href":"https:\/\/www.leccecronaca.it\/index.php\/wp-json\/wp\/v2\/users\/4"}],"replies":[{"embeddable":true,"href":"https:\/\/www.leccecronaca.it\/index.php\/wp-json\/wp\/v2\/comments?post=94446"}],"version-history":[{"count":8,"href":"https:\/\/www.leccecronaca.it\/index.php\/wp-json\/wp\/v2\/posts\/94446\/revisions"}],"predecessor-version":[{"id":94511,"href":"https:\/\/www.leccecronaca.it\/index.php\/wp-json\/wp\/v2\/posts\/94446\/revisions\/94511"}],"wp:featuredmedia":[{"embeddable":true,"href":"https:\/\/www.leccecronaca.it\/index.php\/wp-json\/wp\/v2\/media\/94451"}],"wp:attachment":[{"href":"https:\/\/www.leccecronaca.it\/index.php\/wp-json\/wp\/v2\/media?parent=94446"}],"wp:term":[{"taxonomy":"category","embeddable":true,"href":"https:\/\/www.leccecronaca.it\/index.php\/wp-json\/wp\/v2\/categories?post=94446"},{"taxonomy":"post_tag","embeddable":true,"href":"https:\/\/www.leccecronaca.it\/index.php\/wp-json\/wp\/v2\/tags?post=94446"}],"curies":[{"name":"wp","href":"https:\/\/api.w.org\/{rel}","templated":true}]}}