{"id":94535,"date":"2016-08-23T00:08:26","date_gmt":"2016-08-22T22:08:26","guid":{"rendered":"http:\/\/www.leccecronaca.it\/?p=94535"},"modified":"2016-08-22T22:04:15","modified_gmt":"2016-08-22T20:04:15","slug":"94535","status":"publish","type":"post","link":"https:\/\/www.leccecronaca.it\/index.php\/2016\/08\/23\/94535\/","title":{"rendered":"DIARIO DEL GIORNO DOPO \/ MANIFESTAZIONI \/ ALESSANDRO DI BATTISTA DICE NO A SANTA MARIA AL BAGNO MERCOLEDI&#8217; 24"},"content":{"rendered":"<p><img decoding=\"async\" loading=\"lazy\" width=\"662\" height=\"952\" title=\"di\" class=\"alignleft size-full wp-image-94536\" alt=\"\" src=\"https:\/\/www.leccecronaca.it\/wordpress\/wp-content\/uploads\/2016\/08\/di.jpg\" srcset=\"https:\/\/www.leccecronaca.it\/wordpress\/wp-content\/uploads\/2016\/08\/di.jpg 662w, https:\/\/www.leccecronaca.it\/wordpress\/wp-content\/uploads\/2016\/08\/di-209x300.jpg 209w\" sizes=\"(max-width: 662px) 100vw, 662px\" \/>Il tour di Alessandro Di Battista \u201c#\u200eIoDicoNo\u202c Costituzione Coast To Coast\u201d far\u00e0 tappa anche a Santa Maria al Bagno mercoled\u00ec 24 Agosto dalle 21:00, presso Piazza Nard\u00f2 a Santa Maria al Bagno, per le Ragioni del NO al Referendum Costituzione del prossimo autunno e vedr\u00e0 la partecipazione anche dei Portavoce M5S pugliesi______<\/p>\n<p>L&#8217; APPROFONDIMENTO<\/p>\n<p>&nbsp;<\/p>\n<p>&nbsp;<\/p>\n<p><a href=\"https:\/\/www.leccecronaca.it\/index.php\/2016\/08\/21\/alessandro-di-battista-vs-maria-elena-boschi-confronto-a-poca-distanza-e-gia-autunno-caldo-per-il-referendum-nei-prossimi-giorni-in-arrivo-nel-salento-i-due-leader-nazionali-del-m5s-e-del-pd\/\">http:\/www.leccecronaca.it\/index.php\/2016\/08\/21\/alessandro-di-battista-vs-maria-elena-boschi-confronto-a-poca-distanza-e-gia-autunno-caldo-per-il-referendum-nei-prossimi-giorni-in-arrivo-nel-salento-i-due-leader-nazionali-del-m5s-e-del-pd\/<\/a><\/p>\n<fb:like href='https:\/\/www.leccecronaca.it\/index.php\/2016\/08\/23\/94535\/' send='true' layout='button_count' show_faces='true' width='450' height='65' action='recommend' colorscheme='light' font='lucida grande'><\/fb:like><span class=\"fb_share\"><fb:like href=\"https:\/\/www.leccecronaca.it\/index.php\/2016\/08\/23\/94535\/\" layout=\"button_count\"><\/fb:like><\/span>","protected":false},"excerpt":{"rendered":"<p>Il tour di Alessandro Di Battista \u201c#\u200eIoDicoNo\u202c Costituzione Coast To Coast\u201d far\u00e0 tappa anche a Santa Maria al Bagno mercoled\u00ec 24 Agosto dalle 21:00, presso Piazza Nard\u00f2 a Santa Maria al Bagno, per le Ragioni del NO al Referendum Costituzione del prossimo autunno e vedr\u00e0 la partecipazione anche dei Portavoce M5S pugliesi______ L&#8217; APPROFONDIMENTO &nbsp; [&hellip;]<\/p>\n","protected":false},"author":4,"featured_media":94536,"comment_status":"open","ping_status":"closed","sticky":false,"template":"","format":"standard","meta":[],"categories":[75],"tags":[],"_links":{"self":[{"href":"https:\/\/www.leccecronaca.it\/index.php\/wp-json\/wp\/v2\/posts\/94535"}],"collection":[{"href":"https:\/\/www.leccecronaca.it\/index.php\/wp-json\/wp\/v2\/posts"}],"about":[{"href":"https:\/\/www.leccecronaca.it\/index.php\/wp-json\/wp\/v2\/types\/post"}],"author":[{"embeddable":true,"href":"https:\/\/www.leccecronaca.it\/index.php\/wp-json\/wp\/v2\/users\/4"}],"replies":[{"embeddable":true,"href":"https:\/\/www.leccecronaca.it\/index.php\/wp-json\/wp\/v2\/comments?post=94535"}],"version-history":[{"count":4,"href":"https:\/\/www.leccecronaca.it\/index.php\/wp-json\/wp\/v2\/posts\/94535\/revisions"}],"predecessor-version":[{"id":94939,"href":"https:\/\/www.leccecronaca.it\/index.php\/wp-json\/wp\/v2\/posts\/94535\/revisions\/94939"}],"wp:featuredmedia":[{"embeddable":true,"href":"https:\/\/www.leccecronaca.it\/index.php\/wp-json\/wp\/v2\/media\/94536"}],"wp:attachment":[{"href":"https:\/\/www.leccecronaca.it\/index.php\/wp-json\/wp\/v2\/media?parent=94535"}],"wp:term":[{"taxonomy":"category","embeddable":true,"href":"https:\/\/www.leccecronaca.it\/index.php\/wp-json\/wp\/v2\/categories?post=94535"},{"taxonomy":"post_tag","embeddable":true,"href":"https:\/\/www.leccecronaca.it\/index.php\/wp-json\/wp\/v2\/tags?post=94535"}],"curies":[{"name":"wp","href":"https:\/\/api.w.org\/{rel}","templated":true}]}}