{"id":94747,"date":"2016-08-19T17:15:39","date_gmt":"2016-08-19T15:15:39","guid":{"rendered":"http:\/\/www.leccecronaca.it\/?p=94747"},"modified":"2016-08-23T13:16:40","modified_gmt":"2016-08-23T11:16:40","slug":"lecce-matera-scopri-le-differenze","status":"publish","type":"post","link":"https:\/\/www.leccecronaca.it\/index.php\/2016\/08\/19\/lecce-matera-scopri-le-differenze\/","title":{"rendered":"LECCE \/ MATERA: SCOPRI LE DIFFERENZE!"},"content":{"rendered":"<p><img decoding=\"async\" loading=\"lazy\" width=\"660\" height=\"330\" title=\"PERRONE-SALT\" class=\"alignleft size-full wp-image-94754\" alt=\"\" src=\"https:\/\/www.leccecronaca.it\/wordpress\/wp-content\/uploads\/2016\/08\/PERRONE-SALT.jpg\" srcset=\"https:\/\/www.leccecronaca.it\/wordpress\/wp-content\/uploads\/2016\/08\/PERRONE-SALT.jpg 660w, https:\/\/www.leccecronaca.it\/wordpress\/wp-content\/uploads\/2016\/08\/PERRONE-SALT-300x150.jpg 300w, https:\/\/www.leccecronaca.it\/wordpress\/wp-content\/uploads\/2016\/08\/PERRONE-SALT-600x300.jpg 600w\" sizes=\"(max-width: 660px) 100vw, 660px\" \/>(g.p.)______Ci sar\u00e0 un motivo per cui Matera\u00a0ha vinto\u00a0il titolo di capitale europea della cultura 2019, con tutto ci\u00f2 che di importante e prestigioso ci\u00f2 significa non solo per la cultura, e Lecce in quella graduatoria \u00e8 arrivata ultima, a &#8220;zero tituli&#8221;.<\/p>\n<p>Uno? Ce ne sono tanti, e abbiamo pi\u00f9 volte cercato di spiegarli, affinch\u00e9 qualcosa potesse migliorare in prospettiva, se non altro abbiamo pi\u00f9 volte cercato di esprimere un concetto solo e semplice: che la cultura, prima di tutto, bisogna amarla.<\/p>\n<p>Fatica vana.<\/p>\n<p>Migliorare? La situazione \u00e8 peggiorata, e purtroppo al peggio non c&#8217;\u00e8 mai fine.<\/p>\n<p>Quello che avevamo da dire al riguardo dell&#8217; ultima eccezzziunale veramente iniziativa turistico &#8211; culturale leccese in programma, l&#8217; abbiamo gi\u00e0 detto tre giorni fa<\/p>\n<p><a href=\"https:\/\/www.leccecronaca.it\/index.php\/2016\/08\/16\/non-saro-con-te-antonio-conte-rifiuta-il-premio-che-alcuni-saggi-volevano-dargli-a-lecce-e-allora-signor-conversano-come-la-mettiamo-ora-e-nostro-caro-leader-caro-sindaco-perrone-ha-vist\/\">https:\/\/www.leccecronaca.it\/index.php\/2016\/08\/16\/non-saro-con-te-antonio-conte-rifiuta-il-premio-che-alcuni-saggi-volevano-dargli-a-lecce-e-allora-signor-conversano-come-la-mettiamo-ora-e-nostro-caro-leader-caro-sindaco-perrone-ha-vist\/<\/a><\/p>\n<p>e non vorremmo insistere.<\/p>\n<p>Adesso facciamo parlare loro, gli organizzatori, che oggi han fatto una conferenza &#8211; stampa al riguardo.<\/p>\n<p>Ma\u00a0il caso (il caso? mai niente avviene per caso)\u00a0ha voluto che negli stessi secondi dell&#8217; arrivo in redazione del comunicato della &#8216;Platinum eventi&#8217; del &#8216;tronista&#8217; Giovanni Conversano, che qui di seguito riportiamo, arrivasse un altro comunicato, del poeta e organizzatore culturale lucano Franco Arminio, che appresso riportiamo.<\/p>\n<p>Riguarda lo stesso periodo.<\/p>\n<p>Sar\u00e0 un esercizio non vano, ma salutare per chi voglia farlo, mettere a confronto,\u00a0nei medesimi giorni,\u00a0le proposte turistico &#8211; culturali di Lecce, e quelle di Matera, quanto a originalit\u00e0, capacit\u00e0 propositiva, spessore e attrattiva.<\/p>\n<p>Poi ognuno si far\u00e0 la propria idea&#8230;<\/p>\n<p>&#8216;Giochiamo&#8217;, allora?<\/p>\n<p>Evvai&#8230;______<\/p>\n<p>COMUNICATO DELLA PLATINUM EVENTI DI GIOVANNI CONVERSANO<\/p>\n<p><img decoding=\"async\" loading=\"lazy\" width=\"560\" height=\"420\" title=\"Giovanni-Conversano-e-Giada-Pezzaioli-1-560x420\" class=\"alignleft size-full wp-image-94752\" alt=\"\" src=\"https:\/\/www.leccecronaca.it\/wordpress\/wp-content\/uploads\/2016\/08\/Giovanni-Conversano-e-Giada-Pezzaioli-1-560x420.jpg\" srcset=\"https:\/\/www.leccecronaca.it\/wordpress\/wp-content\/uploads\/2016\/08\/Giovanni-Conversano-e-Giada-Pezzaioli-1-560x420.jpg 560w, https:\/\/www.leccecronaca.it\/wordpress\/wp-content\/uploads\/2016\/08\/Giovanni-Conversano-e-Giada-Pezzaioli-1-560x420-300x225.jpg 300w, https:\/\/www.leccecronaca.it\/wordpress\/wp-content\/uploads\/2016\/08\/Giovanni-Conversano-e-Giada-Pezzaioli-1-560x420-400x300.jpg 400w\" sizes=\"(max-width: 560px) 100vw, 560px\" \/><\/p>\n<p>Sar\u00e0 Valeria Marini la madrina del \u201cPremio alle Eccellenze &#8211; Citt\u00e0 di Lecce\u201d, in programma mercoled\u00ec 24 agosto alle ore 21 in piazza Sant\u2019Oronzo, in occasione del primo giorno dei festeggiamenti dei santi patroni Oronzo, Giusto e Fortunato. L\u2019evento, giunto alla seconda edizione, \u00e8 organizzato dalla \u201cPlatinum Eventi\u201d di Giovanni Conversano, presentatore della serata, in collaborazione col Comitato Feste Patronali presieduto da Gianni Renna e col patrocinio del Comune di Lecce e della Regione Puglia, ma fortemente voluto grazie al sostegno di partner privati.<\/p>\n<p>Il premio \u00e8 riservato alle eccellenze salentine che si sono contraddistinte per azione sociale, professionale, imprenditoriale, per meriti culturali oppure per esemplarit\u00e0 di vita tali da essere indicati a modello per l\u2019intera comunit\u00e0 e vuole rappresentare un momento privilegiato per \u201csentirsi cittadini di Lecce\u201d, quindi componenti di una comunit\u00e0 che viene caratterizzata dalle persone che la animano. Un\u2019occasione per esaltare chi ha realizzato qualcosa di significativo per il Salento.<\/p>\n<p>I dettagli dell\u2019evento sono stati annunciati questa mattina nel corso di una conferenza stampa al Grand Hotel Tiziano, alla quale hanno partecipato l\u2019amministratore della \u201cPlatinum Eventi\u201d Giovanni Conversano, il presidente del Comitato Feste Patronali Gianni Renna, il sindaco di Lecce Paolo Perrone, l\u2019assessore del Comune di Lecce Attilio Monosi, il vicepresidente del Lecce Calcio Corrado Liguori e monsignor Mauro Carlino, \u201ctifosissimo&#8221; del Lecce.<\/p>\n<p>C\u2019\u00e8 grande attesa per la presentazione ufficiale del Lecce Calcio, presente al gran completo mercoled\u00ec sul palco di piazza Sant\u2019Oronzo con calciatori e staff tecnico e dirigenziale. La squadra giallorossa e le targhe da consegnare ai premiati saranno benedette da monsignor Mauro Carlino. Per la prima volta sar\u00e0 presentato al pubblico in esclusiva il nuovo inno ufficiale della compagine calcistica, interpretato dal vivo dalla giovanissima cantante salentina Sofia Rollo mentre sul palco scorreranno le immagini inedite del video clip.<\/p>\n<p>Nel corso della manifestazione si esibiranno diversi artisti salentini, tra i quali le cantanti Marian\u00e8, Il Peccato di Eva e i comici Piero Ciakky e Party Rock Salento. Non mancheranno, come lo scorso anno, alcuni d\u00e9fil\u00e9 con alcune tra le pi\u00f9 prestigiose aziende di moda del Salento, sfilate impreziosite dalla presenza della top model Giada Pezzaioli, miss Universo Italia 2015 e reduce dal successo dell\u2019ultima edizione di \u201cCiao Darwin\u201d su Canale 5 nelle vesti di \u201cprima ballerina\u201d.<\/p>\n<p>Numerose sono le autorit\u00e0 civili, militari e religiose che parteciperanno alla manifestazione, visibile liberamente a tutti______<\/p>\n<p>p.s. nostro: certo per la fretta, non per salvaguardarsi da possibili rilievi su quello che qualcuno chiam\u00f2 &#8216;familismo amorale&#8217;, qualche altro &#8216;conflitto di interessi&#8217;, il comunicato non dice che Giada Pezzaioli \u00e8 la moglie di Giovanni Conversano, ma va beh, abbiamo provveduto noi a colmare la lacuna______<\/p>\n<p>COMUNICATO DELLA &#8216;FESTA DELLA PAESEOLOGIA&#8217; DI FRANCO ARMINIO<\/p>\n<p><img decoding=\"async\" loading=\"lazy\" width=\"1024\" height=\"576\" title=\"maxresdefault\" class=\"alignleft size-large wp-image-94753\" alt=\"\" src=\"https:\/\/www.leccecronaca.it\/wordpress\/wp-content\/uploads\/2016\/08\/maxresdefault3-1024x576.jpg\" srcset=\"https:\/\/www.leccecronaca.it\/wordpress\/wp-content\/uploads\/2016\/08\/maxresdefault3-1024x576.jpg 1024w, https:\/\/www.leccecronaca.it\/wordpress\/wp-content\/uploads\/2016\/08\/maxresdefault3-300x169.jpg 300w, https:\/\/www.leccecronaca.it\/wordpress\/wp-content\/uploads\/2016\/08\/maxresdefault3-768x432.jpg 768w, https:\/\/www.leccecronaca.it\/wordpress\/wp-content\/uploads\/2016\/08\/maxresdefault3-1536x864.jpg 1536w, https:\/\/www.leccecronaca.it\/wordpress\/wp-content\/uploads\/2016\/08\/maxresdefault3.jpg 1920w\" sizes=\"(max-width: 1024px) 100vw, 1024px\" \/><\/p>\n<p>Dal pomeriggio del 20 agosto alla mattina del 25 agosto ad Aliano, in provincia di Matera, si svolge LA LUNA E I CALANCHI, quarta edizione della Festa della paesologia.<br \/>\nAd Aliano fu esiliato Carlo Levi, autore del bellissimo Cristo si \u00e8 fermato ad Eboli. Il paese \u00e8 circondato da un paesaggio suggestivo, unico in Italia. Ma \u00e8 anche un paese che ha investito con molta decisione sulla cultura. Aliano \u00e8 tra le ventuno localit\u00e0 che si sono candidate a capitale italiana della cultura per il 2018.<br \/>\nLa festa \u00e8 ideata e condotta da Franco Arminio, autore di diversi libri sulla paesologia, disciplina da lui stesso inventata. Arminio in Lucania si occupa anche della strategia nazionale delle aree interne. \u00c8 referetente tecnico della Montagna Materana, l\u2019area prescelta come progetto Pilota. Questo per dire che non si tratta solo di un evento estivo, ma di un\u2019azione che si incrocia con altre azioni in atto in Basilicata.<br \/>\nLa caratteristica indiscutibile della festa \u00e8 la sua originalit\u00e0. Uno spazio insieme politico e poetico. Una festa della letizia pensosa, perch\u00e9 c\u2019\u00e8 pensare ai luoghi e alle persone, bisogna mettere sogno e ragione nelle nostre giornate fitte di incontri, ma povere di senso.<br \/>\nForse per questo la festa si svolge senza interruzioni. C\u2019\u00e8 voglia di trovare intensit\u00e0, di intrecciare paure e utopie. Ci sono in Italia tanti festival dedicati alla poesia, al cinema, alla musica e a tante altre discipline.<\/p>\n<p>Ad Aliano c\u2019\u00e8 uno sposalizio tra cose diverse, partendo dal fuoco centrale di tenere assieme poesia e impegno civile. E allora nelle stesse giornate puoi incontrare un politico come Fabrizio Barca e una poetessa come Mariangela Gualtieri, puoi trovare un tenore coreano e i fratelli Mancuso, Peppe Voltarelli e una cantante jazz, un antropologo e un barbiere alternativo, Rocco Papaleo e gli studenti dell&#8217;universit\u00e0 di Parma e di Matera.<br \/>\nQuest\u2019anno assegneremo il premio alla carriera a Pietro Laureano, l\u2019uomo che ha portato Matera all\u2019attenzione del mondo.<\/p>\n<p>I parlamenti comunitari saranno incentrati sulle questioni dell\u2019Italia interna. Abbiamo abolito il palco anche per eliminare ogni equivoco circa le nostre intenzioni: non vogliamo fare \u201csemplicemente\u201d spettacolo, non vogliamo intrattenere. A Aliano si viene per partecipare a una sorta di sessantotto delle montagne, non si \u00e8 spettatori, ma protagonisti di azioni che provano a spezzare l\u2019autismo corale in cui siamo immersi. Una fitta trama di azioni paesologiche, azioni che possono essere performance artistica e momento di raccoglimento: quest\u2019anno \u00e8 prevista anche la stanza della memoria, un luogo in cui le persone potranno parlare dei loro lutti.<br \/>\nLa festa della paesologia alla fine \u00e8 una comunit\u00e0 provvisoria formata dagli abitanti del paese, dalle persone invitate (quasi trecento quest\u2019anno) e dai visitatori (l\u2019anno scorso furono circa 18.000). Una comunit\u00e0 che si muove all\u2019insegna del motto: piccolo paese, grande vita.<\/p>\n<p>SEGUONO IL PROGRAMMA COMPLETO DELLA SEI GIORNI DI APPUNTAMENTI. E IL MANIFESTO DELLA PAESEOLOGIA, di cui riportiamo solo l&#8217; incipit:<\/p>\n<p><em>Viviamo in un\u2019epoca volante, ma \u00e8 il volo dentro una pozzanghera.<\/em><br \/>\n<em> Stiamo morendo e stiamo guarendo, stanno accadendo tutte e due le cose assieme.<\/em><br \/>\n<em> Noi proponiamo l\u2019intreccio di poesia e impegno civile. Abbiamo bisogno di poeti e contadini. Amiamo Pasolini e Scotellaro, amiamo chi sa fare il formaggio, chi mette insieme il computer e il pero selvatico.<\/em><br \/>\n<em> Crediamo che bisogna unire le varie esperienze che si vanno opponendo alla deriva finanziaria e totalitaria dell\u2019intero pianeta. Non basta, ad esempio, parlare di decrescita. Non basta la premura di avere prodotti alimentari buoni e sani. Non bastano le battaglie per la difesa del paesaggio e dei beni comuni. E non bastano i partiti che ci sono o quelli che si vorrebbero costruire.<\/em><br \/>\n<em> Noi crediamo alle Comunit\u00e0 Provvisorie che uniscono queste esperienze diverse e altre ancora, annidate sui margini. Parliamo di Italia Interna, parliamo di paesi e montagne. Il loro svuotamento in atto da qualche decennio ha effetti che generano nello stesso tempo desolazione e beatitudine.<\/em><br \/>\n<em> Non dobbiamo redimere nessuno, pensiamo che in fondo ognuno fa quello che sa fare, per\u00f2 \u00e8 necessario svolgere qualche serena obiezione all\u2019esistenza.<\/em><br \/>\n<em> Non stiamo riproponendo la questione meridionale. Ragioniamo su ogni lembo di Occidente che non \u00e8 stato annientato dal mito del Progresso. C\u2019\u00e8 un fuoco centrale, una geografia commossa del nostro agire che si muove tra Trevico e Aliano e che si allarga a frammenti urbani e costieri dell\u2019Italia e del Mediterraneo&#8221;&#8230;<\/em><\/p>\n<fb:like href='https:\/\/www.leccecronaca.it\/index.php\/2016\/08\/19\/lecce-matera-scopri-le-differenze\/' send='true' layout='button_count' show_faces='true' width='450' height='65' action='recommend' colorscheme='light' font='lucida grande'><\/fb:like><span class=\"fb_share\"><fb:like href=\"https:\/\/www.leccecronaca.it\/index.php\/2016\/08\/19\/lecce-matera-scopri-le-differenze\/\" layout=\"button_count\"><\/fb:like><\/span>","protected":false},"excerpt":{"rendered":"<p>(g.p.)______Ci sar\u00e0 un motivo per cui Matera\u00a0ha vinto\u00a0il titolo di capitale europea della cultura 2019, con tutto ci\u00f2 che di importante e prestigioso ci\u00f2 significa non solo per la cultura, e Lecce in quella graduatoria \u00e8 arrivata ultima, a &#8220;zero tituli&#8221;. Uno? Ce ne sono tanti, e abbiamo pi\u00f9 volte cercato di spiegarli, affinch\u00e9 qualcosa [&hellip;]<\/p>\n","protected":false},"author":4,"featured_media":94754,"comment_status":"open","ping_status":"closed","sticky":false,"template":"","format":"standard","meta":[],"categories":[1,69,31,76],"tags":[],"_links":{"self":[{"href":"https:\/\/www.leccecronaca.it\/index.php\/wp-json\/wp\/v2\/posts\/94747"}],"collection":[{"href":"https:\/\/www.leccecronaca.it\/index.php\/wp-json\/wp\/v2\/posts"}],"about":[{"href":"https:\/\/www.leccecronaca.it\/index.php\/wp-json\/wp\/v2\/types\/post"}],"author":[{"embeddable":true,"href":"https:\/\/www.leccecronaca.it\/index.php\/wp-json\/wp\/v2\/users\/4"}],"replies":[{"embeddable":true,"href":"https:\/\/www.leccecronaca.it\/index.php\/wp-json\/wp\/v2\/comments?post=94747"}],"version-history":[{"count":7,"href":"https:\/\/www.leccecronaca.it\/index.php\/wp-json\/wp\/v2\/posts\/94747\/revisions"}],"predecessor-version":[{"id":95102,"href":"https:\/\/www.leccecronaca.it\/index.php\/wp-json\/wp\/v2\/posts\/94747\/revisions\/95102"}],"wp:featuredmedia":[{"embeddable":true,"href":"https:\/\/www.leccecronaca.it\/index.php\/wp-json\/wp\/v2\/media\/94754"}],"wp:attachment":[{"href":"https:\/\/www.leccecronaca.it\/index.php\/wp-json\/wp\/v2\/media?parent=94747"}],"wp:term":[{"taxonomy":"category","embeddable":true,"href":"https:\/\/www.leccecronaca.it\/index.php\/wp-json\/wp\/v2\/categories?post=94747"},{"taxonomy":"post_tag","embeddable":true,"href":"https:\/\/www.leccecronaca.it\/index.php\/wp-json\/wp\/v2\/tags?post=94747"}],"curies":[{"name":"wp","href":"https:\/\/api.w.org\/{rel}","templated":true}]}}