{"id":95118,"date":"2016-08-23T19:07:15","date_gmt":"2016-08-23T17:07:15","guid":{"rendered":"http:\/\/www.leccecronaca.it\/?p=95118"},"modified":"2016-08-23T19:27:16","modified_gmt":"2016-08-23T17:27:16","slug":"lecce-cosenzace-entusiasmo-domani-la-presentazione-della-squadra-e-del-nuovo-inno","status":"publish","type":"post","link":"https:\/\/www.leccecronaca.it\/index.php\/2016\/08\/23\/lecce-cosenzace-entusiasmo-domani-la-presentazione-della-squadra-e-del-nuovo-inno\/","title":{"rendered":"LECCE \/ COSENZA:&#8221;C&#8217;e&#8217; entusiasmo&#8221;. DOMANI LA PRESENTAZIONE DELLA SQUADRA E DEL NUOVO INNO"},"content":{"rendered":"<p>di <strong>Francesco Giannetta<\/strong> ______<\/p>\n<p><img decoding=\"async\" loading=\"lazy\" width=\"400\" height=\"266\" title=\"image_2e7d185dfd9e888201fefd93dd665e14\" class=\"aligncenter size-full wp-image-95138\" alt=\"\" src=\"https:\/\/www.leccecronaca.it\/wordpress\/wp-content\/uploads\/2016\/08\/image_2e7d185dfd9e888201fefd93dd665e142.jpg\" srcset=\"https:\/\/www.leccecronaca.it\/wordpress\/wp-content\/uploads\/2016\/08\/image_2e7d185dfd9e888201fefd93dd665e142.jpg 400w, https:\/\/www.leccecronaca.it\/wordpress\/wp-content\/uploads\/2016\/08\/image_2e7d185dfd9e888201fefd93dd665e142-300x200.jpg 300w\" sizes=\"(max-width: 400px) 100vw, 400px\" \/><\/p>\n<p>In vista della gara d&#8217;esordio in Lega Pro contro il Monopoli, il <strong>Lecce<\/strong> ha effettuato nel pomeriggio di oggi una seduta di allenamento sul campo della &#8220;Cittadella dello Sport&#8221; di Martignano. Unici assenti giustificati <strong>Monaco<\/strong> e <strong>Camisa<\/strong> che hanno continuato a svolgere un lavoro differenziato. Per domani \u00e8 previsto un doppio allenamento con la seduta mattutina programmata al &#8220;Via del Mare&#8221; mentre per l&#8217;allenamento pomeridiano si ritorner\u00e0 a Martignano. In serata poi ci sar\u00e0 la presentazione della squadra ai tifosi in piazza Sant&#8217;Oronzo, alle ore 21.30.<\/p>\n<p>Per l&#8217;occasione sar\u00e0 mandato in onda un filmato realizzato da filmaker salentini accompagnato dalla canzone scritta dal musicista <strong>Walter <img decoding=\"async\" loading=\"lazy\" width=\"300\" height=\"225\" title=\"suray\" class=\"alignright size-medium wp-image-95141\" alt=\"\" src=\"https:\/\/www.leccecronaca.it\/wordpress\/wp-content\/uploads\/2016\/08\/suray-300x225.jpg\" srcset=\"https:\/\/www.leccecronaca.it\/wordpress\/wp-content\/uploads\/2016\/08\/suray-300x225.jpg 300w, https:\/\/www.leccecronaca.it\/wordpress\/wp-content\/uploads\/2016\/08\/suray-400x300.jpg 400w, https:\/\/www.leccecronaca.it\/wordpress\/wp-content\/uploads\/2016\/08\/suray.jpg 640w\" sizes=\"(max-width: 300px) 100vw, 300px\" \/>Suray<\/strong> per omaggiare il Lecce e i suoi tifosi. Su <strong>Instagram<\/strong> il dj e producer salentino aveva espresso tutta la gioia per il nuovo incarico con un post molto emozionante: <em>&#8220;Mi sono presentato con le lacrime agli occhi quando giorni fa sono stato contattato dalla Federazione Sportiva del Lecce Calcio. Quello che mi hanno proposto ha dell&#8217;incredibile!!! Un brano inedito ufficiale che rappresentasse la nostra squadra, la nostra citt\u00e0, la nostra tanto amata e bella Lecce!!! Un vero e proprio inno alla dedizione e alla forza di volont\u00e0, proprio quella forza che il Lecce trasmette durante ogni singola partita, li dove giocatore e spettatore diventano un\u2019unica cosa, un unico cuore, avendo la stessa voglia di vincere, perch\u00e9 la sfida \u00e8 la vita. Onorato di ci\u00f2, ho accettato senza pensarci due volte catapultandomi in questo fantastico progetto con una grandissima responsabilit\u00e0 sulle spalle!!! Un immenso grazie a Pierluigi Grassi, l&#8217;ideatore di tutto ci\u00f2, nonch\u00e9 il produttore esecutivo dell&#8217;intero progetto, ad Andrea Orlando e Islam per la fiducia dimostrata nei miei confronti&#8230;Ringrazio il presidente, il direttore sportivo e tutta la federazione per questa grande opportunit\u00e0!!! Infine concludo dando un grande in bocca al lupo a Sofia Rollo, la voce del brano!!! Ora che la notizia \u00e8 ufficiale, \u00e8 tempo di dare inizio ai giochi. Forza Lecce! CU LU CORE!&#8221;<\/em><\/p>\n<p><img decoding=\"async\" loading=\"lazy\" width=\"300\" height=\"258\" title=\"cosenza\" class=\"alignleft size-medium wp-image-95139\" alt=\"\" src=\"https:\/\/www.leccecronaca.it\/wordpress\/wp-content\/uploads\/2016\/08\/cosenza-300x258.jpg\" srcset=\"https:\/\/www.leccecronaca.it\/wordpress\/wp-content\/uploads\/2016\/08\/cosenza-300x258.jpg 300w, https:\/\/www.leccecronaca.it\/wordpress\/wp-content\/uploads\/2016\/08\/cosenza.jpg 446w\" sizes=\"(max-width: 300px) 100vw, 300px\" \/>Dell&#8217;evidente entusiasmo che circonda l&#8217;ambiente leccese ha parlato anche <strong>Francesco Cosenza<\/strong> nelle dichiarazioni apparse sul sito ufficiale della societ\u00e0: <em>\u201cVedo un gruppo che si \u00e8 messo a completa disposizione del mister, che vuole lavorare e che ha capito cosa significhi indossare la maglia giallorossa. Abbiamo gettato le basi per fare bene. Rispetto allo scorso anno c\u2019\u00e8 stato un rinnovamento totale. Le incognite ci sono sempre, anche nei vecchi gruppi. Il nostro, comunque, \u00e8 un gruppo che si sta formando in maniera importante, senza individualismi e questa \u00e8 una cosa fondamentale. Attorno a noi si respira entusiasmo e questo ci lascia ben sperare. Si respira positivit\u00e0, nella gente c\u2019\u00e8 entusiasmo che ti coinvolge. Le gare che abbiamo disputato di Tim Cup le considero dei buoni test, ma da domenica inizier\u00e0 il campionato, che \u00e8 tutta un\u2019altra cosa. Il Lecce ha la propria filosofia, il proprio modo di giocare. Il Monopoli merita il nostro rispetto, ma tutto dipende da noi, dal nostro atteggiamento.\u201d<\/em><\/p>\n<p>&nbsp;<\/p>\n<p>In un comunicato l&#8217;<strong>U.S. Lecce<\/strong> ha reso noti i prezzi dei biglietti in vista della trasferta di Monopoli e le ricevitorie presso le quali \u00e8 possibile acquistarli:<\/p>\n<p>Settore Ospiti <strong>\u20ac 8,00<\/strong> pi\u00f9 <strong>\u20ac 2,00<\/strong> di diritti di prevendita entro le ore 19:00 di<br \/>\nsabato 27 agosto presso i punti vendita <strong>CiaoTickets<\/strong><br \/>\n\u2010 Edicola &#8220;Caputo Marco&#8221; Via XXV Luglio (Angolo Via Trinchese) 73100 Lecce (LE)<br \/>\n\u2010 Tabaccheria &#8220;Clinica dell&#8217;Accendino&#8221; Via Imp. Adriano, 31 73100 Lecce (LE)<br \/>\n\u2010 Tabaccheria &#8220;Bruno&#8221; Via Leuca, 84 73020 Cavallino (LE)<br \/>\n\u2010 Tabaccheria &#8220;Romano&#8221; Via Raho, 9 73048 Nard\u00f2 (LE)<br \/>\n\u2010 Tabaccheria &#8220;Mazzotta Anna&#8221; Piazza San Pietro, 26 Galatina (LE)<br \/>\n\u2010 Tabaccheria &#8220;La Centrale&#8221; Via Regina Elena, 48 73044 Galatone (LE)<br \/>\n\u2010 Agenzia &#8220;Chalca Viaggi&#8221; Piazza Carmine, 12 73040 Aradeo (LE)<br \/>\n\u2010 Tabaccheria &#8220;Busti Claudia&#8221; Via Firenze, 67\/C 73014 Gallipoli (LE)<br \/>\n\u2010 Cartoleria Edicola &#8220;Paper One&#8221; Piazza San Giorgio 6 73030 Ortelle (LE)<br \/>\n\u2010 Tabaccheria &#8220;La Dea Bendata&#8221; Via Messapica 63 73059 Ugento (LE)<\/p>\n<p>Conformemente alle vigenti disposizioni ministeriali si rende noto, inoltre, che:<br \/>\n\u2022 la vendita dei biglietti del Settore Ospiti \u00e8 tassativamente vietata ai<br \/>\ntifosi non in possesso della Tessera del Tifoso (Protocollo d\u2019intesa del 21 giugno<br \/>\n2011 tra Ministero dell\u2019Interno, CONI, FIGC e leghe professionistiche);<br \/>\n\u2022 non sar\u00e0 disponibile la vendita dei biglietti per il settore ospiti il<br \/>\ngiorno della gara presso lo Stadio, pertanto, \u00e8 assolutamente sconsigliato recarsi<br \/>\na Monopoli senza aver preventivamente acquistato il biglietto d\u2019ingresso;<br \/>\n\u2022 il Monopoli Calcio non aderisce all\u2019iniziativa \u201cporta un amico allo<br \/>\nstadio\u201d.<br \/>\n\u2022 \u00e8 possibile richiede l\u2019esposizione degli striscioni inviando una mail a<br \/>\nslo@monopolicalcio.it<\/p>\n<fb:like href='https:\/\/www.leccecronaca.it\/index.php\/2016\/08\/23\/lecce-cosenzace-entusiasmo-domani-la-presentazione-della-squadra-e-del-nuovo-inno\/' send='true' layout='button_count' show_faces='true' width='450' height='65' action='recommend' colorscheme='light' font='lucida grande'><\/fb:like><span class=\"fb_share\"><fb:like href=\"https:\/\/www.leccecronaca.it\/index.php\/2016\/08\/23\/lecce-cosenzace-entusiasmo-domani-la-presentazione-della-squadra-e-del-nuovo-inno\/\" layout=\"button_count\"><\/fb:like><\/span>","protected":false},"excerpt":{"rendered":"<p>di Francesco Giannetta ______ In vista della gara d&#8217;esordio in Lega Pro contro il Monopoli, il Lecce ha effettuato nel pomeriggio di oggi una seduta di allenamento sul campo della &#8220;Cittadella dello Sport&#8221; di Martignano. Unici assenti giustificati Monaco e Camisa che hanno continuato a svolgere un lavoro differenziato. Per domani \u00e8 previsto un doppio [&hellip;]<\/p>\n","protected":false},"author":4,"featured_media":95139,"comment_status":"open","ping_status":"closed","sticky":false,"template":"","format":"standard","meta":[],"categories":[28],"tags":[],"_links":{"self":[{"href":"https:\/\/www.leccecronaca.it\/index.php\/wp-json\/wp\/v2\/posts\/95118"}],"collection":[{"href":"https:\/\/www.leccecronaca.it\/index.php\/wp-json\/wp\/v2\/posts"}],"about":[{"href":"https:\/\/www.leccecronaca.it\/index.php\/wp-json\/wp\/v2\/types\/post"}],"author":[{"embeddable":true,"href":"https:\/\/www.leccecronaca.it\/index.php\/wp-json\/wp\/v2\/users\/4"}],"replies":[{"embeddable":true,"href":"https:\/\/www.leccecronaca.it\/index.php\/wp-json\/wp\/v2\/comments?post=95118"}],"version-history":[{"count":4,"href":"https:\/\/www.leccecronaca.it\/index.php\/wp-json\/wp\/v2\/posts\/95118\/revisions"}],"predecessor-version":[{"id":95144,"href":"https:\/\/www.leccecronaca.it\/index.php\/wp-json\/wp\/v2\/posts\/95118\/revisions\/95144"}],"wp:featuredmedia":[{"embeddable":true,"href":"https:\/\/www.leccecronaca.it\/index.php\/wp-json\/wp\/v2\/media\/95139"}],"wp:attachment":[{"href":"https:\/\/www.leccecronaca.it\/index.php\/wp-json\/wp\/v2\/media?parent=95118"}],"wp:term":[{"taxonomy":"category","embeddable":true,"href":"https:\/\/www.leccecronaca.it\/index.php\/wp-json\/wp\/v2\/categories?post=95118"},{"taxonomy":"post_tag","embeddable":true,"href":"https:\/\/www.leccecronaca.it\/index.php\/wp-json\/wp\/v2\/tags?post=95118"}],"curies":[{"name":"wp","href":"https:\/\/api.w.org\/{rel}","templated":true}]}}