{"id":95397,"date":"2016-08-26T00:07:02","date_gmt":"2016-08-25T22:07:02","guid":{"rendered":"http:\/\/www.leccecronaca.it\/?p=95397"},"modified":"2016-08-25T17:32:36","modified_gmt":"2016-08-25T15:32:36","slug":"diario-del-giorno-prima-il-tam-tam-di-annibale-167","status":"publish","type":"post","link":"https:\/\/www.leccecronaca.it\/index.php\/2016\/08\/26\/diario-del-giorno-prima-il-tam-tam-di-annibale-167\/","title":{"rendered":"DIARIO DEL GIORNO PRIMA \/ IL TAM TAM DI ANNIBALE"},"content":{"rendered":"<p><img decoding=\"async\" loading=\"lazy\" src=\"https:\/\/www.leccecronaca.it\/wordpress\/wp-content\/uploads\/2016\/08\/310x0_1472102191743.Schermata_2016_08_25_alle_07.14.52.png\" alt=\"\" title=\"310x0_1472102191743.Schermata_2016_08_25_alle_07.14.52\" width=\"310\" height=\"194\" class=\"alignleft size-full wp-image-95398\" srcset=\"https:\/\/www.leccecronaca.it\/wordpress\/wp-content\/uploads\/2016\/08\/310x0_1472102191743.Schermata_2016_08_25_alle_07.14.52.png 310w, https:\/\/www.leccecronaca.it\/wordpress\/wp-content\/uploads\/2016\/08\/310x0_1472102191743.Schermata_2016_08_25_alle_07.14.52-300x188.png 300w\" sizes=\"(max-width: 310px) 100vw, 310px\" \/>ITALIA______<br \/>\nROMA &#8211; Su richiesta del Dipartimento della Protezione Civile, d&#8217;intesa con le Regioni colpite dal terremoto e grazie agli operatori di telefonia mobile e ai media, \u00e8 stato attivato il numero 45500 per la raccolta di fondi attraverso l&#8217;invio di sms del costo di 2 euro. \u00c8 possibile donare anche chiamando da rete fissa lo stesso numero. Il servizio \u00e8 attivato con gli operatori nazionali Tim, Vodafone, Tre, Fastweb, CoopVoce, Wind e Infostrada, TWT, CloudItalia e PosteMobile. I fondi raccolti saranno trasferiti dagli operatori, senza alcun ricarico, al Dipartimento della Protezione Civile che provveder\u00e0 a destinarle alle regioni colpite dal sisma.<\/p>\n<p>ITALIA______<br \/>\nNAPOLI &#8211; E stato recuperato poco dopo mezzogiorno il corpo di Silvio Anzola, il sub rimasto intrappolato e deceduto venerdi&#8217; scorso in un cunicolo della grotta della Scaletta a Palinuro insieme a Mauro Cammardella e Mauro Tancredi, i cui corpi sono stati gia&#8217; recuperati domenica mattina. La conferma del recupero effettuato dagli speleosub dei vigili del fuoco arriva dalla capitaneria di porto di Salerno. La salma era stata individuata ieri pomeriggio Il recupero delle salme \u00e8 stato difficile a causa della &#8220;conformazione complessa&#8221; del fondale marino e dalla &#8220;scarsa visibilit\u00e0&#8221; causata dal limo presente in mare.<br \/>\nMONDO<br \/>\nMONDO______<br \/>\nKABUL &#8211; Quindici persone, tra cui sette studenti, sono state uccise nell&#8217;attacco all&#8217;Universit\u00e0 americana di Kabul ieri sera. Lo ha fatto sapere la polizia, dopo che almeno due attentatori armati sono stati uccisi e le operazioni sono state dichiarate concluse. L&#8217;attacco \u00e8 iniziato con una forte esplosione, che poi le autorit\u00e0 hanno spiegato essere stata provocata da un&#8217;autobomba, ed \u00e8 proseguito con scontri a fuoco nel complesso in cui si trovavano personale e studenti stranieri. Le forze speciali sono intervenute, hanno circondato la struttura e sono entrate, e tra settecento e ottocento studenti sono stati evacuati. Le vittime sono sette studenti, tre poliziotti e due guardie della sicurezza oltre i due attentatori.\u00a0 Continuano le operazioni di messa in sicurezza dell&#8217;area. Secondo il ministero della Salute pubblica tra le vittime non ci sono stranieri. L&#8217;attentato non \u00e8 stato rivendicato. Gli Stati Uniti hanno dichiarato che stanno monitorando da vicino la situazione a Kabul e che le forze della coalizione sono state coinvolte nella risposta ai fatti con ruolo di consiglio e assistenza. L&#8217;ambasciata Usa a Kabul, ha dichiarato la portavoce del dipartimento di Stato Elizabeth Trudeau, sta lavorando per contattare tutto il personale americano e dare assistenza ai cittadini americani che siano stati coinvolti nell&#8217;attacco.<\/p>\n<fb:like href='https:\/\/www.leccecronaca.it\/index.php\/2016\/08\/26\/diario-del-giorno-prima-il-tam-tam-di-annibale-167\/' send='true' layout='button_count' show_faces='true' width='450' height='65' action='recommend' colorscheme='light' font='lucida grande'><\/fb:like><span class=\"fb_share\"><fb:like href=\"https:\/\/www.leccecronaca.it\/index.php\/2016\/08\/26\/diario-del-giorno-prima-il-tam-tam-di-annibale-167\/\" layout=\"button_count\"><\/fb:like><\/span>","protected":false},"excerpt":{"rendered":"<p>ITALIA______ ROMA &#8211; Su richiesta del Dipartimento della Protezione Civile, d&#8217;intesa con le Regioni colpite dal terremoto e grazie agli operatori di telefonia mobile e ai media, \u00e8 stato attivato il numero 45500 per la raccolta di fondi attraverso l&#8217;invio di sms del costo di 2 euro. \u00c8 possibile donare anche chiamando da rete fissa [&hellip;]<\/p>\n","protected":false},"author":4,"featured_media":95398,"comment_status":"open","ping_status":"closed","sticky":false,"template":"","format":"standard","meta":[],"categories":[1,76],"tags":[],"_links":{"self":[{"href":"https:\/\/www.leccecronaca.it\/index.php\/wp-json\/wp\/v2\/posts\/95397"}],"collection":[{"href":"https:\/\/www.leccecronaca.it\/index.php\/wp-json\/wp\/v2\/posts"}],"about":[{"href":"https:\/\/www.leccecronaca.it\/index.php\/wp-json\/wp\/v2\/types\/post"}],"author":[{"embeddable":true,"href":"https:\/\/www.leccecronaca.it\/index.php\/wp-json\/wp\/v2\/users\/4"}],"replies":[{"embeddable":true,"href":"https:\/\/www.leccecronaca.it\/index.php\/wp-json\/wp\/v2\/comments?post=95397"}],"version-history":[{"count":1,"href":"https:\/\/www.leccecronaca.it\/index.php\/wp-json\/wp\/v2\/posts\/95397\/revisions"}],"predecessor-version":[{"id":95399,"href":"https:\/\/www.leccecronaca.it\/index.php\/wp-json\/wp\/v2\/posts\/95397\/revisions\/95399"}],"wp:featuredmedia":[{"embeddable":true,"href":"https:\/\/www.leccecronaca.it\/index.php\/wp-json\/wp\/v2\/media\/95398"}],"wp:attachment":[{"href":"https:\/\/www.leccecronaca.it\/index.php\/wp-json\/wp\/v2\/media?parent=95397"}],"wp:term":[{"taxonomy":"category","embeddable":true,"href":"https:\/\/www.leccecronaca.it\/index.php\/wp-json\/wp\/v2\/categories?post=95397"},{"taxonomy":"post_tag","embeddable":true,"href":"https:\/\/www.leccecronaca.it\/index.php\/wp-json\/wp\/v2\/tags?post=95397"}],"curies":[{"name":"wp","href":"https:\/\/api.w.org\/{rel}","templated":true}]}}