{"id":95445,"date":"2016-08-26T00:08:52","date_gmt":"2016-08-25T22:08:52","guid":{"rendered":"http:\/\/www.leccecronaca.it\/?p=95445"},"modified":"2016-08-25T21:28:57","modified_gmt":"2016-08-25T19:28:57","slug":"diario-del-giorno-dopo-concerti-la-notte-della-taranta-a-melpignano-sabato-27","status":"publish","type":"post","link":"https:\/\/www.leccecronaca.it\/index.php\/2016\/08\/26\/diario-del-giorno-dopo-concerti-la-notte-della-taranta-a-melpignano-sabato-27\/","title":{"rendered":"DIARIO DEL GIORNO DOPO \/ CONCERTI \/ LA NOTTE DELLA TARANTA A MELPIGNANO SABATO 27"},"content":{"rendered":"<p><img decoding=\"async\" loading=\"lazy\" width=\"640\" height=\"360\" title=\"320094-thumb-full-carmen_consoli_la_notte_della_ta\" class=\"alignleft size-full wp-image-95446\" alt=\"\" src=\"https:\/\/www.leccecronaca.it\/wordpress\/wp-content\/uploads\/2016\/08\/320094-thumb-full-carmen_consoli_la_notte_della_ta.jpg\" srcset=\"https:\/\/www.leccecronaca.it\/wordpress\/wp-content\/uploads\/2016\/08\/320094-thumb-full-carmen_consoli_la_notte_della_ta.jpg 640w, https:\/\/www.leccecronaca.it\/wordpress\/wp-content\/uploads\/2016\/08\/320094-thumb-full-carmen_consoli_la_notte_della_ta-300x169.jpg 300w\" sizes=\"(max-width: 640px) 100vw, 640px\" \/>Sabato 27\u00a0 agosto, alle 21.00, a Melpignano, nel piazzale dell&#8217; Ex Convento degli Agostiniani, Carmen Consoli canter\u00e0 da Maestro Concertatore de La Notte della Taranta 2016,\u00a0il Festival\u00a0della musica popolare della penisola salentina:<em> &#8220;Non mi entusiasma chi sceglie la Taranta per fini commerciali. Cerco contaminazioni nel senso federiciano del termine dove culture diverse si incontrano, dialogano e tirano fuori qualcosa di nuovo che riguarda prima di tutto il cuore e la passione. Quando mi chiedono cosa porter\u00f2 di nuovo alla Taranta rispondo: nulla rispetto a ci\u00f2 che \u00e8 stato gi\u00e0 fatto nel Salento nel corso degli anni. Ho attinto a piene mani dal repertorio del primissimo Canzoniere Grecanico Salentino e ho trovato tecno, rock, elettronica, di tutto. La preoccupazione della Taranta oggi non deve essere l\u2019innovazione e la contaminazione nel senso dei suoni ma contaminazione tra le sensibilit\u00e0 di chi sceglier\u00e0 di unirsi a me, Daniele Durante, Luigi Chiriatti e l\u2019Orchestra Popolare per ridare nuova luce ai testi antichi&#8221;.<\/em><\/p>\n<p>Numerosi, ma segreti,\u00a0gli ospiti nazionali e internazionali.<\/p>\n<p>Attese duecentomila persone.<\/p>\n<p>Ingresso libero.<\/p>\n<fb:like href='https:\/\/www.leccecronaca.it\/index.php\/2016\/08\/26\/diario-del-giorno-dopo-concerti-la-notte-della-taranta-a-melpignano-sabato-27\/' send='true' layout='button_count' show_faces='true' width='450' height='65' action='recommend' colorscheme='light' font='lucida grande'><\/fb:like><span class=\"fb_share\"><fb:like href=\"https:\/\/www.leccecronaca.it\/index.php\/2016\/08\/26\/diario-del-giorno-dopo-concerti-la-notte-della-taranta-a-melpignano-sabato-27\/\" layout=\"button_count\"><\/fb:like><\/span>","protected":false},"excerpt":{"rendered":"<p>Sabato 27\u00a0 agosto, alle 21.00, a Melpignano, nel piazzale dell&#8217; Ex Convento degli Agostiniani, Carmen Consoli canter\u00e0 da Maestro Concertatore de La Notte della Taranta 2016,\u00a0il Festival\u00a0della musica popolare della penisola salentina: &#8220;Non mi entusiasma chi sceglie la Taranta per fini commerciali. Cerco contaminazioni nel senso federiciano del termine dove culture diverse si incontrano, dialogano [&hellip;]<\/p>\n","protected":false},"author":4,"featured_media":95446,"comment_status":"open","ping_status":"closed","sticky":false,"template":"","format":"standard","meta":[],"categories":[75],"tags":[],"_links":{"self":[{"href":"https:\/\/www.leccecronaca.it\/index.php\/wp-json\/wp\/v2\/posts\/95445"}],"collection":[{"href":"https:\/\/www.leccecronaca.it\/index.php\/wp-json\/wp\/v2\/posts"}],"about":[{"href":"https:\/\/www.leccecronaca.it\/index.php\/wp-json\/wp\/v2\/types\/post"}],"author":[{"embeddable":true,"href":"https:\/\/www.leccecronaca.it\/index.php\/wp-json\/wp\/v2\/users\/4"}],"replies":[{"embeddable":true,"href":"https:\/\/www.leccecronaca.it\/index.php\/wp-json\/wp\/v2\/comments?post=95445"}],"version-history":[{"count":1,"href":"https:\/\/www.leccecronaca.it\/index.php\/wp-json\/wp\/v2\/posts\/95445\/revisions"}],"predecessor-version":[{"id":95447,"href":"https:\/\/www.leccecronaca.it\/index.php\/wp-json\/wp\/v2\/posts\/95445\/revisions\/95447"}],"wp:featuredmedia":[{"embeddable":true,"href":"https:\/\/www.leccecronaca.it\/index.php\/wp-json\/wp\/v2\/media\/95446"}],"wp:attachment":[{"href":"https:\/\/www.leccecronaca.it\/index.php\/wp-json\/wp\/v2\/media?parent=95445"}],"wp:term":[{"taxonomy":"category","embeddable":true,"href":"https:\/\/www.leccecronaca.it\/index.php\/wp-json\/wp\/v2\/categories?post=95445"},{"taxonomy":"post_tag","embeddable":true,"href":"https:\/\/www.leccecronaca.it\/index.php\/wp-json\/wp\/v2\/tags?post=95445"}],"curies":[{"name":"wp","href":"https:\/\/api.w.org\/{rel}","templated":true}]}}