{"id":95513,"date":"2016-08-26T16:43:43","date_gmt":"2016-08-26T14:43:43","guid":{"rendered":"http:\/\/www.leccecronaca.it\/?p=95513"},"modified":"2016-08-30T18:46:57","modified_gmt":"2016-08-30T16:46:57","slug":"cafe-barocco-mentre-ascolto-la-mia-citta-moderno-canto-giallorosso-a-cura-di-walter-suray-e-sofia-rollo","status":"publish","type":"post","link":"https:\/\/www.leccecronaca.it\/index.php\/2016\/08\/26\/cafe-barocco-mentre-ascolto-la-mia-citta-moderno-canto-giallorosso-a-cura-di-walter-suray-e-sofia-rollo\/","title":{"rendered":"CAFE&#8217; BAROCCO \/ MENTRE ASCOLTO &#8220;LA MIA CITTA&#8217; &#8220;&#8230; MODERNO CANTO GIALLOROSSO A CURA DI WALTER SURAY E SOFIA ROLLO"},"content":{"rendered":"<p><strong>di Annibale Gagliani______<\/strong><\/p>\n<p>Eppure il baratro era splancato dinanzi ai nostri occhi. Eppure il giallo di un sole inimitabile non legava pi\u00f9 con la porpora che dalle vene scivolava su una bandiera viva da ben cento e otto anni.<\/p>\n<p>Usiamo l&#8217;imperfetto non a caso: Lecce, l&#8217;Unione Sportiva Lecce e la passione competitiva di un popolo senza mezze misure \u00e8 rinata! Il lavoro duro paga sempre cara gente abbronzata, ma fresca come un fiore di mandorla: l&#8217;Equipe diriginziale del club di Piazza Mazzini spende ogni briciola del proprio cuore ormai da pi\u00f9 di un anno.<\/p>\n<p>Se siete per strada a calciare i ciottoli del vostro spaventoso viale potrete incontrare Corry Liguori con la proverbiale carica giallorossa encomiabile. Se sorseggiate un caff\u00e8 intenso nel classico bar salentino, potrete condividerlo con Saverio Sticchi Damiani, che di certo non rinuncerebbe a quattro chiacchiere sulle strategie future della Societ\u00e0.<\/p>\n<p>E addirittura se fate quattro salti\u00a0 in un microscopico stadio comunale \u00e8 molto probabile che a infondere l&#8217;amore per quella maglia tanto bistrattata (e perci\u00f2 amata follemente) vi siano Salvatore Adamo e Andrea Micati. No, non sono le tipiche allucianazioni di fine estate, bens\u00ec una campagna abbonamenti itinerante dal successo indiscutibile.<\/p>\n<p>Il Lecce vuole attorno a s\u00e8 il calore brulicante di una landa mai doma, che sta per regalare quel risultato inimmaginabile tra le piazze calcistiche di Lega Pro: i diecimila abbonamenti sottoscritti. Giusto premio a una Dirigenza che si \u00e8 alzata le maniche alla Valentino Mazzola ed \u00e8 andata a convincere i &#8220;veri cittadini&#8221; della bont\u00e0 di un progetto che guarda assai lontano, tralasciando gli unti voli pindarici.<\/p>\n<p>Questo lungo preambolo era quanto mai doveroso, ma ha un chiaro obiettivo nel nostro speciale Caf\u00e8 Barocco:<\/p>\n<p><em>La mia Citt\u00e0 <\/em>di Walter Suray feat Sofia Rollo<\/p>\n<p><img decoding=\"async\" loading=\"lazy\" width=\"300\" height=\"168\" title=\"maxresdefault\" class=\"alignleft size-medium wp-image-95533\" alt=\"\" src=\"https:\/\/www.leccecronaca.it\/wordpress\/wp-content\/uploads\/2016\/08\/maxresdefault4-300x168.jpg\" kasperskylab_antibanner=\"on\" \/>Eccolo qui, il tanto atteso brano dedicato all&#8217;Unione Sportiva Lecce, che coglie un&#8217;eredit\u00e0 esigente tra gli squilli armonici del Salento.<\/p>\n<p>Un tempo vi erano i cori popolari e fieri di Bruno Petrachi a riecheggire al Via del Mare, poi \u00e8 stata la volta di una chanson indimenticabile come &#8220;Giallorossi per sempre&#8221; e pi\u00f9 recentemente ci hanno pensato gli incontenibili Sud Sound System a sottolineare il fuoco che emana una pelle giallorossa.<\/p>\n<p>But now, it&#8217;s time to mr Suray and lady Rollo!<\/p>\n<p>Il leitmov \u00e8 chiaro e privo di fronzoli: <strong><em>&#8220;con voi vincer\u00f2&#8221;<\/em><\/strong><em>. <\/em><\/p>\n<p><em><\/em>Il testo \u00e8 semplice e accessibile a tutti, sia al ragazzino che comincia ad amare in veneranda et\u00e0 il lupo giallorosso e sia all&#8217;intellettuale da baraccone che nelle tribune stampa fa razzie di stuzzichini.<\/p>\n<p>In &#8220;La mia Citt\u00e0&#8221; \u00e8 forte la voglia di cantare un senso di necessaria appartenenza verso questo territorio sovente dimenticato dai suoi adepti. Nel video ideato da Pierluigi Grassi e diretto da &#8220;Ismo&#8221;, si ripercorrono le fasi pi\u00f9 emozionanti della storia del club. Ovviamente il protagonista principe delle riprese non poteva che essere il capitano number ten Checco Lepore, che ritrova come compagni di recitazione il barbuto Ciccio Cosenza, Lys Gomis, Sas\u00e0 Caturano e Alessandro Colazzo.<\/p>\n<p><img decoding=\"async\" loading=\"lazy\" width=\"300\" height=\"161\" title=\"r0_tml2870982401_247964390613_147142605434513\" class=\"alignleft size-medium wp-image-95534\" alt=\"\" src=\"https:\/\/www.leccecronaca.it\/wordpress\/wp-content\/uploads\/2016\/08\/r0_tml2870982401_247964390613_147142605434513-300x161.jpg\" kasperskylab_antibanner=\"on\" srcset=\"https:\/\/www.leccecronaca.it\/wordpress\/wp-content\/uploads\/2016\/08\/r0_tml2870982401_247964390613_147142605434513-300x161.jpg 300w, https:\/\/www.leccecronaca.it\/wordpress\/wp-content\/uploads\/2016\/08\/r0_tml2870982401_247964390613_147142605434513.jpg 640w\" sizes=\"(max-width: 300px) 100vw, 300px\" \/>Il brano \u00e8 una chiara espressione di quel genere moderno elettronic-dance che sta spopolando nella scena &#8220;forever young&#8221; della movida nazionale e internazionale. Suray \u00e8 stato uno dei dj che meglio ha saputo esaltare nella corrente estate un&#8217;arena famelica come il Parco Gondar di Gallipoli, aprendo il concerto di &#8220;Mister Ibiza&#8221; David Guetta. Le similitudini con il passo ritmico della star transalpina sono interessanti e il connubio Suray-Rollo rimembra (in salsa salentina) l&#8217;accoppiata Guetta- Zara Larsson in <em>This one&#8217;s for you. <\/em>Questa modalit\u00e0 di esibizione &#8220;dj featuring woman voice&#8221; era nata con il buon Bob Sinclair, ma col biondo principe di Ibiza, mescolato alla taletuosa Sia, ha toccato il Diapason.<\/p>\n<p>Il beat di &#8220;La mia Citt\u00e0&#8221; richiede totale trasporto e libera dedizione, non mi sorprenderei se al Via del Mare per ogni sfida casalinga si creasse spontaneamente una ola dance nel pre-gara.<\/p>\n<p><img decoding=\"async\" loading=\"lazy\" width=\"300\" height=\"300\" title=\"13935096_2090061884552272_7554771203668212685_n\" class=\"alignleft size-medium wp-image-95535\" alt=\"\" src=\"https:\/\/www.leccecronaca.it\/wordpress\/wp-content\/uploads\/2016\/08\/13935096_2090061884552272_7554771203668212685_n-300x300.jpg\" kasperskylab_antibanner=\"on\" srcset=\"https:\/\/www.leccecronaca.it\/wordpress\/wp-content\/uploads\/2016\/08\/13935096_2090061884552272_7554771203668212685_n-300x300.jpg 300w, https:\/\/www.leccecronaca.it\/wordpress\/wp-content\/uploads\/2016\/08\/13935096_2090061884552272_7554771203668212685_n-150x150.jpg 150w, https:\/\/www.leccecronaca.it\/wordpress\/wp-content\/uploads\/2016\/08\/13935096_2090061884552272_7554771203668212685_n-60x60.jpg 60w, https:\/\/www.leccecronaca.it\/wordpress\/wp-content\/uploads\/2016\/08\/13935096_2090061884552272_7554771203668212685_n.jpg 718w\" sizes=\"(max-width: 300px) 100vw, 300px\" \/>E poi che dire della freschissima voce di Sofia Rollo? Una giovanissima anima blues che sta gi\u00e0 conquistando gli occhi e i timpani della tifoseria lupiae, anche lei inguaribile sognatrice su uno sfuggente pentagramma. Indubbiamente gi\u00e0 da quando intonava i primi vagiti, sperava in un futuro sull&#8217;\u00e9lite del pop nazionale, e di certo questo non pu\u00f2 che essere un esordio coi fiocchi.<\/p>\n<p>Tutta Lecce canta gi\u00e0 il nuovo inno! Alcuni si interrogano se non fosse meglio il precedente o quello che si acoltava ancora prima (nel paleolitco), per\u00f2 tutti cantano gi\u00e0 a ugole levate quest&#8217;ultimo (senza alcun pudore).<\/p>\n<p>Piaccia o non vi piacca, intonarlo a voce alta sar\u00e0 un&#8217;inequivocabile atto d&#8217;amore: fatelo per la citt\u00e0, per la maglia, per quel sogno di diventare grandi un giorno non troppo lontano (finalmente).<\/p>\n<p><span style=\"color: #000000;\">Il sole Barocco ricomincia a splendere fiocamente, la porpora che dalle vene bagna la<\/span> <span style=\"color: #ff0000;\"><span style=\"color: #000000;\">ultracentenaria bandiera vibra sotto le note di un sound proiettato nel futuro:<\/span> <span style=\"color: #ffcc00;\">lu<\/span> noscia.<\/span><\/p>\n<fb:like href='https:\/\/www.leccecronaca.it\/index.php\/2016\/08\/26\/cafe-barocco-mentre-ascolto-la-mia-citta-moderno-canto-giallorosso-a-cura-di-walter-suray-e-sofia-rollo\/' send='true' layout='button_count' show_faces='true' width='450' height='65' action='recommend' colorscheme='light' font='lucida grande'><\/fb:like><span class=\"fb_share\"><fb:like href=\"https:\/\/www.leccecronaca.it\/index.php\/2016\/08\/26\/cafe-barocco-mentre-ascolto-la-mia-citta-moderno-canto-giallorosso-a-cura-di-walter-suray-e-sofia-rollo\/\" layout=\"button_count\"><\/fb:like><\/span>","protected":false},"excerpt":{"rendered":"<p>di Annibale Gagliani______ Eppure il baratro era splancato dinanzi ai nostri occhi. Eppure il giallo di un sole inimitabile non legava pi\u00f9 con la porpora che dalle vene scivolava su una bandiera viva da ben cento e otto anni. Usiamo l&#8217;imperfetto non a caso: Lecce, l&#8217;Unione Sportiva Lecce e la passione competitiva di un popolo [&hellip;]<\/p>\n","protected":false},"author":4,"featured_media":95533,"comment_status":"open","ping_status":"closed","sticky":false,"template":"","format":"standard","meta":[],"categories":[1,31,28],"tags":[],"_links":{"self":[{"href":"https:\/\/www.leccecronaca.it\/index.php\/wp-json\/wp\/v2\/posts\/95513"}],"collection":[{"href":"https:\/\/www.leccecronaca.it\/index.php\/wp-json\/wp\/v2\/posts"}],"about":[{"href":"https:\/\/www.leccecronaca.it\/index.php\/wp-json\/wp\/v2\/types\/post"}],"author":[{"embeddable":true,"href":"https:\/\/www.leccecronaca.it\/index.php\/wp-json\/wp\/v2\/users\/4"}],"replies":[{"embeddable":true,"href":"https:\/\/www.leccecronaca.it\/index.php\/wp-json\/wp\/v2\/comments?post=95513"}],"version-history":[{"count":7,"href":"https:\/\/www.leccecronaca.it\/index.php\/wp-json\/wp\/v2\/posts\/95513\/revisions"}],"predecessor-version":[{"id":95537,"href":"https:\/\/www.leccecronaca.it\/index.php\/wp-json\/wp\/v2\/posts\/95513\/revisions\/95537"}],"wp:featuredmedia":[{"embeddable":true,"href":"https:\/\/www.leccecronaca.it\/index.php\/wp-json\/wp\/v2\/media\/95533"}],"wp:attachment":[{"href":"https:\/\/www.leccecronaca.it\/index.php\/wp-json\/wp\/v2\/media?parent=95513"}],"wp:term":[{"taxonomy":"category","embeddable":true,"href":"https:\/\/www.leccecronaca.it\/index.php\/wp-json\/wp\/v2\/categories?post=95513"},{"taxonomy":"post_tag","embeddable":true,"href":"https:\/\/www.leccecronaca.it\/index.php\/wp-json\/wp\/v2\/tags?post=95513"}],"curies":[{"name":"wp","href":"https:\/\/api.w.org\/{rel}","templated":true}]}}