{"id":95778,"date":"2016-08-29T11:27:42","date_gmt":"2016-08-29T09:27:42","guid":{"rendered":"http:\/\/www.leccecronaca.it\/?p=95778"},"modified":"2016-08-29T17:46:14","modified_gmt":"2016-08-29T15:46:14","slug":"la-ripresa-economica-e-debole","status":"publish","type":"post","link":"https:\/\/www.leccecronaca.it\/index.php\/2016\/08\/29\/la-ripresa-economica-e-debole\/","title":{"rendered":"&#8216;La ripresa economica \u00e8 debole&#8217;"},"content":{"rendered":"<p><img decoding=\"async\" loading=\"lazy\" width=\"300\" height=\"207\" title=\"worker-on-the-staging\" class=\"alignleft size-full wp-image-95781\" alt=\"\" src=\"https:\/\/www.leccecronaca.it\/wordpress\/wp-content\/uploads\/2016\/08\/worker-on-the-staging.jpg\" \/>Riceviamo e volentieri pubblichiamo. L&#8217; ufficio &#8211; stampa della UIL di Lecce ci manda il seguente comunicato______<\/p>\n<p>Continua a viaggiare in controtendenza la cassa integrazione nella provincia di Lecce. A luglio si registra un incremento dell\u20198,5 per cento delle richieste da parte delle imprese salentine rispetto al mese precedente. Le ore autorizzate ammontano complessivamente a 317mila472, contro le 292mila541 di giugno. Questo mentre nel resto d\u2019Italia si registra un calo del -19 per cento e in Puglia del -75 per cento; dati, per\u00f2, che risentono ancora dei blocchi autorizzativi della cassa ordinaria (la Cigo, per difficolt\u00e0 temporanee) legati all\u2019entrata in vigore delle nuove regole varate con il Jobs Act e dell\u2019andamento altalenante della Cig in deroga, visti i finanziamenti a singhiozzo a cui \u00e8 soggetta ormai da tempo. Nel dettaglio, a luglio sono state autorizzate dall\u2019Inps 54mila340 ore di Cigo (+34,1), 260mila590 ore di Cigs (+4,3), a testimonianza di complicati processi di ristrutturazione e riconversione ancora in corso nel Salento, e 2mila542 ore di Cigd (+22,2).<\/p>\n<p>La fotografia scattata dal 7\u00b0Rapporto Uil \u2013 Servizio Politiche del Lavoro conferma un mercato del lavoro in chiaro-scuro: la richiesta complessiva di cassa integrazione nei primi sette mesi dell\u2019anno (gennaio-luglio 2017) si attesta a quota 2,1 milioni di ore, in calo del 28 per cento rispetto allo stesso periodo del 2015.<\/p>\n<p>\u00ab<em>Purtroppo i dati dimostrano, ancora una volta, che la ripresa economica nei nostri territori \u00e8 debole<\/em> \u2013 commenta il segretario generale della Uil di Lecce, Salvatore Giannetto \u2013 <em>non in grado di dare una reale svolta alla crescita economica. I livelli elevati di Cigs mostrano come una larga fetta di manifattura sia in sofferenza e continui a mantenere orari di lavoro ridotti a fronte di una produzione che riflette le difficolt\u00e0 del periodo. <\/em><\/p>\n<p><em>Abbiamo bisogno di una politica economica espansiva ed aggressiva di sviluppo e di sostegno alla domanda interna, che pu\u00f2 e deve trovare soluzione nella legge di stabilit\u00e0 2017, attraverso un sostanziale taglio delle tasse che gravano sui lavoratori e pensionati, nel rinnovo dei contratti pubblici ed investimenti di opere infrastrutturali pubbliche per rilanciare i cantieri, cos\u00ec come riteniamo fondamentale che il Governo non riduca gli incentivi alle nuove assunzioni<\/em>\u00bb.<\/p>\n<p>&nbsp;<\/p>\n<p>Intanto il sindacato informa che in vista della IX Conferenza d\u2019organizzazione che si terr\u00e0 nel prossimo mese di novembre, la Uil nazionale ha ideato un concorso fotografico intitolato \u201c<em>Lavoro. Attenzione ai particolari<\/em>\u201d. Si pu\u00f2 partecipare al concorso fotografico con un massimo di tre scatti che raccontino come il mondo del lavoro sia cambiato negli ultimi 30 anni sia in termini di evoluzione tecnologica sia in termini di rivoluzione ecologica, innovazione produttiva e modalit\u00e0 di prestazione lavorativa. Le foto selezionate saranno esposte in occasione della conferenza d\u2019organizzazione del sindacato e i primi tre classificati saranno ospiti della Uil a Roma per la premiazione. Per partecipare c\u2019\u00e8 tempo fino al prossimo 15 settembre (info su www.uil.it).<\/p>\n<p><em>\u00abLa Uil<\/em> \u2013 afferma il segretario provinciale Giannetto \u2013 <em>si prepara a un appuntamento importante qual \u00e8 quello della conferenza d\u2019organizzazione, un\u2019organizzazione che cambia come conseguenza naturale ai cambiamenti del mondo del lavoro. Il sindacato vuole stare al passo con i tempi e per farlo ha costruito negli anni un rapporto di conoscenza diretto dei propri iscritti in modo da potere cogliere insieme a loro le sfide che ogni giorno ci giungono da diversi fronti. La Uil in provincia di Lecce ha colto nel tempo, e continuer\u00e0 a farlo, sfide e opportunit\u00e0 che possano portare allo sviluppo del Territorio, il quale non pu\u00f2 prescindere da una maggiore diffusione della cultura del lavoro e dell\u2019impresa per contrastare i livelli preoccupanti di disagio sociale che si registrano in provincia. Invito, pertanto, quanti lo desiderino a partecipare a questa iniziativa per includere il territorio salentino nel racconto che la Uil vuole fare del mondo occupazionale odierno\u00bb.<\/em><\/p>\n<p>&nbsp;<\/p>\n<p>&nbsp;<\/p>\n<fb:like href='https:\/\/www.leccecronaca.it\/index.php\/2016\/08\/29\/la-ripresa-economica-e-debole\/' send='true' layout='button_count' show_faces='true' width='450' height='65' action='recommend' colorscheme='light' font='lucida grande'><\/fb:like><span class=\"fb_share\"><fb:like href=\"https:\/\/www.leccecronaca.it\/index.php\/2016\/08\/29\/la-ripresa-economica-e-debole\/\" layout=\"button_count\"><\/fb:like><\/span>","protected":false},"excerpt":{"rendered":"<p>Riceviamo e volentieri pubblichiamo. L&#8217; ufficio &#8211; stampa della UIL di Lecce ci manda il seguente comunicato______ Continua a viaggiare in controtendenza la cassa integrazione nella provincia di Lecce. A luglio si registra un incremento dell\u20198,5 per cento delle richieste da parte delle imprese salentine rispetto al mese precedente. Le ore autorizzate ammontano complessivamente a [&hellip;]<\/p>\n","protected":false},"author":4,"featured_media":95781,"comment_status":"open","ping_status":"closed","sticky":false,"template":"","format":"standard","meta":[],"categories":[36],"tags":[],"_links":{"self":[{"href":"https:\/\/www.leccecronaca.it\/index.php\/wp-json\/wp\/v2\/posts\/95778"}],"collection":[{"href":"https:\/\/www.leccecronaca.it\/index.php\/wp-json\/wp\/v2\/posts"}],"about":[{"href":"https:\/\/www.leccecronaca.it\/index.php\/wp-json\/wp\/v2\/types\/post"}],"author":[{"embeddable":true,"href":"https:\/\/www.leccecronaca.it\/index.php\/wp-json\/wp\/v2\/users\/4"}],"replies":[{"embeddable":true,"href":"https:\/\/www.leccecronaca.it\/index.php\/wp-json\/wp\/v2\/comments?post=95778"}],"version-history":[{"count":3,"href":"https:\/\/www.leccecronaca.it\/index.php\/wp-json\/wp\/v2\/posts\/95778\/revisions"}],"predecessor-version":[{"id":95783,"href":"https:\/\/www.leccecronaca.it\/index.php\/wp-json\/wp\/v2\/posts\/95778\/revisions\/95783"}],"wp:featuredmedia":[{"embeddable":true,"href":"https:\/\/www.leccecronaca.it\/index.php\/wp-json\/wp\/v2\/media\/95781"}],"wp:attachment":[{"href":"https:\/\/www.leccecronaca.it\/index.php\/wp-json\/wp\/v2\/media?parent=95778"}],"wp:term":[{"taxonomy":"category","embeddable":true,"href":"https:\/\/www.leccecronaca.it\/index.php\/wp-json\/wp\/v2\/categories?post=95778"},{"taxonomy":"post_tag","embeddable":true,"href":"https:\/\/www.leccecronaca.it\/index.php\/wp-json\/wp\/v2\/tags?post=95778"}],"curies":[{"name":"wp","href":"https:\/\/api.w.org\/{rel}","templated":true}]}}