{"id":96076,"date":"2016-09-01T09:01:33","date_gmt":"2016-09-01T07:01:33","guid":{"rendered":"http:\/\/www.leccecronaca.it\/?p=96076"},"modified":"2016-09-01T17:36:55","modified_gmt":"2016-09-01T15:36:55","slug":"non-esiste-nessuna-guerra-di-religione-in-atto-anche-perche-nessuna-autorita-religiosa-di-qualsiasi-fede-ha-sposato-una-tale-ipotesi-anzi","status":"publish","type":"post","link":"https:\/\/www.leccecronaca.it\/index.php\/2016\/09\/01\/non-esiste-nessuna-guerra-di-religione-in-atto-anche-perche-nessuna-autorita-religiosa-di-qualsiasi-fede-ha-sposato-una-tale-ipotesi-anzi\/","title":{"rendered":"&#8216;Non esiste nessuna guerra di religione in atto, anche perch\u00e9 nessuna autorit\u00e0 religiosa di qualsiasi fede ha sposato una tale ipotesi. Anzi&#8230;&#8217;"},"content":{"rendered":"<p><img decoding=\"async\" loading=\"lazy\" width=\"300\" height=\"240\" title=\"ajaxmail\" class=\"aligncenter size-medium wp-image-96077\" alt=\"\" src=\"https:\/\/www.leccecronaca.it\/wordpress\/wp-content\/uploads\/2016\/09\/ajaxmail-300x240.jpg\" srcset=\"https:\/\/www.leccecronaca.it\/wordpress\/wp-content\/uploads\/2016\/09\/ajaxmail-300x240.jpg 300w, https:\/\/www.leccecronaca.it\/wordpress\/wp-content\/uploads\/2016\/09\/ajaxmail-768x614.jpg 768w, https:\/\/www.leccecronaca.it\/wordpress\/wp-content\/uploads\/2016\/09\/ajaxmail.jpg 960w\" sizes=\"(max-width: 300px) 100vw, 300px\" \/>Riceviamo e volentieri pubblichiamo. Alfonso Costantino Donnicola, della Comunit\u00e0 Ellenica di Brindisi, Lecce e Taranto, ci scrive______<\/p>\n<p>Si \u00e8 tenuto, come nel programma, il primo incontro della III edizione della rassegna di cultura europea \u201cVoci Mediterranee\u201d che prevede quest\u2019anno 7 appuntamenti tematici. Il primo incontro \u00e8 stato dedicato al dialogo interreligioso per la pace e l\u2019unit\u00e0 dei popoli.<\/p>\n<p>Nel suggestivo scenario della Cripta Bizantina di Santa Lucia, presso la Chiesa storica di Santa Lucia (Brindisi), l\u2019attesissimo incontro pubblico con il giovane Imam di Lecce Saifeddine Maaroufi. Sono intervenuti il priore Fr. Sabino Chial\u00e0 del Monastero di Bose di Ostuni ed Isabella Oztasciyan Bernardini d\u2019Arnesano, direttrice della Biblioteca della Sacra Arcidiocesi Ortodossa d\u2019Italia e Malta. Ha coordinato ed animato l\u2019incontro Ioannis Davilis, presidente Comunit\u00e0 Ellenica Grande Salento.<\/p>\n<p>\u201cnon esiste nessuna guerra di religione in atto, anche perch\u00e9 nessuna autorit\u00e0 religiosa di qualsiasi fede ha sposato una tale ipotesi. Anzi tutti i capi autorevoli religiosi hanno condannato ogni tentativo di collegare le guerre in atto con le religioni\u201d.<\/p>\n<p>Su questo punto sono trovati d\u2019accordo tutti i relatori e gli intervenuti. Qundi non parliamo di querre di religione ma di guerre di altri interessi.<\/p>\n<p>Molto apprezzato l\u2019intervento della sindaca Angella Carluccio che ha sposato l\u2019idea della Comunit\u00e0 Ellenica a promuovere la citt\u00e0 di Brindisi come Citt\u00e0 Internazionale per il Dialogo Inter Religioso per l\u2019Unit\u00e0 e la Pace tra i Popoli.<\/p>\n<p>Altri interventi importanti quello di Don Adriano Miglietta parroco della Cattedrale di Brindisi, quello appassionato dell\u2019Antonella Mastropaolo, console del Consolato Onorario di Grecia in Brindisi, Lecce e Taranto e naturalmente quello specifico di Padre Giovanni della Chiesa Ortodossa.<\/p>\n<p>&nbsp;<\/p>\n<p>La<\/p>\n<fb:like href='https:\/\/www.leccecronaca.it\/index.php\/2016\/09\/01\/non-esiste-nessuna-guerra-di-religione-in-atto-anche-perche-nessuna-autorita-religiosa-di-qualsiasi-fede-ha-sposato-una-tale-ipotesi-anzi\/' send='true' layout='button_count' show_faces='true' width='450' height='65' action='recommend' colorscheme='light' font='lucida grande'><\/fb:like><span class=\"fb_share\"><fb:like href=\"https:\/\/www.leccecronaca.it\/index.php\/2016\/09\/01\/non-esiste-nessuna-guerra-di-religione-in-atto-anche-perche-nessuna-autorita-religiosa-di-qualsiasi-fede-ha-sposato-una-tale-ipotesi-anzi\/\" layout=\"button_count\"><\/fb:like><\/span>","protected":false},"excerpt":{"rendered":"<p>Riceviamo e volentieri pubblichiamo. Alfonso Costantino Donnicola, della Comunit\u00e0 Ellenica di Brindisi, Lecce e Taranto, ci scrive______ Si \u00e8 tenuto, come nel programma, il primo incontro della III edizione della rassegna di cultura europea \u201cVoci Mediterranee\u201d che prevede quest\u2019anno 7 appuntamenti tematici. Il primo incontro \u00e8 stato dedicato al dialogo interreligioso per la pace e [&hellip;]<\/p>\n","protected":false},"author":4,"featured_media":96077,"comment_status":"open","ping_status":"closed","sticky":false,"template":"","format":"standard","meta":[],"categories":[1],"tags":[],"_links":{"self":[{"href":"https:\/\/www.leccecronaca.it\/index.php\/wp-json\/wp\/v2\/posts\/96076"}],"collection":[{"href":"https:\/\/www.leccecronaca.it\/index.php\/wp-json\/wp\/v2\/posts"}],"about":[{"href":"https:\/\/www.leccecronaca.it\/index.php\/wp-json\/wp\/v2\/types\/post"}],"author":[{"embeddable":true,"href":"https:\/\/www.leccecronaca.it\/index.php\/wp-json\/wp\/v2\/users\/4"}],"replies":[{"embeddable":true,"href":"https:\/\/www.leccecronaca.it\/index.php\/wp-json\/wp\/v2\/comments?post=96076"}],"version-history":[{"count":3,"href":"https:\/\/www.leccecronaca.it\/index.php\/wp-json\/wp\/v2\/posts\/96076\/revisions"}],"predecessor-version":[{"id":96080,"href":"https:\/\/www.leccecronaca.it\/index.php\/wp-json\/wp\/v2\/posts\/96076\/revisions\/96080"}],"wp:featuredmedia":[{"embeddable":true,"href":"https:\/\/www.leccecronaca.it\/index.php\/wp-json\/wp\/v2\/media\/96077"}],"wp:attachment":[{"href":"https:\/\/www.leccecronaca.it\/index.php\/wp-json\/wp\/v2\/media?parent=96076"}],"wp:term":[{"taxonomy":"category","embeddable":true,"href":"https:\/\/www.leccecronaca.it\/index.php\/wp-json\/wp\/v2\/categories?post=96076"},{"taxonomy":"post_tag","embeddable":true,"href":"https:\/\/www.leccecronaca.it\/index.php\/wp-json\/wp\/v2\/tags?post=96076"}],"curies":[{"name":"wp","href":"https:\/\/api.w.org\/{rel}","templated":true}]}}