{"id":96398,"date":"2025-09-05T00:01:00","date_gmt":"2025-09-04T22:01:00","guid":{"rendered":"http:\/\/www.leccecronaca.it\/?p=96398"},"modified":"2025-09-04T12:08:51","modified_gmt":"2025-09-04T10:08:51","slug":"buongiorno-per-tutto-il-giorno-269","status":"publish","type":"post","link":"https:\/\/www.leccecronaca.it\/index.php\/2025\/09\/05\/buongiorno-per-tutto-il-giorno-269\/","title":{"rendered":"DIARIO DEL GIORNO \/ VENERDI&#8217; 5 SETTEMBRE 2025"},"content":{"rendered":"<p>Buongiorno!<\/p>\n<p>Oggi \u00e8 venerd\u00ec 5 settembre 2025.<\/p>\n<p>Santa Madre Teresa di Calcutta, fondatrice delle Missionarie della carit\u00e0.<\/p>\n<p>A Gemini di Ugento il nostro critico musicale Roberto Molle festeggia il suo compleanno: tanti affettuosi auguri!<\/p>\n<p>A Lecce il nostro amico Dante De Santis compie 72 anni: tanti auguri di buon compleanno!<\/p>\n<p>Il 5 settembre de 1923 il governo Mussolini stanzia 500 milioni di lire per la ricostruzione di Messina e Reggio Calabria, semidistrutte dal terremoto del dicembre 1908.<\/p>\n<p><img decoding=\"async\" loading=\"lazy\" class=\"alignleft wp-image-96399\" title=\"Munich Terrorism 1972\" src=\"https:\/\/www.leccecronaca.it\/wordpress\/wp-content\/uploads\/2016\/09\/massacromonaco.jpg\" width=\"686\" height=\"503\" srcset=\"https:\/\/www.leccecronaca.it\/wordpress\/wp-content\/uploads\/2016\/09\/massacromonaco.jpg 980w, https:\/\/www.leccecronaca.it\/wordpress\/wp-content\/uploads\/2016\/09\/massacromonaco-300x220.jpg 300w, https:\/\/www.leccecronaca.it\/wordpress\/wp-content\/uploads\/2016\/09\/massacromonaco-768x563.jpg 768w\" sizes=\"(max-width: 686px) 100vw, 686px\" \/>Il 5 settembre del 1972 a Monaco, in Germania, nel corso delle Olimpiadi,\u00a0un commando di terroristi palestinesi irrompe nel villaggio olimpico uccidendo due componenti della squadra olimpica israeliana e prendendone in ostaggio altri nove. Il tentativo di liberazione da parte delle forze dell&#8217;ordine finisce in un bagno di sangue. L&#8217;episodio diventa tristemente noto come &#8216;massacro di Monaco&#8217;.<\/p>\n<p>Proverbio salentino:<strong> ALE CCHIUI N\u2019ACQUA TE MARZU E D\u2019APRILE, CA LA CARROZZA TE ORU TOA, CU TUTTU LU STAFILE<\/strong><\/p>\n<p>Pu\u00f2 essere tradotto pi\u00f9 o meno in: &#8220;vale pi\u00f9 una pioggia di marzo o di aprile, che la carrozza d\u2019oro tua, con tutti i finimenti&#8221;.<\/p>\n<p>Quanto sopra, perch\u00e9 la pioggia che cade nel periodo primaverile permette alle piante, sopratutto cereali, ma anche agli alberi di produrre frutti in abbondanza.<\/p>\n<p>Perle di saggezza antica, cui si mischia l&#8217; attualit\u00e0 dei giorni nostri, quando l&#8217; acqua \u00e8 diventata un bene prezioso.<\/p>\n<fb:like href='https:\/\/www.leccecronaca.it\/index.php\/2025\/09\/05\/buongiorno-per-tutto-il-giorno-269\/' send='true' layout='button_count' show_faces='true' width='450' height='65' action='recommend' colorscheme='light' font='lucida grande'><\/fb:like><span class=\"fb_share\"><fb:like href=\"https:\/\/www.leccecronaca.it\/index.php\/2025\/09\/05\/buongiorno-per-tutto-il-giorno-269\/\" layout=\"button_count\"><\/fb:like><\/span>","protected":false},"excerpt":{"rendered":"<p>Buongiorno! Oggi \u00e8 venerd\u00ec 5 settembre 2025. Santa Madre Teresa di Calcutta, fondatrice delle Missionarie della carit\u00e0. A Gemini di Ugento il nostro critico musicale Roberto Molle festeggia il suo compleanno: tanti affettuosi auguri! A Lecce il nostro amico Dante De Santis compie 72 anni: tanti auguri di buon compleanno! Il 5 settembre de 1923 [&hellip;]<\/p>\n","protected":false},"author":4,"featured_media":96399,"comment_status":"open","ping_status":"closed","sticky":false,"template":"","format":"standard","meta":[],"categories":[1],"tags":[],"_links":{"self":[{"href":"https:\/\/www.leccecronaca.it\/index.php\/wp-json\/wp\/v2\/posts\/96398"}],"collection":[{"href":"https:\/\/www.leccecronaca.it\/index.php\/wp-json\/wp\/v2\/posts"}],"about":[{"href":"https:\/\/www.leccecronaca.it\/index.php\/wp-json\/wp\/v2\/types\/post"}],"author":[{"embeddable":true,"href":"https:\/\/www.leccecronaca.it\/index.php\/wp-json\/wp\/v2\/users\/4"}],"replies":[{"embeddable":true,"href":"https:\/\/www.leccecronaca.it\/index.php\/wp-json\/wp\/v2\/comments?post=96398"}],"version-history":[{"count":13,"href":"https:\/\/www.leccecronaca.it\/index.php\/wp-json\/wp\/v2\/posts\/96398\/revisions"}],"predecessor-version":[{"id":248560,"href":"https:\/\/www.leccecronaca.it\/index.php\/wp-json\/wp\/v2\/posts\/96398\/revisions\/248560"}],"wp:featuredmedia":[{"embeddable":true,"href":"https:\/\/www.leccecronaca.it\/index.php\/wp-json\/wp\/v2\/media\/96399"}],"wp:attachment":[{"href":"https:\/\/www.leccecronaca.it\/index.php\/wp-json\/wp\/v2\/media?parent=96398"}],"wp:term":[{"taxonomy":"category","embeddable":true,"href":"https:\/\/www.leccecronaca.it\/index.php\/wp-json\/wp\/v2\/categories?post=96398"},{"taxonomy":"post_tag","embeddable":true,"href":"https:\/\/www.leccecronaca.it\/index.php\/wp-json\/wp\/v2\/tags?post=96398"}],"curies":[{"name":"wp","href":"https:\/\/api.w.org\/{rel}","templated":true}]}}