{"id":96418,"date":"2025-09-06T00:01:00","date_gmt":"2025-09-05T22:01:00","guid":{"rendered":"http:\/\/www.leccecronaca.it\/?p=96418"},"modified":"2025-09-05T08:35:37","modified_gmt":"2025-09-05T06:35:37","slug":"buongiorno-per-tutto-il-giorno-270","status":"publish","type":"post","link":"https:\/\/www.leccecronaca.it\/index.php\/2025\/09\/06\/buongiorno-per-tutto-il-giorno-270\/","title":{"rendered":"DIARIO DEL GIORNO \/ SABATO 6 SETTEMBRE 2025"},"content":{"rendered":"<p>Buongiorno!<\/p>\n<p>Oggi \u00e8 sabato 6 settembre 2025.<\/p>\n<p>Sant&#8217;Eva di\u00a0Dreux, martire,\u00a0\u00a0vittima delle prime persecuzioni probabilmente nel III secolo.<\/p>\n<p>Si tratta di una vergine perita durante una delle prime persecuzioni contro i cristiani.\u00a0\u00a0Alcune reliquie della santa, in origine conservate nella chiesa di Santo Stefano di Dreux, sono scampate agli iconoclasti durante la Rivoluzione Francese del 1789 e sono conservate nella cappella del Bambin Ges\u00f9 dentro la chiesa di San Pietro di Dreux.<\/p>\n<p><img decoding=\"async\" loading=\"lazy\" class=\"alignleft size-medium wp-image-96419\" title=\"magellano\" src=\"https:\/\/www.leccecronaca.it\/wordpress\/wp-content\/uploads\/2016\/09\/magellano-300x172.png\" alt=\"\" width=\"300\" height=\"172\" srcset=\"https:\/\/www.leccecronaca.it\/wordpress\/wp-content\/uploads\/2016\/09\/magellano-300x172.png 300w, https:\/\/www.leccecronaca.it\/wordpress\/wp-content\/uploads\/2016\/09\/magellano.png 500w\" sizes=\"(max-width: 300px) 100vw, 300px\" \/><\/p>\n<p>Come oggi, nel 1522 la &#8220;Vittoria&#8221;, una delle navi sopravvissute della spedizione di Ferdinando Magellano, ritorna a Sanl\u00facar de Barrameda, in Spagna, diventando la prima nave ad aver circumnavigato il globo. Dopo due anni, undici mesi e diciassette giorni di navigazione, a bordo della piccola nave (solo ottantacinque tonnellate di stazza), che ormai imbarcava acqua e aveva una velatura di fortuna, vi erano soltanto diciotto uomini malmessi, ammalati e denutriti.<\/p>\n<p>Ehi, amici dal pollice verde, regolatevi un po&#8217;, siamo gi\u00e0 al giorno 6 ed entro la fine di settembre bisogna:<\/p>\n<p>seguire le piantine seminate o interrate nei mesi precedenti; seminare e trapiantare in terreno aperto: cicorie, indivie, radicchi e lattughe; valeriana, rucola, spinaci, cipolle, ravanelli; scarducciare i carciofi, ridando terra e concimando;\u00a0continuare l\u2019imbianchimento di sedani, indivie e fi nocchi. Cominciate a riattivare gli impianti di copertura;\u00a0ripulire arbusti e siepi dalle parti secche sfiorite; fare talee di fuxie, lill\u00e0, rose, ortensie, e forsizie, utilizzando rami legnosi di un anno; rinfoltire il tappeto erboso.<\/p>\n<p>Proverbio salentino: <strong>EGNA TE CI CCHIU NDAE<\/strong><br \/>\nVenga da chi ne ha di pi\u00f9.<br \/>\nDi solito questo proverbio veniva proferito dopo che due avevano litigato, \u00a0o vi erano stati malintesi che avevano allontanato due persone, magari due parenti, o due amici.<br \/>\nE allora normalmente era la donna pi\u00f9 anziana, e quindi la pi\u00f9 saggia della famiglia, che invitava il proprio congiunto a fare il primo passo, spiegandogli che colui che si muoveva per primo per riconciliarsi non era il pi\u00f9 debole, ma quello che aveva, pi\u00f9 cervello, pi\u00f9 testa, pi\u00f9 buon senso. Da qui venga, ossia la prima azione venga, da chi ne ha di pi\u00f9.<\/p>\n<fb:like href='https:\/\/www.leccecronaca.it\/index.php\/2025\/09\/06\/buongiorno-per-tutto-il-giorno-270\/' send='true' layout='button_count' show_faces='true' width='450' height='65' action='recommend' colorscheme='light' font='lucida grande'><\/fb:like><span class=\"fb_share\"><fb:like href=\"https:\/\/www.leccecronaca.it\/index.php\/2025\/09\/06\/buongiorno-per-tutto-il-giorno-270\/\" layout=\"button_count\"><\/fb:like><\/span>","protected":false},"excerpt":{"rendered":"<p>Buongiorno! Oggi \u00e8 sabato 6 settembre 2025. Sant&#8217;Eva di\u00a0Dreux, martire,\u00a0\u00a0vittima delle prime persecuzioni probabilmente nel III secolo. Si tratta di una vergine perita durante una delle prime persecuzioni contro i cristiani.\u00a0\u00a0Alcune reliquie della santa, in origine conservate nella chiesa di Santo Stefano di Dreux, sono scampate agli iconoclasti durante la Rivoluzione Francese del 1789 e [&hellip;]<\/p>\n","protected":false},"author":4,"featured_media":96419,"comment_status":"open","ping_status":"closed","sticky":false,"template":"","format":"standard","meta":[],"categories":[1],"tags":[],"_links":{"self":[{"href":"https:\/\/www.leccecronaca.it\/index.php\/wp-json\/wp\/v2\/posts\/96418"}],"collection":[{"href":"https:\/\/www.leccecronaca.it\/index.php\/wp-json\/wp\/v2\/posts"}],"about":[{"href":"https:\/\/www.leccecronaca.it\/index.php\/wp-json\/wp\/v2\/types\/post"}],"author":[{"embeddable":true,"href":"https:\/\/www.leccecronaca.it\/index.php\/wp-json\/wp\/v2\/users\/4"}],"replies":[{"embeddable":true,"href":"https:\/\/www.leccecronaca.it\/index.php\/wp-json\/wp\/v2\/comments?post=96418"}],"version-history":[{"count":11,"href":"https:\/\/www.leccecronaca.it\/index.php\/wp-json\/wp\/v2\/posts\/96418\/revisions"}],"predecessor-version":[{"id":248591,"href":"https:\/\/www.leccecronaca.it\/index.php\/wp-json\/wp\/v2\/posts\/96418\/revisions\/248591"}],"wp:featuredmedia":[{"embeddable":true,"href":"https:\/\/www.leccecronaca.it\/index.php\/wp-json\/wp\/v2\/media\/96419"}],"wp:attachment":[{"href":"https:\/\/www.leccecronaca.it\/index.php\/wp-json\/wp\/v2\/media?parent=96418"}],"wp:term":[{"taxonomy":"category","embeddable":true,"href":"https:\/\/www.leccecronaca.it\/index.php\/wp-json\/wp\/v2\/categories?post=96418"},{"taxonomy":"post_tag","embeddable":true,"href":"https:\/\/www.leccecronaca.it\/index.php\/wp-json\/wp\/v2\/tags?post=96418"}],"curies":[{"name":"wp","href":"https:\/\/api.w.org\/{rel}","templated":true}]}}