{"id":96651,"date":"2025-09-08T00:01:00","date_gmt":"2025-09-07T22:01:00","guid":{"rendered":"http:\/\/www.leccecronaca.it\/?p=96651"},"modified":"2025-09-08T15:20:50","modified_gmt":"2025-09-08T13:20:50","slug":"buongiorno-per-tutto-il-giorno-272","status":"publish","type":"post","link":"https:\/\/www.leccecronaca.it\/index.php\/2025\/09\/08\/buongiorno-per-tutto-il-giorno-272\/","title":{"rendered":"DIARIO DEL GIORNO \/ LUNEDI&#8217; 8 SETTEMBRE 2025"},"content":{"rendered":"<p>Buongiorno!<\/p>\n<p>Oggi \u00e8 luned\u00ec 8 settembre 2025.<\/p>\n<p><img decoding=\"async\" loading=\"lazy\" class=\"aligncenter size-full wp-image-96652\" title=\"0908-w2\" src=\"https:\/\/www.leccecronaca.it\/wordpress\/wp-content\/uploads\/2016\/09\/0908-w2.jpg\" alt=\"\" width=\"560\" height=\"422\" srcset=\"https:\/\/www.leccecronaca.it\/wordpress\/wp-content\/uploads\/2016\/09\/0908-w2.jpg 560w, https:\/\/www.leccecronaca.it\/wordpress\/wp-content\/uploads\/2016\/09\/0908-w2-300x226.jpg 300w, https:\/\/www.leccecronaca.it\/wordpress\/wp-content\/uploads\/2016\/09\/0908-w2-400x300.jpg 400w\" sizes=\"(max-width: 560px) 100vw, 560px\" \/><\/p>\n<p>Tanti affettuosi auguri alla nostra redattrice Daniela Casciaro che ad Acquarica del Capo festeggia il suo compleanno.<\/p>\n<p>Idem: tanti affettuosi auguri alla nostra redattrice Francesca Pinto che, sempre oggi, a Lecce festeggia il suo compleanno.<\/p>\n<p>Nativit\u00e0 della Beata Vergine Maria, una festa liturgica della Chiesa cattolica e della Chiesa ortodossa che ricorda la nascita di Maria. Nella tradizione cattolica la festa \u00e8 celebrata in tante localit\u00e0.<\/p>\n<p>Nella tradizione agricola il ricordo della nascita di Maria coincide con il termine dell&#8217;estate e dei raccolti. La festa \u00e8 nata dapprima in Oriente; \u00e8 stata introdotta nella chiesa d&#8217;Occidente dal papa Sergio I. In particolare la devozione verso la nativit\u00e0 di Maria si svilupp\u00f2 nella diocesi ambrosiana, dove risulta attestata fin dal X secolo. Espressione di questa devozione \u00e8 lo stesso Duomo di Milano, consacrato da San Carlo Borromeo il 20 ottobre 1572 e dedicato a Maria Nascente.<\/p>\n<p>Nel 1694, il terremoto dell&#8217;Irpinia e della Basilicata causa circa 6.000 vittime.\u00a0Tra i comuni pi\u00f9 colpiti vi furono Sant&#8217;Angelo dei Lombardi, Lioni, Conza della Campania, Muro Lucano, San Fele, Calitri, Bisaccia e Picerno.<\/p>\n<p>Nel 1943, durante la Seconda Guerra Mondiale, con il Proclama Badoglio, che fa seguito a quello del generale Dwight D. Eisenhower lanciato da Radio Algeri un&#8217;ora prima, viene reso pubblico l&#8217;armistizio di Cassibile. Era stato firmato per l&#8217;Italia il 3 settembre dal generale Giuseppe Castellano a nome del Presidente del Consiglio maresciallo d&#8217;Italia Pietro Badoglio, fedele al re Vittorio Emanuele III. Brindisi diviene sede del governo e quindi capitale del Regno d&#8217;Italia.<\/p>\n<p>Proverbio salentino: <strong>QUANDU ENE LU ELLANU TE FORE, DANNI TE MANGIARE FINA CU NDE MORE<\/strong><br \/>\nQuando torna il contadino (viene il villano) dalla campagna, dagli da mangiare finch\u00e9 non ne muore (sino a farlo scoppiare).<br \/>\nIl lavoro del contadino di una volta, era talmente faticoso che dopo una giornata di pesantissimo lavoro, al freddo e sotto la pioggia di inverno, o con l&#8217;afa e il sole cocente d&#8217;estate, era bene che la donna che se ne prendeva cura lo facesse mangiare a saziet\u00e0, se voleva conservarlo in buona salute, perch\u00e9 il giorno dopo un&#8217;altra giornata di duro lavoro lo aspettava.<br \/>\nInsomma non c&#8217;era il rischio che il contadino di\u00a0cinquanta anni fa diventasse obeso.<\/p>\n<fb:like href='https:\/\/www.leccecronaca.it\/index.php\/2025\/09\/08\/buongiorno-per-tutto-il-giorno-272\/' send='true' layout='button_count' show_faces='true' width='450' height='65' action='recommend' colorscheme='light' font='lucida grande'><\/fb:like><span class=\"fb_share\"><fb:like href=\"https:\/\/www.leccecronaca.it\/index.php\/2025\/09\/08\/buongiorno-per-tutto-il-giorno-272\/\" layout=\"button_count\"><\/fb:like><\/span>","protected":false},"excerpt":{"rendered":"<p>Buongiorno! Oggi \u00e8 luned\u00ec 8 settembre 2025. Tanti affettuosi auguri alla nostra redattrice Daniela Casciaro che ad Acquarica del Capo festeggia il suo compleanno. Idem: tanti affettuosi auguri alla nostra redattrice Francesca Pinto che, sempre oggi, a Lecce festeggia il suo compleanno. Nativit\u00e0 della Beata Vergine Maria, una festa liturgica della Chiesa cattolica e della [&hellip;]<\/p>\n","protected":false},"author":4,"featured_media":96652,"comment_status":"open","ping_status":"closed","sticky":false,"template":"","format":"standard","meta":[],"categories":[1],"tags":[],"_links":{"self":[{"href":"https:\/\/www.leccecronaca.it\/index.php\/wp-json\/wp\/v2\/posts\/96651"}],"collection":[{"href":"https:\/\/www.leccecronaca.it\/index.php\/wp-json\/wp\/v2\/posts"}],"about":[{"href":"https:\/\/www.leccecronaca.it\/index.php\/wp-json\/wp\/v2\/types\/post"}],"author":[{"embeddable":true,"href":"https:\/\/www.leccecronaca.it\/index.php\/wp-json\/wp\/v2\/users\/4"}],"replies":[{"embeddable":true,"href":"https:\/\/www.leccecronaca.it\/index.php\/wp-json\/wp\/v2\/comments?post=96651"}],"version-history":[{"count":17,"href":"https:\/\/www.leccecronaca.it\/index.php\/wp-json\/wp\/v2\/posts\/96651\/revisions"}],"predecessor-version":[{"id":248797,"href":"https:\/\/www.leccecronaca.it\/index.php\/wp-json\/wp\/v2\/posts\/96651\/revisions\/248797"}],"wp:featuredmedia":[{"embeddable":true,"href":"https:\/\/www.leccecronaca.it\/index.php\/wp-json\/wp\/v2\/media\/96652"}],"wp:attachment":[{"href":"https:\/\/www.leccecronaca.it\/index.php\/wp-json\/wp\/v2\/media?parent=96651"}],"wp:term":[{"taxonomy":"category","embeddable":true,"href":"https:\/\/www.leccecronaca.it\/index.php\/wp-json\/wp\/v2\/categories?post=96651"},{"taxonomy":"post_tag","embeddable":true,"href":"https:\/\/www.leccecronaca.it\/index.php\/wp-json\/wp\/v2\/tags?post=96651"}],"curies":[{"name":"wp","href":"https:\/\/api.w.org\/{rel}","templated":true}]}}