{"id":96795,"date":"2016-09-08T20:53:31","date_gmt":"2016-09-08T18:53:31","guid":{"rendered":"http:\/\/www.leccecronaca.it\/?p=96795"},"modified":"2016-09-08T21:10:39","modified_gmt":"2016-09-08T19:10:39","slug":"amore-arcobaleno-domani-a-lecce-la-prima-unione-civile-mino-e-giuseppe-officiati-dall-assessore-andrea-guido","status":"publish","type":"post","link":"https:\/\/www.leccecronaca.it\/index.php\/2016\/09\/08\/amore-arcobaleno-domani-a-lecce-la-prima-unione-civile-mino-e-giuseppe-officiati-dall-assessore-andrea-guido\/","title":{"rendered":"AMORE ARCOBALENO, DOMANI A LECCE LA PRIMA UNIONE CIVILE, MINO E GIUSEPPE OFFICIATI DA ANDREA GUIDO. IL COMMENTO DELL&#8217; ASSESSORE"},"content":{"rendered":"<p><img decoding=\"async\" loading=\"lazy\" width=\"1024\" height=\"614\" title=\"14284837_1053710928017971_1793003935_o\" class=\"aligncenter size-large wp-image-96796\" alt=\"\" src=\"https:\/\/www.leccecronaca.it\/wordpress\/wp-content\/uploads\/2016\/09\/14284837_1053710928017971_1793003935_o-1024x614.jpg\" srcset=\"https:\/\/www.leccecronaca.it\/wordpress\/wp-content\/uploads\/2016\/09\/14284837_1053710928017971_1793003935_o-1024x614.jpg 1024w, https:\/\/www.leccecronaca.it\/wordpress\/wp-content\/uploads\/2016\/09\/14284837_1053710928017971_1793003935_o-300x180.jpg 300w, https:\/\/www.leccecronaca.it\/wordpress\/wp-content\/uploads\/2016\/09\/14284837_1053710928017971_1793003935_o-768x461.jpg 768w, https:\/\/www.leccecronaca.it\/wordpress\/wp-content\/uploads\/2016\/09\/14284837_1053710928017971_1793003935_o-1536x921.jpg 1536w, https:\/\/www.leccecronaca.it\/wordpress\/wp-content\/uploads\/2016\/09\/14284837_1053710928017971_1793003935_o.jpg 2048w\" sizes=\"(max-width: 1024px) 100vw, 1024px\" \/>di <strong>Francesca Pagliara______\u00a0<\/strong><\/p>\n<p>Domani mattina il cielo di Lecce si tinger\u00e0 dei colori dell&#8217;arcobaleno. Ma non per la pioggia che finir\u00e0 di cadere, almeno si spera, e neppure per la visita del nostro presidente del consiglio, no.<\/p>\n<p>E&#8217; previsto, infatti, per la mattinata di venerd\u00ec 9 settembre, la celebrazione della prima unione civile tra i due promessi sposi Mino e Giuseppe, insieme da molti anni.<\/p>\n<p>Il rito si terr\u00e0 presso la sede comunale al cospetto del pubblico ufficiale con tanto di fascia tricolore. Ruolo che, per questa grande prima, sar\u00e0 dell\u2019assessore all\u2019ambiente Andrea Guido.<\/p>\n<p>La prima celebrazione nel leccese dicevamo, dopo l&#8217;approvazione lo scorso maggio in parlamento della Legge 76\/2016.<\/p>\n<p>L&#8217;assessore Guido si dice soddisfatto <em>&#8220;La legge approvata lo scorso maggio rappresenta un primo passo, ancora timido dal mio punto di vista, verso il pieno riconoscimento della molteplicit\u00e0 di famiglie, che di fatto sono gi\u00e0 presenti nella nostra societ\u00e0. Per me sar\u00e0 davvero &#8211; e senza alcuna retorica &#8211; un grande piacere ed un vero onore costituire la prima unione civile del nostro Comune e partecipare alla festa di due persone che si amano e che, dopo tanti anni di vita insieme, vedono oggi riconosciuta e costituita ufficialmente la loro unio<\/em>ne\u201d.<\/p>\n<p>Un percorso lungo quello legato all&#8217;approvazione di questa normativa, lo sappiamo, ma ogni traguardo che valga la pena di essere raggiunto prevede dei percorsi tortuosi prima di arrivare alla meta.<\/p>\n<p>Soprattutto per un paese come il nostro, dove muovere un piccolo sasso significa spostare una montagna. Dello stesso parere l&#8217;assessore all&#8217;ambiente che conclude: <em>&#8220;Si tratta di un passo doveroso anche per una citt\u00e0 conservatrice come la nostra. Anche se questa, secondo me, \u00e8 una faccenda che va analizzata soprattutto da un punto di vista nazionale. La Legge 76 fa fare all\u2019Italia un passo in avanti sui diritti dopo anni in cui siamo rimasti fanalino di coda in Europa e, al di l\u00e0 di quello che poteva essere, e delle modifiche apportate durante l\u2019iter parlamentare, rappresenta un punto di svolta. Mi sento onorato, naturalmente, ad essere il primo amministratore della citt\u00e0 a celebrare questo nuovo istituto giuridico,\u00a0forse una delle pochissime cose buone che questo governo ci avr\u00e0 lasciato alla fine del suo mandato&#8221;<\/em>.<\/p>\n<p>Nella citt\u00e0 barocca sono previste gi\u00e0 altre due unioni civili che saranno istituite nei prossimi mesi.<\/p>\n<p>Ma domani sar\u00e0 la prima volta, la prima volta dopo una lunga battaglia. La prima conquista di ci\u00f2 che alla fine \u00e8 da sempre dovuto a tutti. Amare ed essere amati.<\/p>\n<p>E l&#8217;amore non ha colori, razze o religione. E&#8217; amore e basta.<\/p>\n<p>Sar\u00e0 buona la prima, ne siamo certi.<\/p>\n<p>Auguri,\u00a0allora, a\u00a0Mino e Giuseppe, ad maiora!<\/p>\n<p>&nbsp;<\/p>\n<p>&nbsp;<\/p>\n<p>&nbsp;<\/p>\n<p>.<\/p>\n<p>&nbsp;<\/p>\n<fb:like href='https:\/\/www.leccecronaca.it\/index.php\/2016\/09\/08\/amore-arcobaleno-domani-a-lecce-la-prima-unione-civile-mino-e-giuseppe-officiati-dall-assessore-andrea-guido\/' send='true' layout='button_count' show_faces='true' width='450' height='65' action='recommend' colorscheme='light' font='lucida grande'><\/fb:like><span class=\"fb_share\"><fb:like href=\"https:\/\/www.leccecronaca.it\/index.php\/2016\/09\/08\/amore-arcobaleno-domani-a-lecce-la-prima-unione-civile-mino-e-giuseppe-officiati-dall-assessore-andrea-guido\/\" layout=\"button_count\"><\/fb:like><\/span>","protected":false},"excerpt":{"rendered":"<p>di Francesca Pagliara______\u00a0 Domani mattina il cielo di Lecce si tinger\u00e0 dei colori dell&#8217;arcobaleno. Ma non per la pioggia che finir\u00e0 di cadere, almeno si spera, e neppure per la visita del nostro presidente del consiglio, no. E&#8217; previsto, infatti, per la mattinata di venerd\u00ec 9 settembre, la celebrazione della prima unione civile tra i [&hellip;]<\/p>\n","protected":false},"author":4,"featured_media":96796,"comment_status":"open","ping_status":"closed","sticky":false,"template":"","format":"standard","meta":[],"categories":[69],"tags":[],"_links":{"self":[{"href":"https:\/\/www.leccecronaca.it\/index.php\/wp-json\/wp\/v2\/posts\/96795"}],"collection":[{"href":"https:\/\/www.leccecronaca.it\/index.php\/wp-json\/wp\/v2\/posts"}],"about":[{"href":"https:\/\/www.leccecronaca.it\/index.php\/wp-json\/wp\/v2\/types\/post"}],"author":[{"embeddable":true,"href":"https:\/\/www.leccecronaca.it\/index.php\/wp-json\/wp\/v2\/users\/4"}],"replies":[{"embeddable":true,"href":"https:\/\/www.leccecronaca.it\/index.php\/wp-json\/wp\/v2\/comments?post=96795"}],"version-history":[{"count":5,"href":"https:\/\/www.leccecronaca.it\/index.php\/wp-json\/wp\/v2\/posts\/96795\/revisions"}],"predecessor-version":[{"id":96798,"href":"https:\/\/www.leccecronaca.it\/index.php\/wp-json\/wp\/v2\/posts\/96795\/revisions\/96798"}],"wp:featuredmedia":[{"embeddable":true,"href":"https:\/\/www.leccecronaca.it\/index.php\/wp-json\/wp\/v2\/media\/96796"}],"wp:attachment":[{"href":"https:\/\/www.leccecronaca.it\/index.php\/wp-json\/wp\/v2\/media?parent=96795"}],"wp:term":[{"taxonomy":"category","embeddable":true,"href":"https:\/\/www.leccecronaca.it\/index.php\/wp-json\/wp\/v2\/categories?post=96795"},{"taxonomy":"post_tag","embeddable":true,"href":"https:\/\/www.leccecronaca.it\/index.php\/wp-json\/wp\/v2\/tags?post=96795"}],"curies":[{"name":"wp","href":"https:\/\/api.w.org\/{rel}","templated":true}]}}