{"id":96845,"date":"2016-09-09T09:00:49","date_gmt":"2016-09-09T07:00:49","guid":{"rendered":"http:\/\/www.leccecronaca.it\/?p=96845"},"modified":"2016-09-09T17:23:56","modified_gmt":"2016-09-09T15:23:56","slug":"piu-attenzione-ai-bambini-adottati-o-affidati","status":"publish","type":"post","link":"https:\/\/www.leccecronaca.it\/index.php\/2016\/09\/09\/piu-attenzione-ai-bambini-adottati-o-affidati\/","title":{"rendered":"&#8216;Pi\u00f9 attenzione ai bambini adottati, o affidati&#8217;"},"content":{"rendered":"<p><img decoding=\"async\" loading=\"lazy\" width=\"1024\" height=\"610\" title=\"Adozioni_riforma_affido\" class=\"alignleft size-full wp-image-96848\" alt=\"\" src=\"https:\/\/www.leccecronaca.it\/wordpress\/wp-content\/uploads\/2016\/09\/Adozioni_riforma_affido.jpg\" srcset=\"https:\/\/www.leccecronaca.it\/wordpress\/wp-content\/uploads\/2016\/09\/Adozioni_riforma_affido.jpg 1024w, https:\/\/www.leccecronaca.it\/wordpress\/wp-content\/uploads\/2016\/09\/Adozioni_riforma_affido-300x179.jpg 300w, https:\/\/www.leccecronaca.it\/wordpress\/wp-content\/uploads\/2016\/09\/Adozioni_riforma_affido-768x458.jpg 768w\" sizes=\"(max-width: 1024px) 100vw, 1024px\" \/>Riceviamo e volentieri pubblichiamo. Il presidente dell&#8217; associazione nazionale famiglie adottive e affidatarie, Grazia Manni, ci scrive______<\/p>\n<p>Buona scuola a tutti.<\/p>\n<p>L\u2019Anfaa augura a tutti i bambini e ragazzi buon inizio di anno scolastico.<\/p>\n<p>Auspichiamo che la scuola sia sempre pi\u00f9 attenta ai bisogni specifici di ogni bambino adottato o affidato.<\/p>\n<p>Quest&#8217;anno scolastico \u00e8 il primo di applicazione delle \u201cLinee Guida su Scuola e Adozione\u201d emanate dal Miur.<\/p>\n<p>Proprio ieri abbiamo avuto un proficuo incontro con la dirigente Anna Lucia Graziuso e tutti gli insegnanti della scuola media di Lecce \u201cAscanio Grandi\u201d, la prima nella provincia ad aver nominato il referente per le adozioni (nella persona della prof. ssa Cristina Di Napoli), come da Circolare Ministeriale.<\/p>\n<p>Alcuni bambini adottivi, soprattutto se hanno un passato difficile, possono incontrare difficolt\u00e0 di apprendimento che molto spesso hanno la loro origine in quella che \u00e8 stata definita la &#8220;fatica di pensare&#8221;.<\/p>\n<p>Pensiamo alle difficolt\u00e0 dei nostri bambini che devono vivere il presente e tenere a bada il passato, che devono inserirsi in un contesto completamente nuovo, che desiderano e temono al tempo stesso di allacciare legami, che hanno paura di non essere accettati ed amati, che devono elaborare l\u2019appartenenza a quella che diventer\u00e0 la sua famiglia.<\/p>\n<p>La famiglia per\u00f2 non basta, anche la scuola deve fare la sua parte.<\/p>\n<p>Tutti i bambini -in particolare quelli con una storia problematica alle spalle, come i minori adottati, affidati, portatori di handicap o stranieri- dovranno capire che nell&#8217;ambiente scolastico troveranno qualcuno disposto ad ascoltarli, ad ascoltare non solo quello che sanno, ma anche quello che sentono, a valorizzare ogni diversit\u00e0.<\/p>\n<p>Ribadiamo la nostra disponibilit\u00e0 gratuita ad essere di stimolo, di approfondimento e di aiuto per tutte le scuole che volessero contattarci.<\/p>\n<p>p. s.<\/p>\n<p>Dite: \u201c\u00e8 faticoso frequentare i bambini\u201d. Avete ragione! Poi aggiungete: \u201cperch\u00e9 bisogna mettersi al loro livello, abbassarsi, inclinarsi, curvarsi, farsi piccoli\u201d. Ora avete torto. Non \u00e8 questo che pi\u00f9 stanca. \u00c8 piuttosto il fatto di essere obbligati a innalzarsi fino all\u2019altezza dei loro sentimenti. Tirarsi, allungarsi, alzarsi sulla punta dei piedi. Per non ferirli. (Janus Korczak, pedagogo polacco morto a Treblinka insieme ai bambini ebrei dell\u2019orfanotrofio che istitu\u00ec e diresse nel ghetto di Varsavia)<\/p>\n<p>&nbsp;<\/p>\n<fb:like href='https:\/\/www.leccecronaca.it\/index.php\/2016\/09\/09\/piu-attenzione-ai-bambini-adottati-o-affidati\/' send='true' layout='button_count' show_faces='true' width='450' height='65' action='recommend' colorscheme='light' font='lucida grande'><\/fb:like><span class=\"fb_share\"><fb:like href=\"https:\/\/www.leccecronaca.it\/index.php\/2016\/09\/09\/piu-attenzione-ai-bambini-adottati-o-affidati\/\" layout=\"button_count\"><\/fb:like><\/span>","protected":false},"excerpt":{"rendered":"<p>Riceviamo e volentieri pubblichiamo. Il presidente dell&#8217; associazione nazionale famiglie adottive e affidatarie, Grazia Manni, ci scrive______ Buona scuola a tutti. L\u2019Anfaa augura a tutti i bambini e ragazzi buon inizio di anno scolastico. Auspichiamo che la scuola sia sempre pi\u00f9 attenta ai bisogni specifici di ogni bambino adottato o affidato. Quest&#8217;anno scolastico \u00e8 il [&hellip;]<\/p>\n","protected":false},"author":4,"featured_media":96848,"comment_status":"open","ping_status":"closed","sticky":false,"template":"","format":"standard","meta":[],"categories":[36],"tags":[],"_links":{"self":[{"href":"https:\/\/www.leccecronaca.it\/index.php\/wp-json\/wp\/v2\/posts\/96845"}],"collection":[{"href":"https:\/\/www.leccecronaca.it\/index.php\/wp-json\/wp\/v2\/posts"}],"about":[{"href":"https:\/\/www.leccecronaca.it\/index.php\/wp-json\/wp\/v2\/types\/post"}],"author":[{"embeddable":true,"href":"https:\/\/www.leccecronaca.it\/index.php\/wp-json\/wp\/v2\/users\/4"}],"replies":[{"embeddable":true,"href":"https:\/\/www.leccecronaca.it\/index.php\/wp-json\/wp\/v2\/comments?post=96845"}],"version-history":[{"count":2,"href":"https:\/\/www.leccecronaca.it\/index.php\/wp-json\/wp\/v2\/posts\/96845\/revisions"}],"predecessor-version":[{"id":96850,"href":"https:\/\/www.leccecronaca.it\/index.php\/wp-json\/wp\/v2\/posts\/96845\/revisions\/96850"}],"wp:featuredmedia":[{"embeddable":true,"href":"https:\/\/www.leccecronaca.it\/index.php\/wp-json\/wp\/v2\/media\/96848"}],"wp:attachment":[{"href":"https:\/\/www.leccecronaca.it\/index.php\/wp-json\/wp\/v2\/media?parent=96845"}],"wp:term":[{"taxonomy":"category","embeddable":true,"href":"https:\/\/www.leccecronaca.it\/index.php\/wp-json\/wp\/v2\/categories?post=96845"},{"taxonomy":"post_tag","embeddable":true,"href":"https:\/\/www.leccecronaca.it\/index.php\/wp-json\/wp\/v2\/tags?post=96845"}],"curies":[{"name":"wp","href":"https:\/\/api.w.org\/{rel}","templated":true}]}}