{"id":97172,"date":"2016-09-15T00:05:53","date_gmt":"2016-09-14T22:05:53","guid":{"rendered":"http:\/\/www.leccecronaca.it\/?p=97172"},"modified":"2016-09-13T19:02:33","modified_gmt":"2016-09-13T17:02:33","slug":"i-nostri-amici-animali-le-storie-di-federica-253","status":"publish","type":"post","link":"https:\/\/www.leccecronaca.it\/index.php\/2016\/09\/15\/i-nostri-amici-animali-le-storie-di-federica-253\/","title":{"rendered":"I NOSTRI AMICI ANIMALI \/ LE STORIE DI FEDERICA"},"content":{"rendered":"<p><img decoding=\"async\" loading=\"lazy\" width=\"1200\" height=\"712\" title=\"ajaxmail\" class=\"aligncenter size-full wp-image-97174\" alt=\"\" src=\"https:\/\/www.leccecronaca.it\/wordpress\/wp-content\/uploads\/2016\/09\/ajaxmail2.jpg\" srcset=\"https:\/\/www.leccecronaca.it\/wordpress\/wp-content\/uploads\/2016\/09\/ajaxmail2.jpg 1200w, https:\/\/www.leccecronaca.it\/wordpress\/wp-content\/uploads\/2016\/09\/ajaxmail2-300x178.jpg 300w, https:\/\/www.leccecronaca.it\/wordpress\/wp-content\/uploads\/2016\/09\/ajaxmail2-1024x608.jpg 1024w, https:\/\/www.leccecronaca.it\/wordpress\/wp-content\/uploads\/2016\/09\/ajaxmail2-768x456.jpg 768w\" sizes=\"(max-width: 1200px) 100vw, 1200px\" \/>Questa mattina, presso il Parco Naturale Regionale Bosco e Paludi di Rauccio, c&#8217;\u00e8\u00a0la liberazione e reintroduzione sul territorio di circa\u00a0trenta uccelli rapaci.<\/p>\n<p>Sono davvero tanti gli esemplari di fauna selvatica soccorsi e recuperati in giro per la Puglia nel corso dell\u2019estate da parte delle istituzioni, delle associazioni animaliste e di semplici cittadini.<\/p>\n<p>La liberazione di un animale selvatico \u00e8 frutto di un lungo e difficile lavoro di recupero che necessita di grande professionalit\u00e0 e competenza. Ed \u00e8 quello che fanno quotidianamente gli operatori dell\u2019Osservatorio Faunistico Regionale e dell\u2019Osservatorio Faunistico Provinciale per il recupero e la reimmissione in natura dei rapaci. Un risultato reso possibile solo grazie alla grande collaborazione tra cittadini attenti alla salvaguardia della fauna selvatica, associazioni animaliste e di guardie zoofile e istituzioni pronte a dare risposte concrete.<\/p>\n<p>La reintroduzione in natura di esemplari appartenenti a specie selvatiche \u00e8 sempre uno spettacolo unico e indimenticabile, sia per i bambini, sia per gli adulti. \u00c8 impossibile rimanere indifferenti davanti alla scena di animali che ritornano sani e salvi nel loro ambiente naturale.<\/p>\n<p>Si tratta soprattutto di giovani falchi grillai (nella foto)\u00a0ricoverati nei mesi scorsi perch\u00e9 trovati in difficolt\u00e0 nei centri abitati delle cittadine pugliesi.<\/p>\n<p>\u201c<em>Questo piccolo falco, il grillaio<\/em> &#8211; ha dichiarato l\u2019Assessore Andrea Guido, Presidente del Parco di Rauccio &#8211;<em> inserito nella Lista rossa IUCN come specie vulnerabile, \u00e8 senza dubbio uno dei rapaci a cui siamo pi\u00f9 affezionati, in quanto dopo aver trascorso l&#8217;inverno in Africa, da un po\u2019 di anni a questa parte sono tornati a nidificare nel nostro territorio, persino nel centro storico della nostra citt\u00e0. Ricordo che di recente, durante uno degli ultimi eventi di liberazione di questi rapaci, tre splendidi esemplari, quasi a voler ringraziare i propri soccorritori, regalarono ai presenti dei volteggi spettacolari e indimenticabili prima di allontanarsi. Ed eravamo a Lecce, nel cuore del barocco&#8221;.<\/em><\/p>\n<p>&nbsp;<\/p>\n<p>\u201c<em>Nel Salento il falco grillaio era di fatto scomparso fino a pochi anni fa<\/em> &#8211; fa\u00a0commentato la faunista Simona Potenza, una delle figure responsabili pi\u00f9 attive dell\u2019Osservatorio di Calimera &#8211; <em>Nel 2006 part\u00ec un progetto di ripopolamento di grillai, portato avanti dall\u2019Osservatorio grazie ad alcuni esemplari adulti, ma irrecuperabili a causa di disabilit\u00e0 acquisite in seguito a traumi (amputazione dell\u2019ala, anchilosi e conseguente incapacit\u00e0 di volare). Gli esemplari, provenienti dal Centro Regionale di Bitetto, furono messi in condizione di riprodursi e i loro piccoli, ovviamente sanissimi, furono rilasciati nella provincia di Lecce a partire dalla zona \u201cRupi di San Mauro\u201d a Sannicola. <\/em><\/p>\n<p><em>Da allora il grillaio \u00e8 lentamente tornato a nidificare nel nostro territorio a partire dal centro storico di Lecce dove ha scelto i tetti di chiese e di vecchi edifici pubblici. Questo falco, al contrario di altri, \u00e8 molto gregario e abita tranquillamente i centri abitati dove, nutrendosi soprattutto di invertebrati come coleotteri, blatte, cavallette, grilli, offre un\u2019azione di pulizia da animali che non sono graditi nelle nostre case e, allo stesso tempo, disturba la nidificazione di altri volatili infestanti come i colombi<\/em>&#8220;.<\/p>\n<p>&nbsp;<\/p>\n<p>&nbsp;<\/p>\n<p>&nbsp;<\/p>\n<p>&nbsp;<\/p>\n<p>&nbsp;<\/p>\n<fb:like href='https:\/\/www.leccecronaca.it\/index.php\/2016\/09\/15\/i-nostri-amici-animali-le-storie-di-federica-253\/' send='true' layout='button_count' show_faces='true' width='450' height='65' action='recommend' colorscheme='light' font='lucida grande'><\/fb:like><span class=\"fb_share\"><fb:like href=\"https:\/\/www.leccecronaca.it\/index.php\/2016\/09\/15\/i-nostri-amici-animali-le-storie-di-federica-253\/\" layout=\"button_count\"><\/fb:like><\/span>","protected":false},"excerpt":{"rendered":"<p>Questa mattina, presso il Parco Naturale Regionale Bosco e Paludi di Rauccio, c&#8217;\u00e8\u00a0la liberazione e reintroduzione sul territorio di circa\u00a0trenta uccelli rapaci. Sono davvero tanti gli esemplari di fauna selvatica soccorsi e recuperati in giro per la Puglia nel corso dell\u2019estate da parte delle istituzioni, delle associazioni animaliste e di semplici cittadini. La liberazione di [&hellip;]<\/p>\n","protected":false},"author":4,"featured_media":97174,"comment_status":"open","ping_status":"closed","sticky":false,"template":"","format":"standard","meta":[],"categories":[78],"tags":[],"_links":{"self":[{"href":"https:\/\/www.leccecronaca.it\/index.php\/wp-json\/wp\/v2\/posts\/97172"}],"collection":[{"href":"https:\/\/www.leccecronaca.it\/index.php\/wp-json\/wp\/v2\/posts"}],"about":[{"href":"https:\/\/www.leccecronaca.it\/index.php\/wp-json\/wp\/v2\/types\/post"}],"author":[{"embeddable":true,"href":"https:\/\/www.leccecronaca.it\/index.php\/wp-json\/wp\/v2\/users\/4"}],"replies":[{"embeddable":true,"href":"https:\/\/www.leccecronaca.it\/index.php\/wp-json\/wp\/v2\/comments?post=97172"}],"version-history":[{"count":2,"href":"https:\/\/www.leccecronaca.it\/index.php\/wp-json\/wp\/v2\/posts\/97172\/revisions"}],"predecessor-version":[{"id":97176,"href":"https:\/\/www.leccecronaca.it\/index.php\/wp-json\/wp\/v2\/posts\/97172\/revisions\/97176"}],"wp:featuredmedia":[{"embeddable":true,"href":"https:\/\/www.leccecronaca.it\/index.php\/wp-json\/wp\/v2\/media\/97174"}],"wp:attachment":[{"href":"https:\/\/www.leccecronaca.it\/index.php\/wp-json\/wp\/v2\/media?parent=97172"}],"wp:term":[{"taxonomy":"category","embeddable":true,"href":"https:\/\/www.leccecronaca.it\/index.php\/wp-json\/wp\/v2\/categories?post=97172"},{"taxonomy":"post_tag","embeddable":true,"href":"https:\/\/www.leccecronaca.it\/index.php\/wp-json\/wp\/v2\/tags?post=97172"}],"curies":[{"name":"wp","href":"https:\/\/api.w.org\/{rel}","templated":true}]}}