{"id":97606,"date":"2016-09-18T13:13:18","date_gmt":"2016-09-18T11:13:18","guid":{"rendered":"http:\/\/www.leccecronaca.it\/?p=97606"},"modified":"2016-09-18T13:17:17","modified_gmt":"2016-09-18T11:17:17","slug":"luigi-di-maio-accusa-pd-e-fi-di-aver-preso-soldi-dall-ilva","status":"publish","type":"post","link":"https:\/\/www.leccecronaca.it\/index.php\/2016\/09\/18\/luigi-di-maio-accusa-pd-e-fi-di-aver-preso-soldi-dall-ilva\/","title":{"rendered":"DI MAIO ACCUSA PD E FI DI AVER PRESO SOLDI DALL&#8217; ILVA"},"content":{"rendered":"<p><img decoding=\"async\" loading=\"lazy\" width=\"770\" height=\"496\" title=\"luigi-di-maio-movimento-5-stelle-sondaggio\" class=\"alignleft size-full wp-image-97607\" alt=\"\" src=\"https:\/\/www.leccecronaca.it\/wordpress\/wp-content\/uploads\/2016\/09\/luigi-di-maio-movimento-5-stelle-sondaggio.jpg\" srcset=\"https:\/\/www.leccecronaca.it\/wordpress\/wp-content\/uploads\/2016\/09\/luigi-di-maio-movimento-5-stelle-sondaggio.jpg 770w, https:\/\/www.leccecronaca.it\/wordpress\/wp-content\/uploads\/2016\/09\/luigi-di-maio-movimento-5-stelle-sondaggio-300x193.jpg 300w, https:\/\/www.leccecronaca.it\/wordpress\/wp-content\/uploads\/2016\/09\/luigi-di-maio-movimento-5-stelle-sondaggio-768x495.jpg 768w\" sizes=\"(max-width: 770px) 100vw, 770px\" \/>(Rdl)______Le agenzie hanno battuto pochi minuti fa alcune dichiarazioni del vicepresidente della Camera Luigi Di Maio, che nella tarda mattinata \u00a0\u00e8 intervenuto a Bari alla &#8220;<em>Conferenza\u00a0sulla\u00a0 esperienze europee di riconversione economica <\/em><em>nelle aree industriali in crisi. Riconvertire si pu\u00f2\u2033, <\/em>organizzata dal Movimento Cinque Stelle, con la partecipazione di esperti europei, per chiedere la chiusura e la conseguente riconversione\u00a0della centrale di Cerano a Brindisi\u00a0e dello stabilimento dell&#8217; Ilva a Taranto.<\/p>\n<p>Proprio parlando dell&#8217; Ilva, Luigi Di Maio ha detto che: &#8220;<em>Non \u00e8 un caso che i Riva dell&#8217;Ilva abbiano finanziato la campagna elettorale del Pd e di Berlusconi alle ultime elezioni politiche del 2013 e non \u00e8 un caso che grazie alla legge del governo Renzi sulla delega fiscale si sia derubricato il reato di frode da circa 50 milioni che riguardava sia i manager che i vertici dell&#8217;Ilva.<\/em><\/p>\n<p><em>Questi si prendono soldi in campagna elettorale e poi li salvano con delle leggi ad hoc. Non c&#8217;entrano niente i cittadini di Taranto nella loro legge, non c&#8217;entrano niente gli operai. Qui non si \u00e8 mai tutelato n\u00e9 la persona, n\u00e9 la salute pubblica. Noi vogliamo riportare al centro della politica la persona. Ce lo consentiranno? Non lo so. Questo dipende anche molto dal consenso che il Paese vorr\u00e0 darci<\/em>&#8220;.<\/p>\n<p>&nbsp;<\/p>\n<fb:like href='https:\/\/www.leccecronaca.it\/index.php\/2016\/09\/18\/luigi-di-maio-accusa-pd-e-fi-di-aver-preso-soldi-dall-ilva\/' send='true' layout='button_count' show_faces='true' width='450' height='65' action='recommend' colorscheme='light' font='lucida grande'><\/fb:like><span class=\"fb_share\"><fb:like href=\"https:\/\/www.leccecronaca.it\/index.php\/2016\/09\/18\/luigi-di-maio-accusa-pd-e-fi-di-aver-preso-soldi-dall-ilva\/\" layout=\"button_count\"><\/fb:like><\/span>","protected":false},"excerpt":{"rendered":"<p>(Rdl)______Le agenzie hanno battuto pochi minuti fa alcune dichiarazioni del vicepresidente della Camera Luigi Di Maio, che nella tarda mattinata \u00a0\u00e8 intervenuto a Bari alla &#8220;Conferenza\u00a0sulla\u00a0 esperienze europee di riconversione economica nelle aree industriali in crisi. Riconvertire si pu\u00f2\u2033, organizzata dal Movimento Cinque Stelle, con la partecipazione di esperti europei, per chiedere la chiusura e [&hellip;]<\/p>\n","protected":false},"author":4,"featured_media":97607,"comment_status":"open","ping_status":"closed","sticky":false,"template":"","format":"standard","meta":[],"categories":[69,76],"tags":[],"_links":{"self":[{"href":"https:\/\/www.leccecronaca.it\/index.php\/wp-json\/wp\/v2\/posts\/97606"}],"collection":[{"href":"https:\/\/www.leccecronaca.it\/index.php\/wp-json\/wp\/v2\/posts"}],"about":[{"href":"https:\/\/www.leccecronaca.it\/index.php\/wp-json\/wp\/v2\/types\/post"}],"author":[{"embeddable":true,"href":"https:\/\/www.leccecronaca.it\/index.php\/wp-json\/wp\/v2\/users\/4"}],"replies":[{"embeddable":true,"href":"https:\/\/www.leccecronaca.it\/index.php\/wp-json\/wp\/v2\/comments?post=97606"}],"version-history":[{"count":5,"href":"https:\/\/www.leccecronaca.it\/index.php\/wp-json\/wp\/v2\/posts\/97606\/revisions"}],"predecessor-version":[{"id":97611,"href":"https:\/\/www.leccecronaca.it\/index.php\/wp-json\/wp\/v2\/posts\/97606\/revisions\/97611"}],"wp:featuredmedia":[{"embeddable":true,"href":"https:\/\/www.leccecronaca.it\/index.php\/wp-json\/wp\/v2\/media\/97607"}],"wp:attachment":[{"href":"https:\/\/www.leccecronaca.it\/index.php\/wp-json\/wp\/v2\/media?parent=97606"}],"wp:term":[{"taxonomy":"category","embeddable":true,"href":"https:\/\/www.leccecronaca.it\/index.php\/wp-json\/wp\/v2\/categories?post=97606"},{"taxonomy":"post_tag","embeddable":true,"href":"https:\/\/www.leccecronaca.it\/index.php\/wp-json\/wp\/v2\/tags?post=97606"}],"curies":[{"name":"wp","href":"https:\/\/api.w.org\/{rel}","templated":true}]}}